{"id":318993,"date":"2021-03-26T18:04:54","date_gmt":"2021-03-26T15:04:54","guid":{"rendered":"http:\/\/arantv.az\/?p=318993"},"modified":"2021-03-26T18:04:54","modified_gmt":"2021-03-26T15:04:54","slug":"az%c9%99rbaycan-maskadan-istifad%c9%99y%c9%99-gor%c9%99-c%c9%99nubi-qafqazda-liderdir-arasdirma","status":"publish","type":"post","link":"https:\/\/arantv.az\/?p=318993","title":{"rendered":"Az\u0259rbaycan maskadan istifad\u0259y\u0259 g\u00f6r\u0259 C\u0259nubi Qafqazda liderdir &#8211; ARA\u015eDIRMA"},"content":{"rendered":"<p>Az\u0259rbaycan C\u0259nubi Qafqaz \u00f6lk\u0259l\u0259ri aras\u0131nda qoruyucu maskadan istifad\u0259 f\u0259all\u0131\u011f\u0131na g\u00f6r\u0259 birinci yerd\u0259dir.<\/p>\n<p>\u201cReport\u201dun G\u00fcrc\u00fcstan b\u00fcrosu x\u0259b\u0259r verir ki, bu bar\u0259d\u0259 Sa\u011flaml\u0131q G\u00f6st\u0259ricil\u0259ri v\u0259 Qiym\u0259tl\u0259ndirilm\u0259si \u0130nstitutunun (Institute for Health Metrics and Evaluation) hesabat\u0131nda bildirilib.<\/p>\n<p>S\u0259n\u0259d\u0259 \u0259sas\u0259n, Az\u0259rbaycanda \u0259hali aras\u0131nda maskadan istifad\u0259 g\u00f6st\u0259ricisi\u00a078 faiz t\u0259\u015fkil edir. G\u00fcrc\u00fcstanda bu g\u00f6st\u0259rici\u00a043 faiz, Erm\u0259nistanda is\u0259\u00a038 faiz\u0259 b\u0259rab\u0259rdir.<\/p>\n<p>Ara\u015fd\u0131rmada d\u00fcnyada maska rejimin\u0259 riay\u0259t etm\u0259k f\u0259all\u0131\u011f\u0131 \u00fczr\u0259 orta g\u00f6st\u0259ricinin\u00a062 faiz oldu\u011fu qeyd olunub.<\/p>\n<p>G\u00f6st\u0259ricil\u0259r x\u00fcsusi aerofoto\u00e7\u0259kili\u015f texnologiyas\u0131 vasit\u0259sil\u0259 \u0259ld\u0259 olunub.<\/p>\n","protected":false},"excerpt":{"rendered":"<p>Az\u0259rbaycan C\u0259nubi Qafqaz \u00f6lk\u0259l\u0259ri aras\u0131nda qoruyucu maskadan istifad\u0259 f\u0259all\u0131\u011f\u0131na g\u00f6r\u0259 birinci yerd\u0259dir. \u201cReport\u201dun G\u00fcrc\u00fcstan b\u00fcrosu x\u0259b\u0259r verir ki, bu bar\u0259d\u0259 Sa\u011flaml\u0131q G\u00f6st\u0259ricil\u0259ri v\u0259 Qiym\u0259tl\u0259ndirilm\u0259si \u0130nstitutunun (Institute for Health Metrics and Evaluation) hesabat\u0131nda bildirilib. S\u0259n\u0259d\u0259 \u0259sas\u0259n, Az\u0259rbaycanda \u0259hali aras\u0131nda maskadan istifad\u0259 g\u00f6st\u0259ricisi\u00a078 faiz t\u0259\u015fkil edir. G\u00fcrc\u00fcstanda bu g\u00f6st\u0259rici\u00a043 faiz, Erm\u0259nistanda is\u0259\u00a038 faiz\u0259 b\u0259rab\u0259rdir. Ara\u015fd\u0131rmada d\u00fcnyada maska rejimin\u0259 riay\u0259t etm\u0259k f\u0259all\u0131\u011f\u0131 \u00fczr\u0259 orta g\u00f6st\u0259ricinin\u00a062 faiz oldu\u011fu qeyd olunub. G\u00f6st\u0259ricil\u0259r x\u00fcsusi aerofoto\u00e7\u0259kili\u015f texnologiyas\u0131 vasit\u0259sil\u0259 \u0259ld\u0259 olunub.<\/p>\n","protected":false},"author":2,"featured_media":318994,"comment_status":"closed","ping_status":"closed","sticky":false,"template":"","format":"standard","meta":{"om_disable_all_campaigns":false,"_monsterinsights_skip_tracking":false,"_monsterinsights_sitenote_active":false,"_monsterinsights_sitenote_note":"","_monsterinsights_sitenote_category":0},"categories":[26],"tags":[],"aioseo_notices":[],"gutentor_comment":0,"rttpg_featured_image_url":{"full":["https:\/\/arantv.az\/wp-content\/uploads\/2021\/03\/pexels-photo-3962265.jpg",620,413,false],"landscape":["https:\/\/arantv.az\/wp-content\/uploads\/2021\/03\/pexels-photo-3962265.jpg",620,413,false],"portraits":["https:\/\/arantv.az\/wp-content\/uploads\/2021\/03\/pexels-photo-3962265.jpg",620,413,false],"thumbnail":["https:\/\/arantv.az\/wp-content\/uploads\/2021\/03\/pexels-photo-3962265-150x150.jpg",150,150,true],"medium":["https:\/\/arantv.az\/wp-content\/uploads\/2021\/03\/pexels-photo-3962265-300x200.jpg",300,200,true],"large":["https:\/\/arantv.az\/wp-content\/uploads\/2021\/03\/pexels-photo-3962265.jpg",620,413,false],"1536x1536":["https:\/\/arantv.az\/wp-content\/uploads\/2021\/03\/pexels-photo-3962265.jpg",620,413,false],"2048x2048":["https:\/\/arantv.az\/wp-content\/uploads\/2021\/03\/pexels-photo-3962265.jpg",620,413,false],"post-thumbnail":["https:\/\/arantv.az\/wp-content\/uploads\/2021\/03\/pexels-photo-3962265-240x172.jpg",240,172,true],"advps-thumb-one":["https:\/\/arantv.az\/wp-content\/uploads\/2021\/03\/pexels-photo-3962265.jpg",620,413,false]},"rttpg_author":{"display_name":"V\u00fcsal Rafiqo\u011flu","author_link":"https:\/\/arantv.az\/?author=2"},"rttpg_comment":0,"rttpg_category":"<a href=\"https:\/\/arantv.az\/?cat=26\" rel=\"category\">Sosial<\/a>","rttpg_excerpt":"Az\u0259rbaycan C\u0259nubi Qafqaz \u00f6lk\u0259l\u0259ri aras\u0131nda qoruyucu maskadan istifad\u0259 f\u0259all\u0131\u011f\u0131na g\u00f6r\u0259 birinci yerd\u0259dir. \u201cReport\u201dun G\u00fcrc\u00fcstan b\u00fcrosu x\u0259b\u0259r verir ki, bu bar\u0259d\u0259 Sa\u011flaml\u0131q G\u00f6st\u0259ricil\u0259ri v\u0259 Qiym\u0259tl\u0259ndirilm\u0259si \u0130nstitutunun (Institute for Health Metrics and Evaluation) hesabat\u0131nda bildirilib. S\u0259n\u0259d\u0259 \u0259sas\u0259n, Az\u0259rbaycanda \u0259hali aras\u0131nda maskadan istifad\u0259 g\u00f6st\u0259ricisi\u00a078 faiz t\u0259\u015fkil edir. G\u00fcrc\u00fcstanda bu g\u00f6st\u0259rici\u00a043 faiz, Erm\u0259nistanda is\u0259\u00a038 faiz\u0259 b\u0259rab\u0259rdir. Ara\u015fd\u0131rmada d\u00fcnyada maska&hellip;","_links":{"self":[{"href":"https:\/\/arantv.az\/index.php?rest_route=\/wp\/v2\/posts\/318993"}],"collection":[{"href":"https:\/\/arantv.az\/index.php?rest_route=\/wp\/v2\/posts"}],"about":[{"href":"https:\/\/arantv.az\/index.php?rest_route=\/wp\/v2\/types\/post"}],"author":[{"embeddable":true,"href":"https:\/\/arantv.az\/index.php?rest_route=\/wp\/v2\/users\/2"}],"replies":[{"embeddable":true,"href":"https:\/\/arantv.az\/index.php?rest_route=%2Fwp%2Fv2%2Fcomments&post=318993"}],"version-history":[{"count":0,"href":"https:\/\/arantv.az\/index.php?rest_route=\/wp\/v2\/posts\/318993\/revisions"}],"wp:featuredmedia":[{"embeddable":true,"href":"https:\/\/arantv.az\/index.php?rest_route=\/wp\/v2\/media\/318994"}],"wp:attachment":[{"href":"https:\/\/arantv.az\/index.php?rest_route=%2Fwp%2Fv2%2Fmedia&parent=318993"}],"wp:term":[{"taxonomy":"category","embeddable":true,"href":"https:\/\/arantv.az\/index.php?rest_route=%2Fwp%2Fv2%2Fcategories&post=318993"},{"taxonomy":"post_tag","embeddable":true,"href":"https:\/\/arantv.az\/index.php?rest_route=%2Fwp%2Fv2%2Ftags&post=318993"}],"curies":[{"name":"wp","href":"https:\/\/api.w.org\/{rel}","templated":true}]}}