{"id":319001,"date":"2021-03-26T18:07:02","date_gmt":"2021-03-26T15:07:02","guid":{"rendered":"http:\/\/arantv.az\/?p=319001"},"modified":"2021-03-26T18:07:02","modified_gmt":"2021-03-26T15:07:02","slug":"goygold%c9%99-tapilan-meyitin-s%c9%99xsiyy%c9%99ti-m%c9%99lum-olub-yenil%c9%99nib","status":"publish","type":"post","link":"https:\/\/arantv.az\/?p=319001","title":{"rendered":"G\u00f6yg\u00f6ld\u0259 tap\u0131lan meyitin \u015f\u0259xsiyy\u0259ti m\u0259lum olub &#8211; YEN\u0130L\u018fN\u0130B"},"content":{"rendered":"<p>G\u00f6yg\u00f6ld\u0259 meyti tap\u0131lan\u0131n \u015f\u0259xsiyy\u0259ti m\u0259lum olub.<\/p>\n<p><strong>ARANTV.AZ\u00a0<\/strong>\u00a0x\u0259b\u0259r verir ki, meyiti a\u015fkarlanan, G\u0259nc\u0259 \u015f\u0259h\u0259r sakini, 1936-c\u0131 il t\u0259v\u0259ll\u00fcdl\u00fc Qurbanov Sabir C\u0259lil o\u011fludur. O, mart\u0131n 19-dan itkin d\u00fc\u015f\u00fcb.<\/p>\n<p>Faktla ba\u011fl\u0131 ara\u015fd\u0131rma apar\u0131l\u0131r.<\/p>\n<div id=\"AdviadNativeVideo0\" class=\"AdviadNativeVideo\"><\/div>\n<p><strong>17:18<\/strong><\/p>\n<p>G\u00f6yg\u00f6l rayonunda kimliyi m\u0259lum olmayan meyit a\u015fkarlan\u0131b.<\/p>\n<p>H\u00fcquq-m\u00fchafiz\u0259 orqanlar\u0131ndan\u00a0Oxu.Az-a veril\u0259n m\u0259lumata g\u00f6r\u0259, meyit rayonun Qu\u015fqara k\u0259ndi \u0259razisind\u0259 a\u015fkarlan\u0131b. Meyitin ki\u015fi oldu\u011fu ehtimal olunur,\u00a0ara\u015fd\u0131rma apar\u0131l\u0131r.<\/p>\n","protected":false},"excerpt":{"rendered":"<p>G\u00f6yg\u00f6ld\u0259 meyti tap\u0131lan\u0131n \u015f\u0259xsiyy\u0259ti m\u0259lum olub. ARANTV.AZ\u00a0\u00a0x\u0259b\u0259r verir ki, meyiti a\u015fkarlanan, G\u0259nc\u0259 \u015f\u0259h\u0259r sakini, 1936-c\u0131 il t\u0259v\u0259ll\u00fcdl\u00fc Qurbanov Sabir C\u0259lil o\u011fludur. O, mart\u0131n 19-dan itkin d\u00fc\u015f\u00fcb. Faktla ba\u011fl\u0131 ara\u015fd\u0131rma apar\u0131l\u0131r. 17:18 G\u00f6yg\u00f6l rayonunda kimliyi m\u0259lum olmayan meyit a\u015fkarlan\u0131b. H\u00fcquq-m\u00fchafiz\u0259 orqanlar\u0131ndan\u00a0Oxu.Az-a veril\u0259n m\u0259lumata g\u00f6r\u0259, meyit rayonun Qu\u015fqara k\u0259ndi \u0259razisind\u0259 a\u015fkarlan\u0131b. Meyitin ki\u015fi oldu\u011fu ehtimal olunur,\u00a0ara\u015fd\u0131rma apar\u0131l\u0131r.<\/p>\n","protected":false},"author":2,"featured_media":319002,"comment_status":"closed","ping_status":"closed","sticky":false,"template":"","format":"standard","meta":{"om_disable_all_campaigns":false,"_monsterinsights_skip_tracking":false,"_monsterinsights_sitenote_active":false,"_monsterinsights_sitenote_note":"","_monsterinsights_sitenote_category":0},"categories":[5],"tags":[],"aioseo_notices":[],"gutentor_comment":0,"rttpg_featured_image_url":{"full":["https:\/\/arantv.az\/wp-content\/uploads\/2021\/03\/nm.jpg",620,390,false],"landscape":["https:\/\/arantv.az\/wp-content\/uploads\/2021\/03\/nm.jpg",620,390,false],"portraits":["https:\/\/arantv.az\/wp-content\/uploads\/2021\/03\/nm.jpg",620,390,false],"thumbnail":["https:\/\/arantv.az\/wp-content\/uploads\/2021\/03\/nm-150x150.jpg",150,150,true],"medium":["https:\/\/arantv.az\/wp-content\/uploads\/2021\/03\/nm-300x189.jpg",300,189,true],"large":["https:\/\/arantv.az\/wp-content\/uploads\/2021\/03\/nm.jpg",620,390,false],"1536x1536":["https:\/\/arantv.az\/wp-content\/uploads\/2021\/03\/nm.jpg",620,390,false],"2048x2048":["https:\/\/arantv.az\/wp-content\/uploads\/2021\/03\/nm.jpg",620,390,false],"post-thumbnail":["https:\/\/arantv.az\/wp-content\/uploads\/2021\/03\/nm-240x172.jpg",240,172,true],"advps-thumb-one":["https:\/\/arantv.az\/wp-content\/uploads\/2021\/03\/nm.jpg",620,390,false]},"rttpg_author":{"display_name":"V\u00fcsal Rafiqo\u011flu","author_link":"https:\/\/arantv.az\/?author=2"},"rttpg_comment":0,"rttpg_category":"<a href=\"https:\/\/arantv.az\/?cat=5\" rel=\"category\">Hadis\u0259<\/a>","rttpg_excerpt":"G\u00f6yg\u00f6ld\u0259 meyti tap\u0131lan\u0131n \u015f\u0259xsiyy\u0259ti m\u0259lum olub. ARANTV.AZ\u00a0\u00a0x\u0259b\u0259r verir ki, meyiti a\u015fkarlanan, G\u0259nc\u0259 \u015f\u0259h\u0259r sakini, 1936-c\u0131 il t\u0259v\u0259ll\u00fcdl\u00fc Qurbanov Sabir C\u0259lil o\u011fludur. O, mart\u0131n 19-dan itkin d\u00fc\u015f\u00fcb. Faktla ba\u011fl\u0131 ara\u015fd\u0131rma apar\u0131l\u0131r. 17:18 G\u00f6yg\u00f6l rayonunda kimliyi m\u0259lum olmayan meyit a\u015fkarlan\u0131b. H\u00fcquq-m\u00fchafiz\u0259 orqanlar\u0131ndan\u00a0Oxu.Az-a veril\u0259n m\u0259lumata g\u00f6r\u0259, meyit rayonun Qu\u015fqara k\u0259ndi \u0259razisind\u0259 a\u015fkarlan\u0131b. Meyitin ki\u015fi oldu\u011fu ehtimal olunur,\u00a0ara\u015fd\u0131rma apar\u0131l\u0131r.","_links":{"self":[{"href":"https:\/\/arantv.az\/index.php?rest_route=\/wp\/v2\/posts\/319001"}],"collection":[{"href":"https:\/\/arantv.az\/index.php?rest_route=\/wp\/v2\/posts"}],"about":[{"href":"https:\/\/arantv.az\/index.php?rest_route=\/wp\/v2\/types\/post"}],"author":[{"embeddable":true,"href":"https:\/\/arantv.az\/index.php?rest_route=\/wp\/v2\/users\/2"}],"replies":[{"embeddable":true,"href":"https:\/\/arantv.az\/index.php?rest_route=%2Fwp%2Fv2%2Fcomments&post=319001"}],"version-history":[{"count":0,"href":"https:\/\/arantv.az\/index.php?rest_route=\/wp\/v2\/posts\/319001\/revisions"}],"wp:featuredmedia":[{"embeddable":true,"href":"https:\/\/arantv.az\/index.php?rest_route=\/wp\/v2\/media\/319002"}],"wp:attachment":[{"href":"https:\/\/arantv.az\/index.php?rest_route=%2Fwp%2Fv2%2Fmedia&parent=319001"}],"wp:term":[{"taxonomy":"category","embeddable":true,"href":"https:\/\/arantv.az\/index.php?rest_route=%2Fwp%2Fv2%2Fcategories&post=319001"},{"taxonomy":"post_tag","embeddable":true,"href":"https:\/\/arantv.az\/index.php?rest_route=%2Fwp%2Fv2%2Ftags&post=319001"}],"curies":[{"name":"wp","href":"https:\/\/api.w.org\/{rel}","templated":true}]}}