{"id":319005,"date":"2021-03-26T18:08:01","date_gmt":"2021-03-26T15:08:01","guid":{"rendered":"http:\/\/arantv.az\/?p=319005"},"modified":"2021-03-26T18:08:01","modified_gmt":"2021-03-26T15:08:01","slug":"%c9%99rdogan-turkiy%c9%99d%c9%99-vaksinasiyanin-bit%c9%99c%c9%99yi-vaxti-aciqladi-video","status":"publish","type":"post","link":"https:\/\/arantv.az\/?p=319005","title":{"rendered":"\u018frdo\u011fan T\u00fcrkiy\u0259d\u0259 vaksinasiyan\u0131n bit\u0259c\u0259yi vaxt\u0131 a\u00e7\u0131qlad\u0131 &#8211; V\u0130DEO"},"content":{"rendered":"<p>T\u00fcrkiy\u0259 Prezidenti R\u0259c\u0259b Tayyib \u018frdo\u011fan c\u00fcm\u0259 namaz\u0131ndan sonra jurnalistl\u0259rin suallar\u0131n\u0131 cavabland\u0131r\u0131b.<\/p>\n<p>\u201cHaber Global\u201d\u0131n m\u0259lumat\u0131na g\u00f6r\u0259, d\u00f6vl\u0259t ba\u015f\u00e7\u0131s\u0131 bir s\u0131ra maraql\u0131 a\u00e7\u0131qlamalar verib.<\/p>\n<article class=\"news\">\n<div class=\"news-inner\">\n<p>Prezident bildirib ki, yayad\u0259k \u00f6lk\u0259d\u0259 apar\u0131lan koronavirusa qar\u015f\u0131 vaksinasiya prosesinin sona \u00e7atd\u0131r\u0131lmas\u0131 planla\u015fd\u0131r\u0131l\u0131r.<\/p>\n<p>\u201cVaksinasiyan\u0131n may-iyunda bit\u0259c\u0259yin\u0259 v\u0259 yay \u00fc\u00e7\u00fcn n\u0259hay\u0259t ki, normal h\u0259yat t\u0259rzin\u0259 qay\u0131daca\u011f\u0131m\u0131za \u00fcmid edirik. Biz \u00c7inl\u0259 100 milyon dozal\u0131q peyv\u0259nd al\u0131nmas\u0131 bar\u0259d\u0259 raz\u0131la\u015fm\u0131\u015f\u0131q. Sifari\u015fin yar\u0131s\u0131 h\u0259l\u0259 ki, biz\u0259 \u00e7atd\u0131r\u0131lmay\u0131b. Bununla yana\u015f\u0131, biz dig\u0259r \u00f6lk\u0259l\u0259r, o c\u00fcml\u0259d\u0259n d\u0259 Rusiya il\u0259 d\u0259 dan\u0131\u015f\u0131qlar apar\u0131r\u0131q. \u018flav\u0259 vaksinl\u0259r i\u015fimizi daha da asanla\u015fd\u0131racaq\u201d, &#8211; dey\u0259 \u018frdo\u011fan qeyd edib.<\/p>\n<div><iframe loading=\"lazy\" title=\"YouTube video player\" src=\"https:\/\/www.youtube.com\/embed\/1tbrqyGfns8\" width=\"560\" height=\"315\" frameborder=\"0\" allowfullscreen=\"allowfullscreen\" data-mce-fragment=\"1\"><\/iframe><\/div>\n<\/div>\n<\/article>\n<h2 class=\"news-share-title\"><\/h2>\n","protected":false},"excerpt":{"rendered":"<p>T\u00fcrkiy\u0259 Prezidenti R\u0259c\u0259b Tayyib \u018frdo\u011fan c\u00fcm\u0259 namaz\u0131ndan sonra jurnalistl\u0259rin suallar\u0131n\u0131 cavabland\u0131r\u0131b. \u201cHaber Global\u201d\u0131n m\u0259lumat\u0131na g\u00f6r\u0259, d\u00f6vl\u0259t ba\u015f\u00e7\u0131s\u0131 bir s\u0131ra maraql\u0131 a\u00e7\u0131qlamalar verib. Prezident bildirib ki, yayad\u0259k \u00f6lk\u0259d\u0259 apar\u0131lan koronavirusa qar\u015f\u0131 vaksinasiya prosesinin sona \u00e7atd\u0131r\u0131lmas\u0131 planla\u015fd\u0131r\u0131l\u0131r. \u201cVaksinasiyan\u0131n may-iyunda bit\u0259c\u0259yin\u0259 v\u0259 yay \u00fc\u00e7\u00fcn n\u0259hay\u0259t ki, normal h\u0259yat t\u0259rzin\u0259 qay\u0131daca\u011f\u0131m\u0131za \u00fcmid edirik. Biz \u00c7inl\u0259 100 milyon dozal\u0131q peyv\u0259nd al\u0131nmas\u0131 bar\u0259d\u0259 raz\u0131la\u015fm\u0131\u015f\u0131q. Sifari\u015fin yar\u0131s\u0131 h\u0259l\u0259 ki, biz\u0259 \u00e7atd\u0131r\u0131lmay\u0131b. Bununla yana\u015f\u0131, biz dig\u0259r \u00f6lk\u0259l\u0259r, o c\u00fcml\u0259d\u0259n d\u0259 Rusiya il\u0259 d\u0259 dan\u0131\u015f\u0131qlar apar\u0131r\u0131q. \u018flav\u0259 vaksinl\u0259r i\u015fimizi daha da asanla\u015fd\u0131racaq\u201d, &#8211; dey\u0259 \u018frdo\u011fan qeyd edib.<\/p>\n","protected":false},"author":2,"featured_media":319006,"comment_status":"closed","ping_status":"closed","sticky":false,"template":"","format":"standard","meta":{"om_disable_all_campaigns":false,"_monsterinsights_skip_tracking":false,"_monsterinsights_sitenote_active":false,"_monsterinsights_sitenote_note":"","_monsterinsights_sitenote_category":0},"categories":[7],"tags":[],"aioseo_notices":[],"gutentor_comment":0,"rttpg_featured_image_url":{"full":["https:\/\/arantv.az\/wp-content\/uploads\/2021\/03\/5fef0a7f55427e20b0dc550b.jpg",620,349,false],"landscape":["https:\/\/arantv.az\/wp-content\/uploads\/2021\/03\/5fef0a7f55427e20b0dc550b.jpg",620,349,false],"portraits":["https:\/\/arantv.az\/wp-content\/uploads\/2021\/03\/5fef0a7f55427e20b0dc550b.jpg",620,349,false],"thumbnail":["https:\/\/arantv.az\/wp-content\/uploads\/2021\/03\/5fef0a7f55427e20b0dc550b-150x150.jpg",150,150,true],"medium":["https:\/\/arantv.az\/wp-content\/uploads\/2021\/03\/5fef0a7f55427e20b0dc550b-300x169.jpg",300,169,true],"large":["https:\/\/arantv.az\/wp-content\/uploads\/2021\/03\/5fef0a7f55427e20b0dc550b.jpg",620,349,false],"1536x1536":["https:\/\/arantv.az\/wp-content\/uploads\/2021\/03\/5fef0a7f55427e20b0dc550b.jpg",620,349,false],"2048x2048":["https:\/\/arantv.az\/wp-content\/uploads\/2021\/03\/5fef0a7f55427e20b0dc550b.jpg",620,349,false],"post-thumbnail":["https:\/\/arantv.az\/wp-content\/uploads\/2021\/03\/5fef0a7f55427e20b0dc550b-240x172.jpg",240,172,true],"advps-thumb-one":["https:\/\/arantv.az\/wp-content\/uploads\/2021\/03\/5fef0a7f55427e20b0dc550b.jpg",620,349,false]},"rttpg_author":{"display_name":"V\u00fcsal Rafiqo\u011flu","author_link":"https:\/\/arantv.az\/?author=2"},"rttpg_comment":0,"rttpg_category":"<a href=\"https:\/\/arantv.az\/?cat=7\" rel=\"category\">D\u00fcnya<\/a>","rttpg_excerpt":"T\u00fcrkiy\u0259 Prezidenti R\u0259c\u0259b Tayyib \u018frdo\u011fan c\u00fcm\u0259 namaz\u0131ndan sonra jurnalistl\u0259rin suallar\u0131n\u0131 cavabland\u0131r\u0131b. \u201cHaber Global\u201d\u0131n m\u0259lumat\u0131na g\u00f6r\u0259, d\u00f6vl\u0259t ba\u015f\u00e7\u0131s\u0131 bir s\u0131ra maraql\u0131 a\u00e7\u0131qlamalar verib. Prezident bildirib ki, yayad\u0259k \u00f6lk\u0259d\u0259 apar\u0131lan koronavirusa qar\u015f\u0131 vaksinasiya prosesinin sona \u00e7atd\u0131r\u0131lmas\u0131 planla\u015fd\u0131r\u0131l\u0131r. \u201cVaksinasiyan\u0131n may-iyunda bit\u0259c\u0259yin\u0259 v\u0259 yay \u00fc\u00e7\u00fcn n\u0259hay\u0259t ki, normal h\u0259yat t\u0259rzin\u0259 qay\u0131daca\u011f\u0131m\u0131za \u00fcmid edirik. Biz \u00c7inl\u0259 100 milyon dozal\u0131q peyv\u0259nd&hellip;","_links":{"self":[{"href":"https:\/\/arantv.az\/index.php?rest_route=\/wp\/v2\/posts\/319005"}],"collection":[{"href":"https:\/\/arantv.az\/index.php?rest_route=\/wp\/v2\/posts"}],"about":[{"href":"https:\/\/arantv.az\/index.php?rest_route=\/wp\/v2\/types\/post"}],"author":[{"embeddable":true,"href":"https:\/\/arantv.az\/index.php?rest_route=\/wp\/v2\/users\/2"}],"replies":[{"embeddable":true,"href":"https:\/\/arantv.az\/index.php?rest_route=%2Fwp%2Fv2%2Fcomments&post=319005"}],"version-history":[{"count":0,"href":"https:\/\/arantv.az\/index.php?rest_route=\/wp\/v2\/posts\/319005\/revisions"}],"wp:featuredmedia":[{"embeddable":true,"href":"https:\/\/arantv.az\/index.php?rest_route=\/wp\/v2\/media\/319006"}],"wp:attachment":[{"href":"https:\/\/arantv.az\/index.php?rest_route=%2Fwp%2Fv2%2Fmedia&parent=319005"}],"wp:term":[{"taxonomy":"category","embeddable":true,"href":"https:\/\/arantv.az\/index.php?rest_route=%2Fwp%2Fv2%2Fcategories&post=319005"},{"taxonomy":"post_tag","embeddable":true,"href":"https:\/\/arantv.az\/index.php?rest_route=%2Fwp%2Fv2%2Ftags&post=319005"}],"curies":[{"name":"wp","href":"https:\/\/api.w.org\/{rel}","templated":true}]}}