{"id":319010,"date":"2021-03-26T18:09:45","date_gmt":"2021-03-26T15:09:45","guid":{"rendered":"http:\/\/arantv.az\/?p=319010"},"modified":"2021-03-26T18:09:45","modified_gmt":"2021-03-26T15:09:45","slug":"prezident-ilham-%c9%99liyevin-ir%c9%99li-surduyu-t%c9%99s%c9%99bbus-%c9%99sasinda-bmt-d%c9%99-q%c9%99bul-edil%c9%99n-q%c9%99tnam%c9%99-qlobal-h%c9%99mr%c9%99yliyin-t%c9%99c%c9%99ssumudur","status":"publish","type":"post","link":"https:\/\/arantv.az\/?p=319010","title":{"rendered":"Prezident \u0130lham \u018fliyevin ir\u0259li s\u00fcrd\u00fcy\u00fc t\u0259\u015f\u0259bb\u00fcs \u0259sas\u0131nda BMT-d\u0259 q\u0259bul edil\u0259n q\u0259tnam\u0259 qlobal h\u0259mr\u0259yliyin t\u0259c\u0259ss\u00fcm\u00fcd\u00fcr"},"content":{"rendered":"<p>Mart\u0131n 23-d\u0259 BMT-nin \u0130nsan H\u00fcquqlar\u0131 \u015euras\u0131n\u0131n 46-c\u0131 sessiyas\u0131 \u00e7\u0259r\u00e7iv\u0259sind\u0259 Qo\u015fulmama H\u0259r\u0259kat\u0131n\u0131n s\u0259dri qismind\u0259 Az\u0259rbaycan\u0131n t\u0259\u015f\u0259bb\u00fcs\u00fc il\u0259 \u201cCOVID-19 \u0259leyhin\u0259 peyv\u0259ndl\u0259r\u0259 b\u0259rab\u0259r, m\u00fcnasib qiym\u0259t\u0259, vaxt\u0131nda v\u0259 universal \u0259l\u00e7atanl\u0131\u011f\u0131n t\u0259min edilm\u0259si\u201d adl\u0131 q\u0259tnam\u0259 q\u0259bul edilib. Bu q\u0259tnam\u0259nin q\u0259bul olundu\u011fu x\u00fcsusi sessiyan\u0131n t\u0259\u015f\u0259bb\u00fcs\u00fc \u00f6t\u0259n il koronavirusun b\u00fct\u00fcn d\u00fcnyan\u0131 \u0259hat\u0259 etm\u0259y\u0259 ba\u015flad\u0131\u011f\u0131 ilk d\u00f6vrl\u0259rd\u0259 Qo\u015fulmama H\u0259r\u0259kat\u0131n\u0131n d\u00f6vl\u0259t v\u0259 h\u00f6kum\u0259t ba\u015f\u00e7\u0131lar\u0131 s\u0259viyy\u0259sind\u0259 ke\u00e7iril\u0259n onlayn Zirv\u0259 g\u00f6r\u00fc\u015f\u00fcnd\u0259 Prezident \u0130lham \u018fliyev t\u0259r\u0259find\u0259n ir\u0259li s\u00fcr\u00fcl\u00fcb v\u0259 130-dan \u00e7ox \u00f6lk\u0259nin d\u0259st\u0259yini al\u0131b. B\u00fct\u00fcn d\u00fcnyan\u0131n COVID-19 pandemiyas\u0131 il\u0259 m\u00fcbariz\u0259 apard\u0131\u011f\u0131 d\u00f6vrd\u0259 Az\u0259rbaycan\u0131n bel\u0259 bir t\u0259\u015f\u0259bb\u00fcsl\u0259 \u00e7\u0131x\u0131\u015f etm\u0259si s\u00f6zs\u00fcz ki, \u00f6lk\u0259 r\u0259hb\u0259rliyinin beyn\u0259lxalq arenada birlik v\u0259 d\u00fcnya \u00f6lk\u0259l\u0259rinin qar\u015f\u0131l\u0131ql\u0131 s\u0259m\u0259r\u0259li f\u0259aliyy\u0259ti \u00fc\u00e7\u00fcn t\u0259r\u0259fda\u015fl\u0131\u011fa daim a\u00e7\u0131q oldu\u011funu g\u00f6st\u0259rdi.<\/p>\n<p><strong>ARANTV.AZ<\/strong>-\u0131n m\u0259lumat\u0131na g\u00f6r\u0259, bu fikirl\u0259ri\u00a0AZ\u018fRTAC-a a\u00e7\u0131qlamas\u0131nda Milli M\u0259clisin deputat\u0131 \u015eahin Seyidzad\u0259 bildirib.<\/p>\n<p>\u015e.Seyidzad\u0259 deyib ki, d\u00fcnya \u00f6lk\u0259l\u0259rinin m\u00fcbariz\u0259 apard\u0131\u011f\u0131 koronavirus pandemiyas\u0131 d\u00f6vr\u00fcnd\u0259 Az\u0259rbaycan \u00f6z t\u0259\u015f\u0259bb\u00fcskarl\u0131\u011f\u0131n\u0131 n\u00fcmayi\u015f etdirdi. D\u00f6vl\u0259timizin ba\u015f\u00e7\u0131s\u0131 \u0130lham \u018fliyevin dig\u0259r \u00f6lk\u0259l\u0259r t\u0259r\u0259find\u0259n q\u0259bul edil\u0259r\u0259k y\u00fcks\u0259k qiym\u0259tl\u0259ndiril\u0259n dig\u0259r t\u0259\u015f\u0259bb\u00fcs\u00fc is\u0259 m\u0259hz vaksinl\u0259rin \u0259dal\u0259tsiz v\u0259 qeyri-b\u0259rab\u0259r paylanmas\u0131n\u0131n aradan qald\u0131r\u0131lmas\u0131 il\u0259 ba\u011fl\u0131 olub. S\u00f6zs\u00fcz ki, indiki d\u00f6vrd\u0259 h\u0259lli \u00e7ox vacib olan bel\u0259 bir m\u00f6vzuda Az\u0259rbaycan bu add\u0131m\u0131 il\u0259 se\u00e7ildi. Prezident \u0130lham \u018fliyevin r\u0259hb\u0259rliyi il\u0259 koronavirusla m\u00fcbariz\u0259d\u0259 birlikd\u0259 g\u00fccl\u00fc oldu\u011fumuzu s\u00fcbut ed\u0259n add\u0131mlar\u0131n h\u0259m \u00f6lk\u0259 daxilind\u0259, h\u0259m d\u0259 beyn\u0259lxalq arenada at\u0131lmas\u0131 bir daha g\u00f6st\u0259rir ki, biz birlikd\u0259 g\u00fccl\u00fcy\u00fck.<\/p>\n<p>Deputat\u0131n s\u00f6zl\u0259rin\u0259 g\u00f6r\u0259, Prezident \u0130lham \u018fliyevin ir\u0259li s\u00fcrd\u00fcy\u00fc t\u0259\u015f\u0259bb\u00fcs \u0259sas\u0131nda q\u0259bul edil\u0259n q\u0259tnam\u0259d\u0259 \u0259sas m\u0259qamlardan biri d\u0259 odur ki, bu s\u0259n\u0259d pandemiyan\u0131n aradan qald\u0131r\u0131lmas\u0131nda qlobal h\u0259mr\u0259yliyin v\u0259 \u00e7oxt\u0259r\u0259fli \u0259m\u0259kda\u015fl\u0131\u011f\u0131n t\u0259c\u0259ss\u00fcm\u00fcd\u00fcr: \u201cPandemiyan\u0131n elan edildiyi ilk g\u00fcnl\u0259rd\u0259n \u00f6lk\u0259mizd\u0259 Prezident \u0130lham \u018fliyevin r\u0259hb\u0259rliyi v\u0259 g\u00f6st\u0259ri\u015fl\u0259ri il\u0259 apar\u0131lan i\u015fl\u0259r \u00e7\u0259r\u00e7iv\u0259sind\u0259 koronavirusla m\u00fcbariz\u0259d\u0259 kifay\u0259t q\u0259d\u0259r y\u00fcks\u0259k n\u0259tic\u0259l\u0259r \u0259ld\u0259 edilib. \u0130nsanlar\u0131n sa\u011flaml\u0131\u011f\u0131n\u0131n qorunmas\u0131, sosial paketl\u0259rin yarad\u0131lmas\u0131 il\u0259 izolyasiya t\u0259dbirl\u0259rin\u0259 \u0259m\u0259l ed\u0259n v\u0259t\u0259nda\u015flara d\u0259st\u0259yin g\u00f6st\u0259rilm\u0259si, eyni zamanda, yeni tibb m\u00fc\u0259ssis\u0259l\u0259rinin, gigiyenik vasit\u0259l\u0259r istehsal ed\u0259n zavodlar\u0131n f\u0259aliyy\u0259t\u0259 ba\u015flamas\u0131 d\u00f6vl\u0259tin bu m\u0259s\u0259l\u0259y\u0259 ciddi qay\u011f\u0131s\u0131n\u0131 v\u0259 diqq\u0259tini n\u00fcmayi\u015f etdirir. Az\u0259rbaycan v\u0259t\u0259nda\u015flar\u0131 da bu diqq\u0259t v\u0259 qay\u011f\u0131n\u0131n \u0259sas\u0131nda d\u00f6vl\u0259timizin ba\u015f\u00e7\u0131s\u0131n\u0131n siyas\u0259tini d\u0259st\u0259kl\u0259y\u0259r\u0259k, bizim birlikd\u0259 g\u00fccl\u00fc oldu\u011fumuzu s\u00fcbut etdil\u0259r. M\u0259hz bu birliyin yaratd\u0131\u011f\u0131 g\u00fcc BMT-d\u0259 q\u0259bul edil\u0259n q\u0259tnam\u0259d\u0259 qlobal h\u0259mr\u0259ylik v\u0259 \u00e7oxt\u0259r\u0259fli \u0259m\u0259kda\u015fl\u0131qda da \u00f6z\u00fcn\u00fc b\u00fcruz\u0259 verir. Az\u0259rbaycan Prezidentinin t\u0259\u015f\u0259bb\u00fcs\u00fcn\u00fcn d\u00fcnya \u00f6lk\u0259l\u0259ri t\u0259r\u0259find\u0259n yekdillikl\u0259 d\u0259st\u0259kl\u0259nm\u0259si s\u00fcbut edir ki, beyn\u0259lxalq arenada d\u00f6vl\u0259timizin ba\u015f\u00e7\u0131s\u0131na v\u0259 \u00f6lk\u0259miz\u0259 b\u00f6y\u00fck inam var, bu inam m\u00f6hk\u0259m birliy\u0259 \u0259saslan\u0131r\u201d.<\/p>\n<p>\u015eahin Seyidzad\u0259 qeyd edib ki, Erm\u0259nistan\u0131n bu t\u0259\u015f\u0259bb\u00fcs\u0259 qeyri-adekvat m\u00f6vqeyi h\u0259r zaman oldu\u011fu kimi, bu d\u0259f\u0259 d\u0259 u\u011fursuzluqla n\u0259tic\u0259l\u0259ndi. Az\u0259rbaycan\u0131n n\u00fcfuzlu \u00f6lk\u0259 olaraq b\u00fct\u00fcn d\u00f6vl\u0259tl\u0259rd\u0259n tam d\u0259st\u0259k almas\u0131, b\u00f6y\u00fck platformalarda s\u00f6z sahibi olmas\u0131, he\u00e7 \u015f\u00fcbh\u0259siz, Erm\u0259nistan t\u0259r\u0259find\u0259n xo\u015f qar\u015f\u0131lanm\u0131r. Bel\u0259 ki, q\u0259tnam\u0259nin q\u0259bul edilm\u0259si prosesind\u0259 Erm\u0259nistan bir s\u0131ra t\u0259klifl\u0259rinin n\u0259z\u0259r\u0259 al\u0131nmad\u0131\u011f\u0131n\u0131 qeyd ed\u0259r\u0259k etiraz\u0131n\u0131 bildirib. Lakin qloballa\u015fan d\u00fcnyada \u00f6lk\u0259l\u0259rin s\u0131x qar\u015f\u0131l\u0131ql\u0131 t\u0259r\u0259fda\u015fl\u0131q m\u00fcnasib\u0259tl\u0259ri qurdu\u011fu d\u00f6vrd\u0259, sad\u0259c\u0259, Az\u0259rbaycan t\u0259r\u0259find\u0259n ir\u0259li s\u00fcr\u00fcld\u00fcy\u00fc \u00fc\u00e7\u00fcn q\u0259tnam\u0259y\u0259 qar\u015f\u0131 \u00e7\u0131xan Erm\u0259nistan bu c\u0259hdd\u0259 d\u0259 u\u011fursuzluqla qar\u015f\u0131la\u015fd\u0131. Az\u0259rbaycan\u0131n n\u00fcfuzu v\u0259 d\u00fcnya \u00f6lk\u0259l\u0259ri il\u0259 qar\u015f\u0131l\u0131ql\u0131 f\u0259aliyy\u0259ti bir daha g\u00f6st\u0259rir ki, \u00f6lk\u0259miz h\u0259r zaman \u0259dal\u0259tli m\u00f6vqe n\u00fcmayi\u015f etdirir.<\/p>\n<p>Erm\u0259nistan\u0131n bu add\u0131m\u0131n\u0131n da \u00f6lk\u0259 olaraq onun imicin\u0259 x\u0259l\u0259l g\u0259tirdiyini dey\u0259n deputat vur\u011fulay\u0131b: \u201cErm\u0259nistan q\u0259tnam\u0259nin BMT Ba\u015f Assambleyas\u0131n\u0131n koronavirusa qar\u015f\u0131 X\u00fcsusi Sessiyas\u0131 kimi qlobal t\u0259\u015f\u0259bb\u00fcsl\u0259rin alq\u0131\u015fland\u0131\u011f\u0131 b\u0259ndi \u00fczr\u0259 konsensusa qo\u015fulmad\u0131\u011f\u0131n\u0131 b\u0259yan etdi. BMT-nin X\u00fcsusi Sessiyan\u0131n ke\u00e7irilm\u0259sin\u0259 d\u0259 b\u00fct\u00fcn \u00f6lk\u0259l\u0259r yekdillikl\u0259 s\u0259s verdiyi halda, Erm\u0259nistan t\u0259r\u0259fi t\u0259\u015f\u0259bb\u00fcs\u00fcn s\u0131rf Az\u0259rbaycan t\u0259r\u0259find\u0259n ir\u0259li s\u00fcr\u00fclm\u0259sin\u0259 g\u00f6r\u0259 \u00f6z q\u0259r\u0259zli m\u00f6vqeyini ortaya qoydu. Lakin burada \u0259sas m\u0259qam ondan ibar\u0259tdir ki, bu m\u0259s\u0259l\u0259 iki h\u0259ms\u0259rh\u0259d \u00f6lk\u0259ni deyil, b\u00fct\u00fcn d\u00fcnyan\u0131 maraqland\u0131ran, b\u00fct\u00fcn b\u0259\u015f\u0259riyy\u0259ti t\u0259hl\u00fck\u0259 il\u0259 \u00fcz-\u00fcz\u0259 qoyan probleml\u0259 ba\u011fl\u0131d\u0131r\u201d.<\/p>\n","protected":false},"excerpt":{"rendered":"<p>Mart\u0131n 23-d\u0259 BMT-nin \u0130nsan H\u00fcquqlar\u0131 \u015euras\u0131n\u0131n 46-c\u0131 sessiyas\u0131 \u00e7\u0259r\u00e7iv\u0259sind\u0259 Qo\u015fulmama H\u0259r\u0259kat\u0131n\u0131n s\u0259dri qismind\u0259 Az\u0259rbaycan\u0131n t\u0259\u015f\u0259bb\u00fcs\u00fc il\u0259 \u201cCOVID-19 \u0259leyhin\u0259 peyv\u0259ndl\u0259r\u0259 b\u0259rab\u0259r, m\u00fcnasib qiym\u0259t\u0259, vaxt\u0131nda v\u0259 universal \u0259l\u00e7atanl\u0131\u011f\u0131n t\u0259min edilm\u0259si\u201d adl\u0131 q\u0259tnam\u0259 q\u0259bul edilib. Bu q\u0259tnam\u0259nin q\u0259bul olundu\u011fu x\u00fcsusi sessiyan\u0131n t\u0259\u015f\u0259bb\u00fcs\u00fc \u00f6t\u0259n il koronavirusun b\u00fct\u00fcn d\u00fcnyan\u0131 \u0259hat\u0259 etm\u0259y\u0259 ba\u015flad\u0131\u011f\u0131 ilk d\u00f6vrl\u0259rd\u0259 Qo\u015fulmama H\u0259r\u0259kat\u0131n\u0131n d\u00f6vl\u0259t v\u0259 h\u00f6kum\u0259t ba\u015f\u00e7\u0131lar\u0131 s\u0259viyy\u0259sind\u0259 ke\u00e7iril\u0259n onlayn Zirv\u0259 g\u00f6r\u00fc\u015f\u00fcnd\u0259 Prezident \u0130lham \u018fliyev t\u0259r\u0259find\u0259n ir\u0259li s\u00fcr\u00fcl\u00fcb v\u0259 130-dan \u00e7ox \u00f6lk\u0259nin d\u0259st\u0259yini al\u0131b. B\u00fct\u00fcn d\u00fcnyan\u0131n COVID-19 pandemiyas\u0131 il\u0259 m\u00fcbariz\u0259 apard\u0131\u011f\u0131 d\u00f6vrd\u0259 Az\u0259rbaycan\u0131n bel\u0259 bir t\u0259\u015f\u0259bb\u00fcsl\u0259 \u00e7\u0131x\u0131\u015f etm\u0259si s\u00f6zs\u00fcz ki, \u00f6lk\u0259 r\u0259hb\u0259rliyinin&hellip;<\/p>\n","protected":false},"author":2,"featured_media":319011,"comment_status":"closed","ping_status":"closed","sticky":false,"template":"","format":"standard","meta":{"om_disable_all_campaigns":false,"_monsterinsights_skip_tracking":false,"_monsterinsights_sitenote_active":false,"_monsterinsights_sitenote_note":"","_monsterinsights_sitenote_category":0},"categories":[4],"tags":[],"aioseo_notices":[],"gutentor_comment":0,"rttpg_featured_image_url":{"full":["https:\/\/arantv.az\/wp-content\/uploads\/2021\/03\/ad7bdcaf161676071072221995810367638.jpg",975,540,false],"landscape":["https:\/\/arantv.az\/wp-content\/uploads\/2021\/03\/ad7bdcaf161676071072221995810367638.jpg",975,540,false],"portraits":["https:\/\/arantv.az\/wp-content\/uploads\/2021\/03\/ad7bdcaf161676071072221995810367638.jpg",975,540,false],"thumbnail":["https:\/\/arantv.az\/wp-content\/uploads\/2021\/03\/ad7bdcaf161676071072221995810367638-150x150.jpg",150,150,true],"medium":["https:\/\/arantv.az\/wp-content\/uploads\/2021\/03\/ad7bdcaf161676071072221995810367638-300x166.jpg",300,166,true],"large":["https:\/\/arantv.az\/wp-content\/uploads\/2021\/03\/ad7bdcaf161676071072221995810367638.jpg",640,354,false],"1536x1536":["https:\/\/arantv.az\/wp-content\/uploads\/2021\/03\/ad7bdcaf161676071072221995810367638.jpg",975,540,false],"2048x2048":["https:\/\/arantv.az\/wp-content\/uploads\/2021\/03\/ad7bdcaf161676071072221995810367638.jpg",975,540,false],"post-thumbnail":["https:\/\/arantv.az\/wp-content\/uploads\/2021\/03\/ad7bdcaf161676071072221995810367638-240x172.jpg",240,172,true],"advps-thumb-one":["https:\/\/arantv.az\/wp-content\/uploads\/2021\/03\/ad7bdcaf161676071072221995810367638.jpg",975,540,false]},"rttpg_author":{"display_name":"V\u00fcsal Rafiqo\u011flu","author_link":"https:\/\/arantv.az\/?author=2"},"rttpg_comment":0,"rttpg_category":"<a href=\"https:\/\/arantv.az\/?cat=4\" rel=\"category\">Siyas\u0259t<\/a>","rttpg_excerpt":"Mart\u0131n 23-d\u0259 BMT-nin \u0130nsan H\u00fcquqlar\u0131 \u015euras\u0131n\u0131n 46-c\u0131 sessiyas\u0131 \u00e7\u0259r\u00e7iv\u0259sind\u0259 Qo\u015fulmama H\u0259r\u0259kat\u0131n\u0131n s\u0259dri qismind\u0259 Az\u0259rbaycan\u0131n t\u0259\u015f\u0259bb\u00fcs\u00fc il\u0259 \u201cCOVID-19 \u0259leyhin\u0259 peyv\u0259ndl\u0259r\u0259 b\u0259rab\u0259r, m\u00fcnasib qiym\u0259t\u0259, vaxt\u0131nda v\u0259 universal \u0259l\u00e7atanl\u0131\u011f\u0131n t\u0259min edilm\u0259si\u201d adl\u0131 q\u0259tnam\u0259 q\u0259bul edilib. Bu q\u0259tnam\u0259nin q\u0259bul olundu\u011fu x\u00fcsusi sessiyan\u0131n t\u0259\u015f\u0259bb\u00fcs\u00fc \u00f6t\u0259n il koronavirusun b\u00fct\u00fcn d\u00fcnyan\u0131 \u0259hat\u0259 etm\u0259y\u0259 ba\u015flad\u0131\u011f\u0131 ilk d\u00f6vrl\u0259rd\u0259 Qo\u015fulmama H\u0259r\u0259kat\u0131n\u0131n d\u00f6vl\u0259t v\u0259 h\u00f6kum\u0259t ba\u015f\u00e7\u0131lar\u0131&hellip;","_links":{"self":[{"href":"https:\/\/arantv.az\/index.php?rest_route=\/wp\/v2\/posts\/319010"}],"collection":[{"href":"https:\/\/arantv.az\/index.php?rest_route=\/wp\/v2\/posts"}],"about":[{"href":"https:\/\/arantv.az\/index.php?rest_route=\/wp\/v2\/types\/post"}],"author":[{"embeddable":true,"href":"https:\/\/arantv.az\/index.php?rest_route=\/wp\/v2\/users\/2"}],"replies":[{"embeddable":true,"href":"https:\/\/arantv.az\/index.php?rest_route=%2Fwp%2Fv2%2Fcomments&post=319010"}],"version-history":[{"count":0,"href":"https:\/\/arantv.az\/index.php?rest_route=\/wp\/v2\/posts\/319010\/revisions"}],"wp:featuredmedia":[{"embeddable":true,"href":"https:\/\/arantv.az\/index.php?rest_route=\/wp\/v2\/media\/319011"}],"wp:attachment":[{"href":"https:\/\/arantv.az\/index.php?rest_route=%2Fwp%2Fv2%2Fmedia&parent=319010"}],"wp:term":[{"taxonomy":"category","embeddable":true,"href":"https:\/\/arantv.az\/index.php?rest_route=%2Fwp%2Fv2%2Fcategories&post=319010"},{"taxonomy":"post_tag","embeddable":true,"href":"https:\/\/arantv.az\/index.php?rest_route=%2Fwp%2Fv2%2Ftags&post=319010"}],"curies":[{"name":"wp","href":"https:\/\/api.w.org\/{rel}","templated":true}]}}