{"id":319034,"date":"2021-03-26T18:27:47","date_gmt":"2021-03-26T15:27:47","guid":{"rendered":"http:\/\/arantv.az\/?p=319034"},"modified":"2021-03-26T18:27:47","modified_gmt":"2021-03-26T15:27:47","slug":"ur%c9%99yim-turkiy%c9%99-canim-az%c9%99rbaycandir-pakistandan-moht%c9%99s%c9%99m-mahni-video","status":"publish","type":"post","link":"https:\/\/arantv.az\/?p=319034","title":{"rendered":"\u00dcr\u0259yim T\u00fcrkiy\u0259, can\u0131m Az\u0259rbaycand\u0131r &#8211; Pakistandan M\u00d6HT\u018f\u015e\u018fM MAHNI &#8211; V\u0130DEO"},"content":{"rendered":"<div class=\"post_content page_margin_top_section clearfix\">\n<div class=\"content_box\">\n<div class=\"text\">\n<p><strong>Pakistanl\u0131 s\u0259n\u0259t\u00e7i \u018fs\u0259d Qurey\u015fi T\u00fcrkiy\u0259-Az\u0259rbaycan-Pakistan aras\u0131ndak\u0131 m\u00f6hk\u0259m dostluq \u0259laq\u0259l\u0259rin\u0259 diqq\u0259t \u00e7\u0259km\u0259k \u00fc\u00e7\u00fcn mahn\u0131 haz\u0131rlay\u0131b.<\/strong><\/p>\n<p><b>ARANTV.AZ\u00a0<\/b>x\u0259b\u0259r verir ki, s\u0259n\u0259t\u00e7i mahns\u0131n\u0131 urdu dilind\u0259 ifa edib.<\/p>\n<p>Dostluq \u0259laq\u0259l\u0259rimiz\u0259 diqq\u0259t \u00e7\u0259k\u0259n mahn\u0131da &#8220;Dil Hai T\u00fcrkiy\u0259, Pakistan, Jan Hai Az\u0259rbaycan&#8221; (Q\u0259lbim T\u00fcrkiy\u0259 v\u0259 Pakistand\u0131r, can\u0131m Az\u0259rbaycand\u0131r) ifad\u0259l\u0259ri yer al\u0131b.<\/p>\n<p>Pakistan\u0131n Lahor \u015f\u0259h\u0259rind\u0259 \u00e7\u0259kil\u0259n klipd\u0259 T\u00fcrkiy\u0259 Prezidenti R\u0259c\u0259b Tayyib \u018frdo\u011fan, Az\u0259rbaycan Prezidenti \u0130lham \u018fliyev v\u0259 Pakistan Ba\u015f naziri \u0130mran Xan\u0131n g\u00f6r\u00fcnt\u00fcl\u0259rind\u0259n d\u0259 istifad\u0259 edilib.<\/p>\n<p><iframe loading=\"lazy\" src=\"https:\/\/www.dailymotion.com\/embed\/video\/x8077pl?api=postMessage&amp;apimode=json&amp;pubtool=pes&amp;embed-index=0&amp;id=my-dailymotion-player&amp;scalemode=fit&amp;autoplay=1&amp;highlight=000000&amp;controls=1&amp;logo=0&amp;info=0&amp;queue=0&amp;queue-autoplay-next=0&amp;sharing-enable=1\" width=\"100%\" height=\"100%\" frameborder=\"0\" allowfullscreen=\"allowfullscreen\" data-mce-fragment=\"1\"><\/iframe><\/p>\n<\/div>\n<\/div>\n<\/div>\n<div class=\"social_like\">\n<div>\n<div class=\"fb-like fb_iframe_widget\" data-href=\"\" data-layout=\"button_count\" data-action=\"recommend\" data-size=\"small\" data-show-faces=\"false\" data-share=\"false\"><\/div>\n<\/div>\n<\/div>\n","protected":false},"excerpt":{"rendered":"<p>Pakistanl\u0131 s\u0259n\u0259t\u00e7i \u018fs\u0259d Qurey\u015fi T\u00fcrkiy\u0259-Az\u0259rbaycan-Pakistan aras\u0131ndak\u0131 m\u00f6hk\u0259m dostluq \u0259laq\u0259l\u0259rin\u0259 diqq\u0259t \u00e7\u0259km\u0259k \u00fc\u00e7\u00fcn mahn\u0131 haz\u0131rlay\u0131b. ARANTV.AZ\u00a0x\u0259b\u0259r verir ki, s\u0259n\u0259t\u00e7i mahns\u0131n\u0131 urdu dilind\u0259 ifa edib. Dostluq \u0259laq\u0259l\u0259rimiz\u0259 diqq\u0259t \u00e7\u0259k\u0259n mahn\u0131da &#8220;Dil Hai T\u00fcrkiy\u0259, Pakistan, Jan Hai Az\u0259rbaycan&#8221; (Q\u0259lbim T\u00fcrkiy\u0259 v\u0259 Pakistand\u0131r, can\u0131m Az\u0259rbaycand\u0131r) ifad\u0259l\u0259ri yer al\u0131b. Pakistan\u0131n Lahor \u015f\u0259h\u0259rind\u0259 \u00e7\u0259kil\u0259n klipd\u0259 T\u00fcrkiy\u0259 Prezidenti R\u0259c\u0259b Tayyib \u018frdo\u011fan, Az\u0259rbaycan Prezidenti \u0130lham \u018fliyev v\u0259 Pakistan Ba\u015f naziri \u0130mran Xan\u0131n g\u00f6r\u00fcnt\u00fcl\u0259rind\u0259n d\u0259 istifad\u0259 edilib.<\/p>\n","protected":false},"author":2,"featured_media":319035,"comment_status":"closed","ping_status":"closed","sticky":false,"template":"","format":"standard","meta":{"om_disable_all_campaigns":false,"_monsterinsights_skip_tracking":false,"_monsterinsights_sitenote_active":false,"_monsterinsights_sitenote_note":"","_monsterinsights_sitenote_category":0},"categories":[19],"tags":[],"aioseo_notices":[],"gutentor_comment":0,"rttpg_featured_image_url":{"full":["https:\/\/arantv.az\/wp-content\/uploads\/2021\/03\/canim_azerbaycan.png",800,450,false],"landscape":["https:\/\/arantv.az\/wp-content\/uploads\/2021\/03\/canim_azerbaycan.png",800,450,false],"portraits":["https:\/\/arantv.az\/wp-content\/uploads\/2021\/03\/canim_azerbaycan.png",800,450,false],"thumbnail":["https:\/\/arantv.az\/wp-content\/uploads\/2021\/03\/canim_azerbaycan-150x150.png",150,150,true],"medium":["https:\/\/arantv.az\/wp-content\/uploads\/2021\/03\/canim_azerbaycan-300x169.png",300,169,true],"large":["https:\/\/arantv.az\/wp-content\/uploads\/2021\/03\/canim_azerbaycan.png",640,360,false],"1536x1536":["https:\/\/arantv.az\/wp-content\/uploads\/2021\/03\/canim_azerbaycan.png",800,450,false],"2048x2048":["https:\/\/arantv.az\/wp-content\/uploads\/2021\/03\/canim_azerbaycan.png",800,450,false],"post-thumbnail":["https:\/\/arantv.az\/wp-content\/uploads\/2021\/03\/canim_azerbaycan-240x172.png",240,172,true],"advps-thumb-one":["https:\/\/arantv.az\/wp-content\/uploads\/2021\/03\/canim_azerbaycan.png",800,450,false]},"rttpg_author":{"display_name":"V\u00fcsal Rafiqo\u011flu","author_link":"https:\/\/arantv.az\/?author=2"},"rttpg_comment":0,"rttpg_category":"<a href=\"https:\/\/arantv.az\/?cat=19\" rel=\"category\">G\u00fcnd\u0259m<\/a>","rttpg_excerpt":"Pakistanl\u0131 s\u0259n\u0259t\u00e7i \u018fs\u0259d Qurey\u015fi T\u00fcrkiy\u0259-Az\u0259rbaycan-Pakistan aras\u0131ndak\u0131 m\u00f6hk\u0259m dostluq \u0259laq\u0259l\u0259rin\u0259 diqq\u0259t \u00e7\u0259km\u0259k \u00fc\u00e7\u00fcn mahn\u0131 haz\u0131rlay\u0131b. ARANTV.AZ\u00a0x\u0259b\u0259r verir ki, s\u0259n\u0259t\u00e7i mahns\u0131n\u0131 urdu dilind\u0259 ifa edib. Dostluq \u0259laq\u0259l\u0259rimiz\u0259 diqq\u0259t \u00e7\u0259k\u0259n mahn\u0131da &#8220;Dil Hai T\u00fcrkiy\u0259, Pakistan, Jan Hai Az\u0259rbaycan&#8221; (Q\u0259lbim T\u00fcrkiy\u0259 v\u0259 Pakistand\u0131r, can\u0131m Az\u0259rbaycand\u0131r) ifad\u0259l\u0259ri yer al\u0131b. Pakistan\u0131n Lahor \u015f\u0259h\u0259rind\u0259 \u00e7\u0259kil\u0259n klipd\u0259 T\u00fcrkiy\u0259 Prezidenti R\u0259c\u0259b Tayyib \u018frdo\u011fan, Az\u0259rbaycan&hellip;","_links":{"self":[{"href":"https:\/\/arantv.az\/index.php?rest_route=\/wp\/v2\/posts\/319034"}],"collection":[{"href":"https:\/\/arantv.az\/index.php?rest_route=\/wp\/v2\/posts"}],"about":[{"href":"https:\/\/arantv.az\/index.php?rest_route=\/wp\/v2\/types\/post"}],"author":[{"embeddable":true,"href":"https:\/\/arantv.az\/index.php?rest_route=\/wp\/v2\/users\/2"}],"replies":[{"embeddable":true,"href":"https:\/\/arantv.az\/index.php?rest_route=%2Fwp%2Fv2%2Fcomments&post=319034"}],"version-history":[{"count":0,"href":"https:\/\/arantv.az\/index.php?rest_route=\/wp\/v2\/posts\/319034\/revisions"}],"wp:featuredmedia":[{"embeddable":true,"href":"https:\/\/arantv.az\/index.php?rest_route=\/wp\/v2\/media\/319035"}],"wp:attachment":[{"href":"https:\/\/arantv.az\/index.php?rest_route=%2Fwp%2Fv2%2Fmedia&parent=319034"}],"wp:term":[{"taxonomy":"category","embeddable":true,"href":"https:\/\/arantv.az\/index.php?rest_route=%2Fwp%2Fv2%2Fcategories&post=319034"},{"taxonomy":"post_tag","embeddable":true,"href":"https:\/\/arantv.az\/index.php?rest_route=%2Fwp%2Fv2%2Ftags&post=319034"}],"curies":[{"name":"wp","href":"https:\/\/api.w.org\/{rel}","templated":true}]}}