{"id":319275,"date":"2021-03-27T12:53:17","date_gmt":"2021-03-27T09:53:17","guid":{"rendered":"http:\/\/arantv.az\/?p=319275"},"modified":"2021-03-27T12:53:17","modified_gmt":"2021-03-27T09:53:17","slug":"31-mart-soyqiriminin-m%c9%99qs%c9%99di-baki-v%c9%99-abseronu-turkl%c9%99rd%c9%99n-t%c9%99mizl%c9%99m%c9%99k-olub","status":"publish","type":"post","link":"https:\/\/arantv.az\/?p=319275","title":{"rendered":"31 Mart soyq\u0131r\u0131m\u0131n\u0131n m\u0259qs\u0259di Bak\u0131 v\u0259 Ab\u015feronu t\u00fcrkl\u0259rd\u0259n t\u0259mizl\u0259m\u0259k olub"},"content":{"rendered":"<p>Erm\u0259nil\u0259rin az\u0259rbaycanl\u0131lara qar\u015f\u0131 t\u00f6r\u0259tdikl\u0259ri soyq\u0131r\u0131m\u0131lar\u0131n m\u0259qs\u0259di Bak\u0131 v\u0259 Ab\u015feronu t\u00fcrkl\u0259rd\u0259n t\u0259mizl\u0259m\u0259k olub.<\/p>\n<p><strong>ARANTV.AZ<\/strong>\u00a0 x\u0259b\u0259r verir ki, bunu mill\u0259t v\u0259kili, tarix\u00e7i Musa Qas\u0131ml\u0131 1918-ci il 31 Mart az\u0259rbaycanl\u0131lar\u0131n soyq\u0131r\u0131m\u0131 il\u0259 \u0259laq\u0259dar dan\u0131\u015fark\u0259n deyib.<\/p>\n<p><img src=\"https:\/\/ikisahil.az\/upload\/\/2019\/04\/24\/a142f742ec4549d4654a1484e86a8583_49318_23.jpg\" alt=\"\" \/>Trend-in m\u0259lumat\u0131na g\u00f6r\u0259, o\u00a0bildirib ki, erm\u0259nil\u0259rin t\u00f6r\u0259tdikl\u0259ri k\u00fctl\u0259vi q\u0131r\u011f\u0131nmlar\u0131n miqyas\u0131 1917-ci ilin pay\u0131z\u0131ndan C\u0259nubu Qafqazda ba\u015flay\u0131b: \u201c1918-ci ild\u0259 is\u0259 erm\u0259nil\u0259r C\u0259nubi Az\u0259rbaycan \u0259razisind\u0259 q\u0131r\u011f\u0131nlar t\u00f6r\u0259dib. Onlar Bak\u0131 neftini \u0259ld\u0259 saxlamaq ist\u0259yirdil\u0259r. M\u0259qs\u0259dl\u0259ri is\u0259 Bak\u0131ya n\u0259zar\u0259ti \u0259l\u0259 ke\u00e7irm\u0259kl\u0259 Orta Asiyaya n\u0259zar\u0259t etm\u0259k idi. T\u0259bii ki, onlar m\u0259qs\u0259dl\u0259rin\u0259 \u00e7ata bilm\u0259dil\u0259r. Az\u0259rbaycan \u00f6z\u00fcn\u00fcn m\u00fcst\u0259qilliyini elan etdi v\u0259 erm\u0259ni da\u015fnaklar\u0131n\u0131n niyy\u0259ti ba\u015f tutmad\u0131. O d\u00f6vr\u00fcn ingilis v\u0259 Amerika s\u0259n\u0259dl\u0259rind\u0259 g\u00f6st\u0259rilib ki, h\u0259min soyq\u0131r\u0131m\u0131da Bak\u0131n\u0131n 4\/1-i \u00f6ld\u00fcr\u00fcl\u00fcb. Bu is\u0259 120-125 min n\u0259f\u0259r dem\u0259kdir. O d\u00f6vrd\u0259 Az\u0259rbaycan d\u00f6vl\u0259ti g\u00fccl\u00fc olsayd\u0131, bu soyq\u0131r\u0131m\u0131na m\u0259ruz qalmazd\u0131\u201d.<\/p>\n<p>Musa Qas\u0131ml\u0131 qeyd edib ki, bu g\u00fcn Az\u0259rbaycan\u0131n g\u00fccl\u00fc ordusu, g\u00fccl\u00fc d\u00f6vl\u0259tinin say\u0259sind\u0259 i\u015f\u011fal alt\u0131nda olan Az\u0259rbaycan \u0259razil\u0259ri i\u015f\u011faldan azad edilib: \u201cBu g\u00fcn \u015eu\u015fa azadd\u0131r, Qaraba\u011f azadd\u0131r\u201d.<\/p>\n","protected":false},"excerpt":{"rendered":"<p>Erm\u0259nil\u0259rin az\u0259rbaycanl\u0131lara qar\u015f\u0131 t\u00f6r\u0259tdikl\u0259ri soyq\u0131r\u0131m\u0131lar\u0131n m\u0259qs\u0259di Bak\u0131 v\u0259 Ab\u015feronu t\u00fcrkl\u0259rd\u0259n t\u0259mizl\u0259m\u0259k olub. ARANTV.AZ\u00a0 x\u0259b\u0259r verir ki, bunu mill\u0259t v\u0259kili, tarix\u00e7i Musa Qas\u0131ml\u0131 1918-ci il 31 Mart az\u0259rbaycanl\u0131lar\u0131n soyq\u0131r\u0131m\u0131 il\u0259 \u0259laq\u0259dar dan\u0131\u015fark\u0259n deyib. Trend-in m\u0259lumat\u0131na g\u00f6r\u0259, o\u00a0bildirib ki, erm\u0259nil\u0259rin t\u00f6r\u0259tdikl\u0259ri k\u00fctl\u0259vi q\u0131r\u011f\u0131nmlar\u0131n miqyas\u0131 1917-ci ilin pay\u0131z\u0131ndan C\u0259nubu Qafqazda ba\u015flay\u0131b: \u201c1918-ci ild\u0259 is\u0259 erm\u0259nil\u0259r C\u0259nubi Az\u0259rbaycan \u0259razisind\u0259 q\u0131r\u011f\u0131nlar t\u00f6r\u0259dib. Onlar Bak\u0131 neftini \u0259ld\u0259 saxlamaq ist\u0259yirdil\u0259r. M\u0259qs\u0259dl\u0259ri is\u0259 Bak\u0131ya n\u0259zar\u0259ti \u0259l\u0259 ke\u00e7irm\u0259kl\u0259 Orta Asiyaya n\u0259zar\u0259t etm\u0259k idi. T\u0259bii ki, onlar m\u0259qs\u0259dl\u0259rin\u0259 \u00e7ata bilm\u0259dil\u0259r. Az\u0259rbaycan \u00f6z\u00fcn\u00fcn m\u00fcst\u0259qilliyini elan etdi v\u0259 erm\u0259ni da\u015fnaklar\u0131n\u0131n niyy\u0259ti ba\u015f&hellip;<\/p>\n","protected":false},"author":2,"featured_media":319282,"comment_status":"closed","ping_status":"closed","sticky":false,"template":"","format":"standard","meta":{"om_disable_all_campaigns":false,"_monsterinsights_skip_tracking":false,"_monsterinsights_sitenote_active":false,"_monsterinsights_sitenote_note":"","_monsterinsights_sitenote_category":0},"categories":[26],"tags":[],"aioseo_notices":[],"gutentor_comment":0,"rttpg_featured_image_url":{"full":["https:\/\/arantv.az\/wp-content\/uploads\/2021\/03\/8ab70731161683381428729920810743626.jpg",975,540,false],"landscape":["https:\/\/arantv.az\/wp-content\/uploads\/2021\/03\/8ab70731161683381428729920810743626.jpg",975,540,false],"portraits":["https:\/\/arantv.az\/wp-content\/uploads\/2021\/03\/8ab70731161683381428729920810743626.jpg",975,540,false],"thumbnail":["https:\/\/arantv.az\/wp-content\/uploads\/2021\/03\/8ab70731161683381428729920810743626-150x150.jpg",150,150,true],"medium":["https:\/\/arantv.az\/wp-content\/uploads\/2021\/03\/8ab70731161683381428729920810743626-300x166.jpg",300,166,true],"large":["https:\/\/arantv.az\/wp-content\/uploads\/2021\/03\/8ab70731161683381428729920810743626.jpg",640,354,false],"1536x1536":["https:\/\/arantv.az\/wp-content\/uploads\/2021\/03\/8ab70731161683381428729920810743626.jpg",975,540,false],"2048x2048":["https:\/\/arantv.az\/wp-content\/uploads\/2021\/03\/8ab70731161683381428729920810743626.jpg",975,540,false],"post-thumbnail":["https:\/\/arantv.az\/wp-content\/uploads\/2021\/03\/8ab70731161683381428729920810743626-240x172.jpg",240,172,true],"advps-thumb-one":["https:\/\/arantv.az\/wp-content\/uploads\/2021\/03\/8ab70731161683381428729920810743626.jpg",975,540,false]},"rttpg_author":{"display_name":"V\u00fcsal Rafiqo\u011flu","author_link":"https:\/\/arantv.az\/?author=2"},"rttpg_comment":0,"rttpg_category":"<a href=\"https:\/\/arantv.az\/?cat=26\" rel=\"category\">Sosial<\/a>","rttpg_excerpt":"Erm\u0259nil\u0259rin az\u0259rbaycanl\u0131lara qar\u015f\u0131 t\u00f6r\u0259tdikl\u0259ri soyq\u0131r\u0131m\u0131lar\u0131n m\u0259qs\u0259di Bak\u0131 v\u0259 Ab\u015feronu t\u00fcrkl\u0259rd\u0259n t\u0259mizl\u0259m\u0259k olub. ARANTV.AZ\u00a0 x\u0259b\u0259r verir ki, bunu mill\u0259t v\u0259kili, tarix\u00e7i Musa Qas\u0131ml\u0131 1918-ci il 31 Mart az\u0259rbaycanl\u0131lar\u0131n soyq\u0131r\u0131m\u0131 il\u0259 \u0259laq\u0259dar dan\u0131\u015fark\u0259n deyib. Trend-in m\u0259lumat\u0131na g\u00f6r\u0259, o\u00a0bildirib ki, erm\u0259nil\u0259rin t\u00f6r\u0259tdikl\u0259ri k\u00fctl\u0259vi q\u0131r\u011f\u0131nmlar\u0131n miqyas\u0131 1917-ci ilin pay\u0131z\u0131ndan C\u0259nubu Qafqazda ba\u015flay\u0131b: \u201c1918-ci ild\u0259 is\u0259 erm\u0259nil\u0259r C\u0259nubi Az\u0259rbaycan \u0259razisind\u0259&hellip;","_links":{"self":[{"href":"https:\/\/arantv.az\/index.php?rest_route=\/wp\/v2\/posts\/319275"}],"collection":[{"href":"https:\/\/arantv.az\/index.php?rest_route=\/wp\/v2\/posts"}],"about":[{"href":"https:\/\/arantv.az\/index.php?rest_route=\/wp\/v2\/types\/post"}],"author":[{"embeddable":true,"href":"https:\/\/arantv.az\/index.php?rest_route=\/wp\/v2\/users\/2"}],"replies":[{"embeddable":true,"href":"https:\/\/arantv.az\/index.php?rest_route=%2Fwp%2Fv2%2Fcomments&post=319275"}],"version-history":[{"count":0,"href":"https:\/\/arantv.az\/index.php?rest_route=\/wp\/v2\/posts\/319275\/revisions"}],"wp:featuredmedia":[{"embeddable":true,"href":"https:\/\/arantv.az\/index.php?rest_route=\/wp\/v2\/media\/319282"}],"wp:attachment":[{"href":"https:\/\/arantv.az\/index.php?rest_route=%2Fwp%2Fv2%2Fmedia&parent=319275"}],"wp:term":[{"taxonomy":"category","embeddable":true,"href":"https:\/\/arantv.az\/index.php?rest_route=%2Fwp%2Fv2%2Fcategories&post=319275"},{"taxonomy":"post_tag","embeddable":true,"href":"https:\/\/arantv.az\/index.php?rest_route=%2Fwp%2Fv2%2Ftags&post=319275"}],"curies":[{"name":"wp","href":"https:\/\/api.w.org\/{rel}","templated":true}]}}