{"id":319285,"date":"2021-03-27T12:54:05","date_gmt":"2021-03-27T09:54:05","guid":{"rendered":"http:\/\/arantv.az\/?p=319285"},"modified":"2021-03-27T12:54:05","modified_gmt":"2021-03-27T09:54:05","slug":"qardasi-v%c9%99zif%c9%99d%c9%99n-azad-edil%c9%99n-sabiq-deputatdan-aciqlama","status":"publish","type":"post","link":"https:\/\/arantv.az\/?p=319285","title":{"rendered":"Qarda\u015f\u0131 v\u0259zif\u0259d\u0259n azad edil\u0259n sabiq deputatdan a\u00e7\u0131qlama"},"content":{"rendered":"<p>Qarda\u015f\u0131 v\u0259zif\u0259d\u0259n azad edil\u0259n sabiq deputat Sona \u018fliyeva yay\u0131lan x\u0259b\u0259rl\u0259r\u0259 m\u00fcnasib\u0259t bildirib.<\/p>\n<p><strong>ARANTV.AZ<\/strong>-\u0131n Pravda.az-a istinad\u0259n verdiyi m\u0259lumata g\u00f6r\u0259, S.\u018fliyeva bildirib ki, i\u015fd\u0259n d\u0259 \u00e7\u0131xd\u0131b, media yen\u0259 haqq\u0131nda \u015f\u0259r b\u00f6htan yazmaqdan yorulmur.<\/p>\n","protected":false},"excerpt":{"rendered":"<p>Qarda\u015f\u0131 v\u0259zif\u0259d\u0259n azad edil\u0259n sabiq deputat Sona \u018fliyeva yay\u0131lan x\u0259b\u0259rl\u0259r\u0259 m\u00fcnasib\u0259t bildirib. ARANTV.AZ-\u0131n Pravda.az-a istinad\u0259n verdiyi m\u0259lumata g\u00f6r\u0259, S.\u018fliyeva bildirib ki, i\u015fd\u0259n d\u0259 \u00e7\u0131xd\u0131b, media yen\u0259 haqq\u0131nda \u015f\u0259r b\u00f6htan yazmaqdan yorulmur.<\/p>\n","protected":false},"author":2,"featured_media":319286,"comment_status":"closed","ping_status":"closed","sticky":false,"template":"","format":"standard","meta":{"om_disable_all_campaigns":false,"_monsterinsights_skip_tracking":false,"_monsterinsights_sitenote_active":false,"_monsterinsights_sitenote_note":"","_monsterinsights_sitenote_category":0},"categories":[26],"tags":[],"aioseo_notices":[],"gutentor_comment":0,"rttpg_featured_image_url":{"full":["https:\/\/arantv.az\/wp-content\/uploads\/2021\/03\/cfaae21c161683668866558047310615601.jpg",975,540,false],"landscape":["https:\/\/arantv.az\/wp-content\/uploads\/2021\/03\/cfaae21c161683668866558047310615601.jpg",975,540,false],"portraits":["https:\/\/arantv.az\/wp-content\/uploads\/2021\/03\/cfaae21c161683668866558047310615601.jpg",975,540,false],"thumbnail":["https:\/\/arantv.az\/wp-content\/uploads\/2021\/03\/cfaae21c161683668866558047310615601-150x150.jpg",150,150,true],"medium":["https:\/\/arantv.az\/wp-content\/uploads\/2021\/03\/cfaae21c161683668866558047310615601-300x166.jpg",300,166,true],"large":["https:\/\/arantv.az\/wp-content\/uploads\/2021\/03\/cfaae21c161683668866558047310615601.jpg",640,354,false],"1536x1536":["https:\/\/arantv.az\/wp-content\/uploads\/2021\/03\/cfaae21c161683668866558047310615601.jpg",975,540,false],"2048x2048":["https:\/\/arantv.az\/wp-content\/uploads\/2021\/03\/cfaae21c161683668866558047310615601.jpg",975,540,false],"post-thumbnail":["https:\/\/arantv.az\/wp-content\/uploads\/2021\/03\/cfaae21c161683668866558047310615601-240x172.jpg",240,172,true],"advps-thumb-one":["https:\/\/arantv.az\/wp-content\/uploads\/2021\/03\/cfaae21c161683668866558047310615601.jpg",975,540,false]},"rttpg_author":{"display_name":"V\u00fcsal Rafiqo\u011flu","author_link":"https:\/\/arantv.az\/?author=2"},"rttpg_comment":0,"rttpg_category":"<a href=\"https:\/\/arantv.az\/?cat=26\" rel=\"category\">Sosial<\/a>","rttpg_excerpt":"Qarda\u015f\u0131 v\u0259zif\u0259d\u0259n azad edil\u0259n sabiq deputat Sona \u018fliyeva yay\u0131lan x\u0259b\u0259rl\u0259r\u0259 m\u00fcnasib\u0259t bildirib. ARANTV.AZ-\u0131n Pravda.az-a istinad\u0259n verdiyi m\u0259lumata g\u00f6r\u0259, S.\u018fliyeva bildirib ki, i\u015fd\u0259n d\u0259 \u00e7\u0131xd\u0131b, media yen\u0259 haqq\u0131nda \u015f\u0259r b\u00f6htan yazmaqdan yorulmur.","_links":{"self":[{"href":"https:\/\/arantv.az\/index.php?rest_route=\/wp\/v2\/posts\/319285"}],"collection":[{"href":"https:\/\/arantv.az\/index.php?rest_route=\/wp\/v2\/posts"}],"about":[{"href":"https:\/\/arantv.az\/index.php?rest_route=\/wp\/v2\/types\/post"}],"author":[{"embeddable":true,"href":"https:\/\/arantv.az\/index.php?rest_route=\/wp\/v2\/users\/2"}],"replies":[{"embeddable":true,"href":"https:\/\/arantv.az\/index.php?rest_route=%2Fwp%2Fv2%2Fcomments&post=319285"}],"version-history":[{"count":0,"href":"https:\/\/arantv.az\/index.php?rest_route=\/wp\/v2\/posts\/319285\/revisions"}],"wp:featuredmedia":[{"embeddable":true,"href":"https:\/\/arantv.az\/index.php?rest_route=\/wp\/v2\/media\/319286"}],"wp:attachment":[{"href":"https:\/\/arantv.az\/index.php?rest_route=%2Fwp%2Fv2%2Fmedia&parent=319285"}],"wp:term":[{"taxonomy":"category","embeddable":true,"href":"https:\/\/arantv.az\/index.php?rest_route=%2Fwp%2Fv2%2Fcategories&post=319285"},{"taxonomy":"post_tag","embeddable":true,"href":"https:\/\/arantv.az\/index.php?rest_route=%2Fwp%2Fv2%2Ftags&post=319285"}],"curies":[{"name":"wp","href":"https:\/\/api.w.org\/{rel}","templated":true}]}}