{"id":319313,"date":"2021-03-27T13:42:38","date_gmt":"2021-03-27T10:42:38","guid":{"rendered":"http:\/\/arantv.az\/?p=319313"},"modified":"2021-03-27T13:42:38","modified_gmt":"2021-03-27T10:42:38","slug":"kreml-az%c9%99rbaycanin-t%c9%99qdim-etdiyi-furs%c9%99tl%c9%99r%c9%99-ustunluk-verir-t%c9%99hlil","status":"publish","type":"post","link":"https:\/\/arantv.az\/?p=319313","title":{"rendered":"Kreml Az\u0259rbaycan\u0131n t\u0259qdim etdiyi f\u00fcrs\u0259tl\u0259r\u0259 \u00fcst\u00fcnl\u00fck verir \u2013 T\u018fHL\u0130L"},"content":{"rendered":"<p>Az\u0259rbaycan\u0131n diplomatiyada v\u0259 iqtisadi sah\u0259l\u0259rd\u0259 t\u0259\u015f\u0259bb\u00fcs\u00fc \u0259l\u0259 almas\u0131 fonunda T\u00fcrkiy\u0259 il\u0259 birg\u0259 h\u0259rbi t\u0259liml\u0259r ke\u00e7irm\u0259si Erm\u0259nistan\u0131n yard\u0131m \u00fc\u00e7\u00fcn saman \u00e7\u00f6p\u00fcn\u0259 \u0259l uzatmas\u0131na g\u0259tirib \u00e7\u0131xar\u0131r. Beyn\u0259lxalq d\u0259st\u0259kd\u0259n m\u0259hrum olan, regional layih\u0259l\u0259rind\u0259n k\u0259narda qalan Erm\u0259nistan\u0131n son \u00e7\u0131rp\u0131n\u0131\u015flar\u0131 \u0259b\u0259sdir.<\/p>\n<p>Fevral\u0131n 1-12-si\u00a0tarixl\u0259rind\u0259 Az\u0259rbaycanla T\u00fcrkiy\u0259 Qarsda birg\u0259 h\u0259rbi t\u0259liml\u0259r ke\u00e7irib. Bundan sonra Az\u0259rbaycan 15-18 mart tarixl\u0259rind\u0259 10 min n\u0259f\u0259rlik t\u0259liml\u0259r\u0259 start verdi.<\/p>\n<p>H\u0259rbi t\u0259liml\u0259rin fonunda Az\u0259rbaycan Ordusunun T\u00fcrkiy\u0259 modelin\u0259 ke\u00e7m\u0259si strategiyas\u0131 da Erm\u0259nistan\u0131n qorxular\u0131n\u0131n miqyas\u0131n\u0131 art\u0131rd\u0131.<\/p>\n<div id=\"AdviadNativeVideo0\" class=\"AdviadNativeVideo\"><\/div>\n<p>D\u00fczd\u00fcr, Erm\u0259nistan da mart\u0131n ortalar\u0131nda t\u0259lim ke\u00e7irdi, amma darmada\u011f\u0131n edilmi\u015f ordu il\u0259 n\u0259 t\u0259lim ke\u00e7irm\u0259k olar?! H\u0259r\u00e7\u0259nd ki, Erm\u0259nistan\u0131n ordusunun texnikas\u0131 da qalmay\u0131b.<\/p>\n<p>Erm\u0259nistanda yaranan dramatik v\u0259 ac\u0131nacaql\u0131 v\u0259ziyy\u0259td\u0259n \u00e7\u0131x\u0131\u015f yolu \u00fc\u00e7\u00fcn \u0130r\u0259van \u0259qr\u0259bl\u0259ri \u015fimala \u2013 Rusiyaya tutma\u011fa \u00e7al\u0131\u015f\u0131r.<\/p>\n<p>Erm\u0259nistan\u0131n s\u0259yl\u0259ri Samuel Bekketin \u201cQodonu g\u00f6zl\u0259y\u0259rk\u0259n\u201d \u0259s\u0259rinin personajlar\u0131 kimi nam\u0259lum, m\u0259chul bir q\u00fcvv\u0259y\u0259 mistik inam\u0131\u00a0g\u00fcnd\u0259liy\u0259 g\u0259tirir.<\/p>\n<p>\u00c7\u00fcnki Rusiya Erm\u0259nistana praktiki olaraq yard\u0131m etmir v\u0259 buna g\u00f6r\u0259 d\u0259 Erm\u0259nistan \u00fc\u00e7\u00fcn \u201cQodo\u201d kimi \u00fcmidd\u0259n ba\u015fqa bir \u015fey deyil.<\/p>\n<p>M\u0259\u011flub \u00f6lk\u0259 erm\u0259ni kils\u0259sinin dindarlar\u0131 kimi \u015fikay\u0259tqar\u0131\u015f\u0131q dualar\u0131n\u0131 da g\u00fcnd\u0259liy\u0259 g\u0259tirir.<\/p>\n<p>Mart\u0131n 23-d\u0259 Erm\u0259nistan\u0131n M\u00fcdafi\u0259 naziri Vaqar\u015fak Arutyunyan bir ne\u00e7\u0259 saat f\u0259rql\u0259 rusiyal\u0131 h\u0259mkar\u0131 Sergey \u015eoyqu v\u0259 Ba\u015f Q\u0259rargah r\u0259isi Valeri Gerasimovla telefon dan\u0131\u015f\u0131\u011f\u0131nda t\u0259hl\u00fck\u0259sizlik v\u0259 iki \u00f6lk\u0259 aras\u0131nda ortaq h\u0259rbi \u0259m\u0259liyyatlar\u0131n ke\u00e7irilm\u0259sini m\u00fczakir\u0259 edib.<\/p>\n<p>Mart\u0131n 25-d\u0259\u00a0h\u0259min dan\u0131\u015f\u0131qlar bar\u0259d\u0259 parlamentd\u0259 m\u0259lumat ver\u0259n V.Arutyunyan \u015fikay\u0259ti \u015fikay\u0259t\u0259 calay\u0131b v\u0259 T\u00fcrkiy\u0259-Az\u0259rbaycan ordular\u0131nda inteqrasiyan\u0131n getdiyind\u0259n narahatl\u0131\u011f\u0131n\u0131 ifad\u0259 edib. Buna g\u00f6r\u0259 Erm\u0259nistan ordusunun probleml\u0259rini v\u0259 t\u0259hl\u00fck\u0259sizlik m\u0259s\u0259l\u0259l\u0259rinin Rusiya t\u0259r\u0259fi il\u0259 birg\u0259 yeni add\u0131mlar at\u0131lmas\u0131n\u0131n t\u0259l\u0259b olundu\u011funu bildirib.<\/p>\n<p>Amma Rusiyan\u0131n bu m\u0259s\u0259l\u0259y\u0259 diqq\u0259t etm\u0259si\u00a0\u015f\u00fcbh\u0259 alt\u0131ndad\u0131r.<\/p>\n<p>Birincisi, n\u0259z\u0259r\u0259 alaq ki, T\u00fcrkiy\u0259 Rusiya il\u0259 toqqu\u015fan maraqlar kontekstind\u0259 bel\u0259 NATO \u00fczv\u00fc kimi C\u0259nubi Qafqazda yaranan yeni geosiyasi f\u00fcrs\u0259tl\u0259rd\u0259n imtina etm\u0259k niyy\u0259tind\u0259 deyil.<\/p>\n<p>\u0130kincisi, Rusiya T\u00fcrkiy\u0259 il\u0259 qar\u015f\u0131durma siyas\u0259tind\u0259n imtina edir v\u0259 k\u0259si\u015f\u0259n maraqlar olsa bel\u0259 birg\u0259 raz\u0131l\u0131\u011fa g\u0259lm\u0259yi \u00fcst\u00fcn tutur.<\/p>\n<p>Bu m\u0259nada Az\u0259rbaycan-T\u00fcrkiy\u0259 birg\u0259 t\u0259liml\u0259ri v\u0259 Az\u0259rbaycan Ordusunun T\u00fcrkiy\u0259 modelin\u0259 ke\u00e7m\u0259si Rusiyada \u0259n pis halda narahatl\u0131q yarada bil\u0259r.<\/p>\n<p>\u00dc\u00e7\u00fcnc\u00fcs\u00fc, \u0130kinci Qaraba\u011f M\u00fcharib\u0259sind\u0259n sonra Az\u0259rbaycan-T\u00fcrkiy\u0259-Rusiya \u00fc\u00e7buca\u011f\u0131 m\u00fch\u00fcm \u00e7\u0259kiy\u0259 malikdir. Z\u0259ng\u0259zur d\u0259hlizi vasit\u0259sil\u0259 il\u0259 iqtisadi \u0259laq\u0259l\u0259rin perspektivi Az\u0259rbaycan\u0131n Rusiya \u00fc\u00e7\u00fcn d\u0259 xo\u015fm\u0259raml\u0131 yeni regional f\u00fcrs\u0259tl\u0259r t\u0259qdim etdiyinin g\u00f6st\u0259ricisidir.<\/p>\n<p>Rusiyan\u0131n is\u0259 bu f\u00fcrs\u0259tl\u0259ri qa\u00e7\u0131rmaq \u0259v\u0259zin\u0259 blokadada qalan Erm\u0259nistanla \u0259laq\u0259l\u0259ri g\u00fccl\u0259ndirm\u0259si real g\u00f6r\u00fcnm\u00fcr.<\/p>\n","protected":false},"excerpt":{"rendered":"<p>Az\u0259rbaycan\u0131n diplomatiyada v\u0259 iqtisadi sah\u0259l\u0259rd\u0259 t\u0259\u015f\u0259bb\u00fcs\u00fc \u0259l\u0259 almas\u0131 fonunda T\u00fcrkiy\u0259 il\u0259 birg\u0259 h\u0259rbi t\u0259liml\u0259r ke\u00e7irm\u0259si Erm\u0259nistan\u0131n yard\u0131m \u00fc\u00e7\u00fcn saman \u00e7\u00f6p\u00fcn\u0259 \u0259l uzatmas\u0131na g\u0259tirib \u00e7\u0131xar\u0131r. Beyn\u0259lxalq d\u0259st\u0259kd\u0259n m\u0259hrum olan, regional layih\u0259l\u0259rind\u0259n k\u0259narda qalan Erm\u0259nistan\u0131n son \u00e7\u0131rp\u0131n\u0131\u015flar\u0131 \u0259b\u0259sdir. Fevral\u0131n 1-12-si\u00a0tarixl\u0259rind\u0259 Az\u0259rbaycanla T\u00fcrkiy\u0259 Qarsda birg\u0259 h\u0259rbi t\u0259liml\u0259r ke\u00e7irib. Bundan sonra Az\u0259rbaycan 15-18 mart tarixl\u0259rind\u0259 10 min n\u0259f\u0259rlik t\u0259liml\u0259r\u0259 start verdi. H\u0259rbi t\u0259liml\u0259rin fonunda Az\u0259rbaycan Ordusunun T\u00fcrkiy\u0259 modelin\u0259 ke\u00e7m\u0259si strategiyas\u0131 da Erm\u0259nistan\u0131n qorxular\u0131n\u0131n miqyas\u0131n\u0131 art\u0131rd\u0131. D\u00fczd\u00fcr, Erm\u0259nistan da mart\u0131n ortalar\u0131nda t\u0259lim ke\u00e7irdi, amma darmada\u011f\u0131n edilmi\u015f ordu il\u0259 n\u0259 t\u0259lim ke\u00e7irm\u0259k olar?! H\u0259r\u00e7\u0259nd ki, Erm\u0259nistan\u0131n&hellip;<\/p>\n","protected":false},"author":2,"featured_media":319314,"comment_status":"closed","ping_status":"closed","sticky":false,"template":"","format":"standard","meta":{"om_disable_all_campaigns":false,"_monsterinsights_skip_tracking":false,"_monsterinsights_sitenote_active":false,"_monsterinsights_sitenote_note":"","_monsterinsights_sitenote_category":0},"categories":[4],"tags":[],"aioseo_notices":[],"gutentor_comment":0,"rttpg_featured_image_url":{"full":["https:\/\/arantv.az\/wp-content\/uploads\/2021\/03\/1200px-Moscow_05-2012_Kremlin_22.jpg",620,392,false],"landscape":["https:\/\/arantv.az\/wp-content\/uploads\/2021\/03\/1200px-Moscow_05-2012_Kremlin_22.jpg",620,392,false],"portraits":["https:\/\/arantv.az\/wp-content\/uploads\/2021\/03\/1200px-Moscow_05-2012_Kremlin_22.jpg",620,392,false],"thumbnail":["https:\/\/arantv.az\/wp-content\/uploads\/2021\/03\/1200px-Moscow_05-2012_Kremlin_22-150x150.jpg",150,150,true],"medium":["https:\/\/arantv.az\/wp-content\/uploads\/2021\/03\/1200px-Moscow_05-2012_Kremlin_22-300x190.jpg",300,190,true],"large":["https:\/\/arantv.az\/wp-content\/uploads\/2021\/03\/1200px-Moscow_05-2012_Kremlin_22.jpg",620,392,false],"1536x1536":["https:\/\/arantv.az\/wp-content\/uploads\/2021\/03\/1200px-Moscow_05-2012_Kremlin_22.jpg",620,392,false],"2048x2048":["https:\/\/arantv.az\/wp-content\/uploads\/2021\/03\/1200px-Moscow_05-2012_Kremlin_22.jpg",620,392,false],"post-thumbnail":["https:\/\/arantv.az\/wp-content\/uploads\/2021\/03\/1200px-Moscow_05-2012_Kremlin_22-240x172.jpg",240,172,true],"advps-thumb-one":["https:\/\/arantv.az\/wp-content\/uploads\/2021\/03\/1200px-Moscow_05-2012_Kremlin_22.jpg",620,392,false]},"rttpg_author":{"display_name":"V\u00fcsal Rafiqo\u011flu","author_link":"https:\/\/arantv.az\/?author=2"},"rttpg_comment":0,"rttpg_category":"<a href=\"https:\/\/arantv.az\/?cat=4\" rel=\"category\">Siyas\u0259t<\/a>","rttpg_excerpt":"Az\u0259rbaycan\u0131n diplomatiyada v\u0259 iqtisadi sah\u0259l\u0259rd\u0259 t\u0259\u015f\u0259bb\u00fcs\u00fc \u0259l\u0259 almas\u0131 fonunda T\u00fcrkiy\u0259 il\u0259 birg\u0259 h\u0259rbi t\u0259liml\u0259r ke\u00e7irm\u0259si Erm\u0259nistan\u0131n yard\u0131m \u00fc\u00e7\u00fcn saman \u00e7\u00f6p\u00fcn\u0259 \u0259l uzatmas\u0131na g\u0259tirib \u00e7\u0131xar\u0131r. Beyn\u0259lxalq d\u0259st\u0259kd\u0259n m\u0259hrum olan, regional layih\u0259l\u0259rind\u0259n k\u0259narda qalan Erm\u0259nistan\u0131n son \u00e7\u0131rp\u0131n\u0131\u015flar\u0131 \u0259b\u0259sdir. Fevral\u0131n 1-12-si\u00a0tarixl\u0259rind\u0259 Az\u0259rbaycanla T\u00fcrkiy\u0259 Qarsda birg\u0259 h\u0259rbi t\u0259liml\u0259r ke\u00e7irib. Bundan sonra Az\u0259rbaycan 15-18 mart tarixl\u0259rind\u0259 10 min n\u0259f\u0259rlik t\u0259liml\u0259r\u0259&hellip;","_links":{"self":[{"href":"https:\/\/arantv.az\/index.php?rest_route=\/wp\/v2\/posts\/319313"}],"collection":[{"href":"https:\/\/arantv.az\/index.php?rest_route=\/wp\/v2\/posts"}],"about":[{"href":"https:\/\/arantv.az\/index.php?rest_route=\/wp\/v2\/types\/post"}],"author":[{"embeddable":true,"href":"https:\/\/arantv.az\/index.php?rest_route=\/wp\/v2\/users\/2"}],"replies":[{"embeddable":true,"href":"https:\/\/arantv.az\/index.php?rest_route=%2Fwp%2Fv2%2Fcomments&post=319313"}],"version-history":[{"count":0,"href":"https:\/\/arantv.az\/index.php?rest_route=\/wp\/v2\/posts\/319313\/revisions"}],"wp:featuredmedia":[{"embeddable":true,"href":"https:\/\/arantv.az\/index.php?rest_route=\/wp\/v2\/media\/319314"}],"wp:attachment":[{"href":"https:\/\/arantv.az\/index.php?rest_route=%2Fwp%2Fv2%2Fmedia&parent=319313"}],"wp:term":[{"taxonomy":"category","embeddable":true,"href":"https:\/\/arantv.az\/index.php?rest_route=%2Fwp%2Fv2%2Fcategories&post=319313"},{"taxonomy":"post_tag","embeddable":true,"href":"https:\/\/arantv.az\/index.php?rest_route=%2Fwp%2Fv2%2Ftags&post=319313"}],"curies":[{"name":"wp","href":"https:\/\/api.w.org\/{rel}","templated":true}]}}