{"id":319330,"date":"2021-03-27T13:48:38","date_gmt":"2021-03-27T10:48:38","guid":{"rendered":"http:\/\/arantv.az\/?p=319330"},"modified":"2021-03-27T13:48:38","modified_gmt":"2021-03-27T10:48:38","slug":"az%c9%99rbaycanda-evd%c9%99-isg%c9%99nc%c9%99l%c9%99rd%c9%99n-bez%c9%99n-qiz-ozund%c9%99n-20-yas-boyuk-kisi-il%c9%99-evl%c9%99ndi-foto","status":"publish","type":"post","link":"https:\/\/arantv.az\/?p=319330","title":{"rendered":"Az\u0259rbaycanda evd\u0259 i\u015fg\u0259nc\u0259l\u0259rd\u0259n bez\u0259n q\u0131z \u00f6z\u00fcnd\u0259n 20 ya\u015f b\u00f6y\u00fck ki\u015fi il\u0259 evl\u0259ndi &#8211; FOTO"},"content":{"rendered":"<p>Az\u0259rbaycanda 17 ya\u015fl\u0131 q\u0131z 37 ya\u015fl\u0131 ki\u015fiy\u0259 \u0259r\u0259 verildi.<\/p>\n<p><strong>ARANTV.AZ<\/strong>\u00a0\u00a0<a title=\"xeberler son xeberler 2021\" href=\"https:\/\/big.az\/\" target=\"_blank\" rel=\"noopener\">x\u0259b\u0259r<\/a>\u00a0verir ki, bunu X\u0259z\u0259r televiziyas\u0131nda yay\u0131mlanan &#8220;S\u0259ni axtar\u0131ram&#8221; verili\u015fin\u0259 m\u00fcraci\u0259t ed\u0259n v\u0259 anas\u0131n\u0131 axtaran qad\u0131n deyib.<\/p>\n<div id=\"AdviadNativeVideo0\" class=\"AdviadNativeVideo\"><\/div>\n<p>O, bildirib ki, 37 ya\u015fl\u0131 ki\u015fi il\u0259 evl\u0259nm\u0259sinin \u0259sas s\u0259b\u0259bi evd\u0259ki z\u00fclml\u0259rd\u0259n can\u0131n\u0131 qurtarmaq olub:<\/p>\n<p>&#8220;\u00d6gey anam\u0131z bizi d\u00f6y\u00fcrd\u00fc, i\u015fg\u0259nc\u0259l\u0259r verirdi. Atam\u0131n he\u00e7 n\u0259d\u0259n x\u0259b\u0259ri yox idi. M\u0259nin 6 ya\u015f\u0131m olanda atam bac\u0131mla m\u0259ni anamdan ay\u0131r\u0131b Az\u0259rbaycana g\u0259tirdi. Zorla atam bizi anamdan ay\u0131rd\u0131. M\u0259n 37 ya\u015fl\u0131 ki\u015fi il\u0259 ail\u0259 qurma\u011f\u0131 xilas hesab etdim. Ail\u0259 qurdu\u011fum ki\u015finin u\u015fa\u011f\u0131 olmurdu. Amm bu g\u00fcn 3 o\u011flumuz var, xo\u015fb\u0259xt ya\u015fay\u0131r\u0131q&#8221;.<\/p>\n<p><img class=\"imgbcode\" src=\"https:\/\/upload.az\/foto\/arxiv\/fhhdgj.png\" alt=\"Az\u0259rbaycanda evd\u0259 i\u015fg\u0259nc\u0259l\u0259rd\u0259n bez\u0259n q\u0131z \u00f6z\u00fcnd\u0259n 20 ya\u015f b\u00f6y\u00fck ki\u015fi il\u0259 evl\u0259ndi - FOTO\" \/><\/p>\n","protected":false},"excerpt":{"rendered":"<p>Az\u0259rbaycanda 17 ya\u015fl\u0131 q\u0131z 37 ya\u015fl\u0131 ki\u015fiy\u0259 \u0259r\u0259 verildi. ARANTV.AZ\u00a0\u00a0x\u0259b\u0259r\u00a0verir ki, bunu X\u0259z\u0259r televiziyas\u0131nda yay\u0131mlanan &#8220;S\u0259ni axtar\u0131ram&#8221; verili\u015fin\u0259 m\u00fcraci\u0259t ed\u0259n v\u0259 anas\u0131n\u0131 axtaran qad\u0131n deyib. O, bildirib ki, 37 ya\u015fl\u0131 ki\u015fi il\u0259 evl\u0259nm\u0259sinin \u0259sas s\u0259b\u0259bi evd\u0259ki z\u00fclml\u0259rd\u0259n can\u0131n\u0131 qurtarmaq olub: &#8220;\u00d6gey anam\u0131z bizi d\u00f6y\u00fcrd\u00fc, i\u015fg\u0259nc\u0259l\u0259r verirdi. Atam\u0131n he\u00e7 n\u0259d\u0259n x\u0259b\u0259ri yox idi. M\u0259nin 6 ya\u015f\u0131m olanda atam bac\u0131mla m\u0259ni anamdan ay\u0131r\u0131b Az\u0259rbaycana g\u0259tirdi. Zorla atam bizi anamdan ay\u0131rd\u0131. M\u0259n 37 ya\u015fl\u0131 ki\u015fi il\u0259 ail\u0259 qurma\u011f\u0131 xilas hesab etdim. Ail\u0259 qurdu\u011fum ki\u015finin u\u015fa\u011f\u0131 olmurdu. Amm bu g\u00fcn 3 o\u011flumuz var, xo\u015fb\u0259xt&hellip;<\/p>\n","protected":false},"author":2,"featured_media":319331,"comment_status":"closed","ping_status":"closed","sticky":false,"template":"","format":"standard","meta":{"om_disable_all_campaigns":false,"_monsterinsights_skip_tracking":false,"_monsterinsights_sitenote_active":false,"_monsterinsights_sitenote_note":"","_monsterinsights_sitenote_category":0},"categories":[26],"tags":[],"aioseo_notices":[],"gutentor_comment":0,"rttpg_featured_image_url":{"full":["https:\/\/arantv.az\/wp-content\/uploads\/2021\/03\/toyllllllllllllllllllll.jpg",549,357,false],"landscape":["https:\/\/arantv.az\/wp-content\/uploads\/2021\/03\/toyllllllllllllllllllll.jpg",549,357,false],"portraits":["https:\/\/arantv.az\/wp-content\/uploads\/2021\/03\/toyllllllllllllllllllll.jpg",549,357,false],"thumbnail":["https:\/\/arantv.az\/wp-content\/uploads\/2021\/03\/toyllllllllllllllllllll-150x150.jpg",150,150,true],"medium":["https:\/\/arantv.az\/wp-content\/uploads\/2021\/03\/toyllllllllllllllllllll-300x195.jpg",300,195,true],"large":["https:\/\/arantv.az\/wp-content\/uploads\/2021\/03\/toyllllllllllllllllllll.jpg",549,357,false],"1536x1536":["https:\/\/arantv.az\/wp-content\/uploads\/2021\/03\/toyllllllllllllllllllll.jpg",549,357,false],"2048x2048":["https:\/\/arantv.az\/wp-content\/uploads\/2021\/03\/toyllllllllllllllllllll.jpg",549,357,false],"post-thumbnail":["https:\/\/arantv.az\/wp-content\/uploads\/2021\/03\/toyllllllllllllllllllll-240x172.jpg",240,172,true],"advps-thumb-one":["https:\/\/arantv.az\/wp-content\/uploads\/2021\/03\/toyllllllllllllllllllll.jpg",549,357,false]},"rttpg_author":{"display_name":"V\u00fcsal Rafiqo\u011flu","author_link":"https:\/\/arantv.az\/?author=2"},"rttpg_comment":0,"rttpg_category":"<a href=\"https:\/\/arantv.az\/?cat=26\" rel=\"category\">Sosial<\/a>","rttpg_excerpt":"Az\u0259rbaycanda 17 ya\u015fl\u0131 q\u0131z 37 ya\u015fl\u0131 ki\u015fiy\u0259 \u0259r\u0259 verildi. ARANTV.AZ\u00a0\u00a0x\u0259b\u0259r\u00a0verir ki, bunu X\u0259z\u0259r televiziyas\u0131nda yay\u0131mlanan &#8220;S\u0259ni axtar\u0131ram&#8221; verili\u015fin\u0259 m\u00fcraci\u0259t ed\u0259n v\u0259 anas\u0131n\u0131 axtaran qad\u0131n deyib. O, bildirib ki, 37 ya\u015fl\u0131 ki\u015fi il\u0259 evl\u0259nm\u0259sinin \u0259sas s\u0259b\u0259bi evd\u0259ki z\u00fclml\u0259rd\u0259n can\u0131n\u0131 qurtarmaq olub: &#8220;\u00d6gey anam\u0131z bizi d\u00f6y\u00fcrd\u00fc, i\u015fg\u0259nc\u0259l\u0259r verirdi. Atam\u0131n he\u00e7 n\u0259d\u0259n x\u0259b\u0259ri yox idi. M\u0259nin 6 ya\u015f\u0131m&hellip;","_links":{"self":[{"href":"https:\/\/arantv.az\/index.php?rest_route=\/wp\/v2\/posts\/319330"}],"collection":[{"href":"https:\/\/arantv.az\/index.php?rest_route=\/wp\/v2\/posts"}],"about":[{"href":"https:\/\/arantv.az\/index.php?rest_route=\/wp\/v2\/types\/post"}],"author":[{"embeddable":true,"href":"https:\/\/arantv.az\/index.php?rest_route=\/wp\/v2\/users\/2"}],"replies":[{"embeddable":true,"href":"https:\/\/arantv.az\/index.php?rest_route=%2Fwp%2Fv2%2Fcomments&post=319330"}],"version-history":[{"count":0,"href":"https:\/\/arantv.az\/index.php?rest_route=\/wp\/v2\/posts\/319330\/revisions"}],"wp:featuredmedia":[{"embeddable":true,"href":"https:\/\/arantv.az\/index.php?rest_route=\/wp\/v2\/media\/319331"}],"wp:attachment":[{"href":"https:\/\/arantv.az\/index.php?rest_route=%2Fwp%2Fv2%2Fmedia&parent=319330"}],"wp:term":[{"taxonomy":"category","embeddable":true,"href":"https:\/\/arantv.az\/index.php?rest_route=%2Fwp%2Fv2%2Fcategories&post=319330"},{"taxonomy":"post_tag","embeddable":true,"href":"https:\/\/arantv.az\/index.php?rest_route=%2Fwp%2Fv2%2Ftags&post=319330"}],"curies":[{"name":"wp","href":"https:\/\/api.w.org\/{rel}","templated":true}]}}