{"id":319346,"date":"2021-03-27T13:52:17","date_gmt":"2021-03-27T10:52:17","guid":{"rendered":"http:\/\/arantv.az\/?p=319346"},"modified":"2021-03-27T13:52:17","modified_gmt":"2021-03-27T10:52:17","slug":"covax-oz-s%c9%99m%c9%99r%c9%99sizliyini-numayis-etdirir-politoloq","status":"publish","type":"post","link":"https:\/\/arantv.az\/?p=319346","title":{"rendered":"COVAX \u00f6z s\u0259m\u0259r\u0259sizliyini n\u00fcmayi\u015f etdirir &#8211; Politoloq"},"content":{"rendered":"<p>COVID-19 vaksin\u0259rinin istehsal\u0131 v\u0259 paylanmas\u0131 il\u0259 ba\u011fl\u0131 v\u0259ziyy\u0259t h\u0259dd\u0259n art\u0131q siyasil\u0259\u015fdirilib. Art\u0131q he\u00e7 kimd\u0259 \u015f\u00fcbh\u0259 do\u011furmur ki, b\u0259zi \u00f6lk\u0259l\u0259r eqoist siyas\u0259t y\u00fcr\u00fcd\u0259r\u0259k \u00e7oxlu sayda vaksin \u0259ld\u0259 edir, b\u0259zi \u00f6lk\u0259l\u0259r\u0259 is\u0259 preparat \u00e7atm\u0131r.<\/p>\n<p><strong>ARANTV.AZ<\/strong>\u00a0 bildirir ki, bunu\u00a0<a href=\"https:\/\/az.trend.az\/\" target=\"_blank\" rel=\"noopener\">Trend<\/a>-\u0259\u00a0politoloq, &#8220;C\u0259nubi Qafqaz&#8221; politoloqlar kubunun r\u0259hb\u0259ri \u0130lqar V\u0259lizad\u0259 deyib.<\/p>\n<p>O bildirib ki, bu fakt hidd\u0259t do\u011furur: &#8220;\u00d6z\u00fc d\u0259 \u00f6t\u0259n il Az\u0259rbaycan\u0131n t\u0259\u015f\u0259bb\u00fcs\u00fc il\u0259 BMT Ba\u015f Assambleyas\u0131n\u0131n x\u00fcsusi sessiyas\u0131 ke\u00e7irilib v\u0259 bu sessiyada vaksinl\u0259rin \u0259dal\u0259tli paylanmas\u0131 m\u0259s\u0259l\u0259si m\u00fczakir\u0259 olunub. \u00d6lk\u0259l\u0259r inki\u015faf etm\u0259kd\u0259 olan d\u00f6vl\u0259tl\u0259r\u0259 k\u00f6m\u0259k etm\u0259k \u00fc\u00e7\u00fcn \u00f6hd\u0259lik g\u00f6t\u00fcr\u00fcb, amma bu \u00f6hd\u0259likl\u0259r icra olunmur. El\u0259 \u00f6lk\u0259l\u0259r var ki, \u00fcmumiyy\u0259tl\u0259 vaksin \u0259ld\u0259 etm\u0259yib&#8221;.<\/p>\n<p>Politoloqun s\u00f6zl\u0259rin\u0259 g\u00f6r\u0259, dig\u0259r t\u0259r\u0259fd\u0259n, apar\u0131c\u0131 \u00f6lk\u0259l\u0259r \u00f6z \u0259razil\u0259rind\u0259 istehsal olunan vaksinl\u0259rin dig\u0259r d\u00f6vl\u0259tl\u0259r\u0259 t\u0259dar\u00fck olunmayaca\u011f\u0131n\u0131 a\u00e7\u0131q-a\u015fkar elan edir:<\/p>\n<p>&#8220;X\u00fcsusil\u0259, AB\u015e Avropaya vaksin g\u00f6nd\u0259rm\u0259kdn imtina edib. B\u00f6y\u00fck Britaniya Avropa \u0130ttifaq\u0131na bir d\u0259n\u0259 d\u0259 vaksin t\u0259dar\u00fck etm\u0259yib, amma A\u0130 \u00f6lk\u0259l\u0259rind\u0259n B\u00f6y\u00fck Britaniyaya \u0259h\u0259miyy\u0259tli sayda &#8220;AstraZeneca&#8221; vaksini g\u00f6nd\u0259rilib. Bu da onu g\u00f6st\u0259rir ki, apar\u0131c\u0131 d\u00f6vl\u0259tl\u0259r vaksinl\u0259rin \u0259dal\u0259tli paylanmas\u0131 m\u0259s\u0259l\u0259sin\u0259 g\u0259ldikd\u0259 kifay\u0259t q\u0259d\u0259r ziddiyy\u0259tli siyas\u0259t y\u00fcr\u00fcd\u00fcr. COVAX bu siyas\u0259tin girovuna \u00e7evrilib v\u0259 bu g\u00fcn bu struktur \u00f6z\u00fcn\u00fcn s\u0259m\u0259r\u0259sizliyini, \u0259sas m\u0259s\u0259l\u0259l\u0259ri h\u0259ll etm\u0259k bacar\u0131qs\u0131zl\u0131\u011f\u0131n\u0131 n\u00fcmayi\u015f etdirir. Bu onu g\u00f6st\u0259rir ki, \u00dcST-\u00fcn f\u0259aliyy\u0259ti bar\u0259d\u0259 t\u0259nqidl\u0259r \u0259sasl\u0131d\u0131r&#8221;.<\/p>\n<p>O \u0259lav\u0259 edib ki, haz\u0131rk\u0131 v\u0259ziyy\u0259td\u0259 ikili standartlarla analogiya a\u011fla g\u0259lir:<\/p>\n<p>&#8220;Ad\u0259t\u0259n biz deyirdik ki, ikili standartlar siyasi f\u0259aliyy\u0259t\u0259 t\u0259tbiq olunur v\u0259 q\u0259buledilm\u0259zdir. Amma indiki halda ikili standartlar humanitar siyas\u0259t v\u0259 humanitar d\u0259y\u0259rl\u0259rl\u0259 m\u00fcnasib\u0259td\u0259 t\u0259tbiq olunur&#8221;.<\/p>\n<p>&nbsp;<\/p>\n","protected":false},"excerpt":{"rendered":"<p>COVID-19 vaksin\u0259rinin istehsal\u0131 v\u0259 paylanmas\u0131 il\u0259 ba\u011fl\u0131 v\u0259ziyy\u0259t h\u0259dd\u0259n art\u0131q siyasil\u0259\u015fdirilib. Art\u0131q he\u00e7 kimd\u0259 \u015f\u00fcbh\u0259 do\u011furmur ki, b\u0259zi \u00f6lk\u0259l\u0259r eqoist siyas\u0259t y\u00fcr\u00fcd\u0259r\u0259k \u00e7oxlu sayda vaksin \u0259ld\u0259 edir, b\u0259zi \u00f6lk\u0259l\u0259r\u0259 is\u0259 preparat \u00e7atm\u0131r. ARANTV.AZ\u00a0 bildirir ki, bunu\u00a0Trend-\u0259\u00a0politoloq, &#8220;C\u0259nubi Qafqaz&#8221; politoloqlar kubunun r\u0259hb\u0259ri \u0130lqar V\u0259lizad\u0259 deyib. O bildirib ki, bu fakt hidd\u0259t do\u011furur: &#8220;\u00d6z\u00fc d\u0259 \u00f6t\u0259n il Az\u0259rbaycan\u0131n t\u0259\u015f\u0259bb\u00fcs\u00fc il\u0259 BMT Ba\u015f Assambleyas\u0131n\u0131n x\u00fcsusi sessiyas\u0131 ke\u00e7irilib v\u0259 bu sessiyada vaksinl\u0259rin \u0259dal\u0259tli paylanmas\u0131 m\u0259s\u0259l\u0259si m\u00fczakir\u0259 olunub. \u00d6lk\u0259l\u0259r inki\u015faf etm\u0259kd\u0259 olan d\u00f6vl\u0259tl\u0259r\u0259 k\u00f6m\u0259k etm\u0259k \u00fc\u00e7\u00fcn \u00f6hd\u0259lik g\u00f6t\u00fcr\u00fcb, amma bu \u00f6hd\u0259likl\u0259r icra olunmur. El\u0259 \u00f6lk\u0259l\u0259r&hellip;<\/p>\n","protected":false},"author":2,"featured_media":319347,"comment_status":"closed","ping_status":"closed","sticky":false,"template":"","format":"standard","meta":{"om_disable_all_campaigns":false,"_monsterinsights_skip_tracking":false,"_monsterinsights_sitenote_active":false,"_monsterinsights_sitenote_note":"","_monsterinsights_sitenote_category":0},"categories":[26],"tags":[],"aioseo_notices":[],"gutentor_comment":0,"rttpg_featured_image_url":{"full":["https:\/\/arantv.az\/wp-content\/uploads\/2021\/03\/934232.jpg",768,511,false],"landscape":["https:\/\/arantv.az\/wp-content\/uploads\/2021\/03\/934232.jpg",768,511,false],"portraits":["https:\/\/arantv.az\/wp-content\/uploads\/2021\/03\/934232.jpg",768,511,false],"thumbnail":["https:\/\/arantv.az\/wp-content\/uploads\/2021\/03\/934232-150x150.jpg",150,150,true],"medium":["https:\/\/arantv.az\/wp-content\/uploads\/2021\/03\/934232-300x200.jpg",300,200,true],"large":["https:\/\/arantv.az\/wp-content\/uploads\/2021\/03\/934232.jpg",640,426,false],"1536x1536":["https:\/\/arantv.az\/wp-content\/uploads\/2021\/03\/934232.jpg",768,511,false],"2048x2048":["https:\/\/arantv.az\/wp-content\/uploads\/2021\/03\/934232.jpg",768,511,false],"post-thumbnail":["https:\/\/arantv.az\/wp-content\/uploads\/2021\/03\/934232-240x172.jpg",240,172,true],"advps-thumb-one":["https:\/\/arantv.az\/wp-content\/uploads\/2021\/03\/934232.jpg",768,511,false]},"rttpg_author":{"display_name":"V\u00fcsal Rafiqo\u011flu","author_link":"https:\/\/arantv.az\/?author=2"},"rttpg_comment":0,"rttpg_category":"<a href=\"https:\/\/arantv.az\/?cat=26\" rel=\"category\">Sosial<\/a>","rttpg_excerpt":"COVID-19 vaksin\u0259rinin istehsal\u0131 v\u0259 paylanmas\u0131 il\u0259 ba\u011fl\u0131 v\u0259ziyy\u0259t h\u0259dd\u0259n art\u0131q siyasil\u0259\u015fdirilib. Art\u0131q he\u00e7 kimd\u0259 \u015f\u00fcbh\u0259 do\u011furmur ki, b\u0259zi \u00f6lk\u0259l\u0259r eqoist siyas\u0259t y\u00fcr\u00fcd\u0259r\u0259k \u00e7oxlu sayda vaksin \u0259ld\u0259 edir, b\u0259zi \u00f6lk\u0259l\u0259r\u0259 is\u0259 preparat \u00e7atm\u0131r. ARANTV.AZ\u00a0 bildirir ki, bunu\u00a0Trend-\u0259\u00a0politoloq, &#8220;C\u0259nubi Qafqaz&#8221; politoloqlar kubunun r\u0259hb\u0259ri \u0130lqar V\u0259lizad\u0259 deyib. O bildirib ki, bu fakt hidd\u0259t do\u011furur: &#8220;\u00d6z\u00fc d\u0259 \u00f6t\u0259n il&hellip;","_links":{"self":[{"href":"https:\/\/arantv.az\/index.php?rest_route=\/wp\/v2\/posts\/319346"}],"collection":[{"href":"https:\/\/arantv.az\/index.php?rest_route=\/wp\/v2\/posts"}],"about":[{"href":"https:\/\/arantv.az\/index.php?rest_route=\/wp\/v2\/types\/post"}],"author":[{"embeddable":true,"href":"https:\/\/arantv.az\/index.php?rest_route=\/wp\/v2\/users\/2"}],"replies":[{"embeddable":true,"href":"https:\/\/arantv.az\/index.php?rest_route=%2Fwp%2Fv2%2Fcomments&post=319346"}],"version-history":[{"count":0,"href":"https:\/\/arantv.az\/index.php?rest_route=\/wp\/v2\/posts\/319346\/revisions"}],"wp:featuredmedia":[{"embeddable":true,"href":"https:\/\/arantv.az\/index.php?rest_route=\/wp\/v2\/media\/319347"}],"wp:attachment":[{"href":"https:\/\/arantv.az\/index.php?rest_route=%2Fwp%2Fv2%2Fmedia&parent=319346"}],"wp:term":[{"taxonomy":"category","embeddable":true,"href":"https:\/\/arantv.az\/index.php?rest_route=%2Fwp%2Fv2%2Fcategories&post=319346"},{"taxonomy":"post_tag","embeddable":true,"href":"https:\/\/arantv.az\/index.php?rest_route=%2Fwp%2Fv2%2Ftags&post=319346"}],"curies":[{"name":"wp","href":"https:\/\/api.w.org\/{rel}","templated":true}]}}