{"id":319350,"date":"2021-03-27T13:53:16","date_gmt":"2021-03-27T10:53:16","guid":{"rendered":"http:\/\/arantv.az\/?p=319350"},"modified":"2021-03-27T13:53:16","modified_gmt":"2021-03-27T10:53:16","slug":"pol-qobl-abs-erm%c9%99ni-soyqirimini-tanisa-t%c9%99%c9%99ccubl%c9%99n%c9%99r%c9%99m","status":"publish","type":"post","link":"https:\/\/arantv.az\/?p=319350","title":{"rendered":"Pol Qobl: \u201cAB\u015e \u201cerm\u0259ni soyq\u0131r\u0131m\u0131\u201dn\u0131 tan\u0131sa t\u0259\u0259cc\u00fcbl\u0259n\u0259r\u0259m\u201d"},"content":{"rendered":"<p>\u201c1915-ci il hadis\u0259l\u0259rini \u201csoyq\u0131r\u0131m\u201d kimi tan\u0131yaca\u011f\u0131na s\u00f6z ver\u0259n, ancaq v\u0259zif\u0259y\u0259 g\u0259ldikd\u0259n sonra bunu etm\u0259y\u0259n AB\u015e prezidentliyin\u0259 namiz\u0259dl\u0259rin uzun bir tarix\u00e7\u0259si var. Prezident Co Baydenin istisna t\u0259\u015fkil ed\u0259c\u0259yi t\u0259\u0259cc\u00fcb do\u011furur\u201d.<\/p>\n<p>Bunu tan\u0131nm\u0131\u015f amerikal\u0131 analitik, AB\u015e d\u00f6vl\u0259t katibinin ke\u00e7mi\u015f x\u00fcsusi m\u00fc\u015faviri Pol Qobl AB\u015e Prezidenti Co Baydenin qondarma \u201cerm\u0259ni soyq\u0131r\u0131m\u0131n\u0131\u201d tan\u0131y\u0131b-tan\u0131mamas\u0131 il\u0259 ba\u011fl\u0131\u00a0<a href=\"https:\/\/caliber.az\/post\/pol-gobl-ya-budu-udivlen-esli-ssa-priznayut-genocid-armyan-no-kommentarii-3353?fbclid=IwAR01GwIgSIy725xa-Lcc5D6MQAy11LGA9_KHpUZHZRzT2ExAtH5rtAQLNVU\" target=\"_blank\" rel=\"noopener\">Caliber.Az<\/a>-\u0131n sual\u0131n\u0131 cavabland\u0131rark\u0259n deyib.<\/p>\n<div id=\"AdviadNativeVideo0\" class=\"AdviadNativeVideo\"><\/div>\n<p>Onun s\u00f6zl\u0259rin\u0259 g\u00f6r\u0259, bunun ba\u015f verm\u0259sinin yegan\u0259 s\u0259b\u0259bi (\u201cerm\u0259ni soyq\u0131r\u0131m\u0131\u201dn\u0131n tan\u0131nmas\u0131-red.) Ankaran\u0131n NATO m\u0259hdudiyy\u0259tl\u0259rin\u0259 qar\u015f\u0131 \u00e7\u0131xmas\u0131 ola bil\u0259r (Rusiyadan\u00a0S-400 kompleksl\u0259rinin al\u0131nmas\u0131 il\u0259 ba\u011fl\u0131 -red.).<\/p>\n<p>Qobl qeyd edib ki, Va\u015finqton T\u00fcrkiy\u0259y\u0259 qar\u015f\u0131 istifad\u0259 edil\u0259 bil\u0259c\u0259yi bir \u015fey\u0259 sahib olmaq ist\u0259yir.<\/p>\n<p>\u201c\u018flb\u0259tt\u0259 ki, Co Bayden \u201csoyq\u0131r\u0131m\u0131\u201d tan\u0131yarsa, T\u00fcrkiy\u0259 il\u0259 probleml\u0259r yarana bil\u0259r. Ancaq g\u00fcman edir\u0259m ki, bunlar R\u0259c\u0259b Tayyib \u018frdo\u011fan\u0131n prezidentliyin\u0259 q\u0259d\u0259r oldu\u011fu kimi ciddi probleml\u0259r olmayacaq\u201d, &#8211; dey\u0259 o vur\u011fulay\u0131b.<\/p>\n","protected":false},"excerpt":{"rendered":"<p>\u201c1915-ci il hadis\u0259l\u0259rini \u201csoyq\u0131r\u0131m\u201d kimi tan\u0131yaca\u011f\u0131na s\u00f6z ver\u0259n, ancaq v\u0259zif\u0259y\u0259 g\u0259ldikd\u0259n sonra bunu etm\u0259y\u0259n AB\u015e prezidentliyin\u0259 namiz\u0259dl\u0259rin uzun bir tarix\u00e7\u0259si var. Prezident Co Baydenin istisna t\u0259\u015fkil ed\u0259c\u0259yi t\u0259\u0259cc\u00fcb do\u011furur\u201d. Bunu tan\u0131nm\u0131\u015f amerikal\u0131 analitik, AB\u015e d\u00f6vl\u0259t katibinin ke\u00e7mi\u015f x\u00fcsusi m\u00fc\u015faviri Pol Qobl AB\u015e Prezidenti Co Baydenin qondarma \u201cerm\u0259ni soyq\u0131r\u0131m\u0131n\u0131\u201d tan\u0131y\u0131b-tan\u0131mamas\u0131 il\u0259 ba\u011fl\u0131\u00a0Caliber.Az-\u0131n sual\u0131n\u0131 cavabland\u0131rark\u0259n deyib. Onun s\u00f6zl\u0259rin\u0259 g\u00f6r\u0259, bunun ba\u015f verm\u0259sinin yegan\u0259 s\u0259b\u0259bi (\u201cerm\u0259ni soyq\u0131r\u0131m\u0131\u201dn\u0131n tan\u0131nmas\u0131-red.) Ankaran\u0131n NATO m\u0259hdudiyy\u0259tl\u0259rin\u0259 qar\u015f\u0131 \u00e7\u0131xmas\u0131 ola bil\u0259r (Rusiyadan\u00a0S-400 kompleksl\u0259rinin al\u0131nmas\u0131 il\u0259 ba\u011fl\u0131 -red.). Qobl qeyd edib ki, Va\u015finqton T\u00fcrkiy\u0259y\u0259 qar\u015f\u0131 istifad\u0259 edil\u0259 bil\u0259c\u0259yi bir \u015fey\u0259&hellip;<\/p>\n","protected":false},"author":2,"featured_media":319351,"comment_status":"closed","ping_status":"closed","sticky":false,"template":"","format":"standard","meta":{"om_disable_all_campaigns":false,"_monsterinsights_skip_tracking":false,"_monsterinsights_sitenote_active":false,"_monsterinsights_sitenote_note":"","_monsterinsights_sitenote_category":0},"categories":[4],"tags":[],"aioseo_notices":[],"gutentor_comment":0,"rttpg_featured_image_url":{"full":["https:\/\/arantv.az\/wp-content\/uploads\/2021\/03\/4C6F4509-59FC-4217-BB11-D30F20192793.jpg",620,349,false],"landscape":["https:\/\/arantv.az\/wp-content\/uploads\/2021\/03\/4C6F4509-59FC-4217-BB11-D30F20192793.jpg",620,349,false],"portraits":["https:\/\/arantv.az\/wp-content\/uploads\/2021\/03\/4C6F4509-59FC-4217-BB11-D30F20192793.jpg",620,349,false],"thumbnail":["https:\/\/arantv.az\/wp-content\/uploads\/2021\/03\/4C6F4509-59FC-4217-BB11-D30F20192793-150x150.jpg",150,150,true],"medium":["https:\/\/arantv.az\/wp-content\/uploads\/2021\/03\/4C6F4509-59FC-4217-BB11-D30F20192793-300x169.jpg",300,169,true],"large":["https:\/\/arantv.az\/wp-content\/uploads\/2021\/03\/4C6F4509-59FC-4217-BB11-D30F20192793.jpg",620,349,false],"1536x1536":["https:\/\/arantv.az\/wp-content\/uploads\/2021\/03\/4C6F4509-59FC-4217-BB11-D30F20192793.jpg",620,349,false],"2048x2048":["https:\/\/arantv.az\/wp-content\/uploads\/2021\/03\/4C6F4509-59FC-4217-BB11-D30F20192793.jpg",620,349,false],"post-thumbnail":["https:\/\/arantv.az\/wp-content\/uploads\/2021\/03\/4C6F4509-59FC-4217-BB11-D30F20192793-240x172.jpg",240,172,true],"advps-thumb-one":["https:\/\/arantv.az\/wp-content\/uploads\/2021\/03\/4C6F4509-59FC-4217-BB11-D30F20192793.jpg",620,349,false]},"rttpg_author":{"display_name":"V\u00fcsal Rafiqo\u011flu","author_link":"https:\/\/arantv.az\/?author=2"},"rttpg_comment":0,"rttpg_category":"<a href=\"https:\/\/arantv.az\/?cat=4\" rel=\"category\">Siyas\u0259t<\/a>","rttpg_excerpt":"\u201c1915-ci il hadis\u0259l\u0259rini \u201csoyq\u0131r\u0131m\u201d kimi tan\u0131yaca\u011f\u0131na s\u00f6z ver\u0259n, ancaq v\u0259zif\u0259y\u0259 g\u0259ldikd\u0259n sonra bunu etm\u0259y\u0259n AB\u015e prezidentliyin\u0259 namiz\u0259dl\u0259rin uzun bir tarix\u00e7\u0259si var. Prezident Co Baydenin istisna t\u0259\u015fkil ed\u0259c\u0259yi t\u0259\u0259cc\u00fcb do\u011furur\u201d. Bunu tan\u0131nm\u0131\u015f amerikal\u0131 analitik, AB\u015e d\u00f6vl\u0259t katibinin ke\u00e7mi\u015f x\u00fcsusi m\u00fc\u015faviri Pol Qobl AB\u015e Prezidenti Co Baydenin qondarma \u201cerm\u0259ni soyq\u0131r\u0131m\u0131n\u0131\u201d tan\u0131y\u0131b-tan\u0131mamas\u0131 il\u0259 ba\u011fl\u0131\u00a0Caliber.Az-\u0131n sual\u0131n\u0131 cavabland\u0131rark\u0259n deyib. Onun&hellip;","_links":{"self":[{"href":"https:\/\/arantv.az\/index.php?rest_route=\/wp\/v2\/posts\/319350"}],"collection":[{"href":"https:\/\/arantv.az\/index.php?rest_route=\/wp\/v2\/posts"}],"about":[{"href":"https:\/\/arantv.az\/index.php?rest_route=\/wp\/v2\/types\/post"}],"author":[{"embeddable":true,"href":"https:\/\/arantv.az\/index.php?rest_route=\/wp\/v2\/users\/2"}],"replies":[{"embeddable":true,"href":"https:\/\/arantv.az\/index.php?rest_route=%2Fwp%2Fv2%2Fcomments&post=319350"}],"version-history":[{"count":0,"href":"https:\/\/arantv.az\/index.php?rest_route=\/wp\/v2\/posts\/319350\/revisions"}],"wp:featuredmedia":[{"embeddable":true,"href":"https:\/\/arantv.az\/index.php?rest_route=\/wp\/v2\/media\/319351"}],"wp:attachment":[{"href":"https:\/\/arantv.az\/index.php?rest_route=%2Fwp%2Fv2%2Fmedia&parent=319350"}],"wp:term":[{"taxonomy":"category","embeddable":true,"href":"https:\/\/arantv.az\/index.php?rest_route=%2Fwp%2Fv2%2Fcategories&post=319350"},{"taxonomy":"post_tag","embeddable":true,"href":"https:\/\/arantv.az\/index.php?rest_route=%2Fwp%2Fv2%2Ftags&post=319350"}],"curies":[{"name":"wp","href":"https:\/\/api.w.org\/{rel}","templated":true}]}}