{"id":319362,"date":"2021-03-27T14:09:47","date_gmt":"2021-03-27T11:09:47","guid":{"rendered":"http:\/\/arantv.az\/?p=319362"},"modified":"2021-03-27T14:09:47","modified_gmt":"2021-03-27T11:09:47","slug":"myanmada-numayisl%c9%99rd%c9%99-ol%c9%99nl%c9%99rin-sayi-artdi","status":"publish","type":"post","link":"https:\/\/arantv.az\/?p=319362","title":{"rendered":"Myanmada n\u00fcmayi\u015fl\u0259rd\u0259 \u00f6l\u0259nl\u0259rin say\u0131 artd\u0131"},"content":{"rendered":"<p>Myanma t\u0259hl\u00fck\u0259sizlik q\u00fcvv\u0259l\u0259rinin h\u0259rbi \u00e7evrili\u015f\u0259 v\u0259 se\u00e7ilmi\u015f h\u00f6kum\u0259t \u00fczvl\u0259rinin tutulmas\u0131na etiraz n\u00fcmayi\u015fl\u0259rin\u0259 silahl\u0131 m\u00fcdaxil\u0259si n\u0259tic\u0259sind\u0259 \u0259n az 16 n\u0259f\u0259r \u00f6l\u00fcb.<\/p>\n<p><strong>ARANTV.AZ<\/strong>\u00a0 qafqazinfo-ya istinad\u0259n x\u0259b\u0259r verir ki,\u00a0bu g\u00fcn Yanqon, Mandalay, Myeik, Vundvin, Meikhtila v\u0259 Kyaukpadaunq \u015f\u0259h\u0259rl\u0259rind\u0259 t\u0259\u015fkil edil\u0259n n\u00fcmayi\u015f\u0259 m\u00fcdaxil\u0259 ed\u0259n ordu k\u00fctl\u0259y\u0259 at\u0259\u015f a\u00e7\u0131b. N\u0259tic\u0259d\u0259 \u0259n az 16 n\u0259f\u0259rin h\u0259lak oldu\u011fu qeyd edilib.<\/p>\n<p>Bununla da, t\u0259hl\u00fck\u0259sizlik q\u00fcvv\u0259l\u0259rinin Myanmadak\u0131 etiraz aksiyalar\u0131na m\u00fcdaxil\u0259si n\u0259tic\u0259sind\u0259 bu g\u00fcn\u0259 q\u0259d\u0259r h\u0259yat\u0131n\u0131 itir\u0259nl\u0259rin say\u0131 344-\u0259 \u00e7at\u0131b.<\/p>\n<p>Qeyd ed\u0259k ki, Myanma ordusu \u00f6t\u0259n ilin noyabr\u0131nda ke\u00e7iril\u0259n se\u00e7kil\u0259rd\u0259 saxtakarl\u0131q v\u0259 \u00f6lk\u0259d\u0259ki siyasi g\u0259rginliyin artmas\u0131ndan sonra fevral\u0131n 1-d\u0259 r\u0259hb\u0259rliyi \u0259l\u0259 ke\u00e7irib.<\/p>\n<p>Ordu \u00f6lk\u0259nin faktiki lideri v\u0259 xarici i\u015fl\u0259r naziri Aunq San Suu \u00c7ii da daxil olmaqla bir \u00e7ox m\u0259muru v\u0259 hakim partiya liderini n\u0259zar\u0259t\u0259 g\u00f6t\u00fcr\u00fcb v\u0259 bir il boyunca f\u00f6vq\u0259lad\u0259 v\u0259ziyy\u0259t elan edib.<\/p>\n<p>Myanma xalq\u0131 demokratiyaya qay\u0131tma\u011f\u0131 t\u0259l\u0259b ed\u0259r\u0259k fevral\u0131n 6-dan n\u00fcmayi\u015fl\u0259r\u0259 ba\u015flay\u0131b.<\/p>\n<p>\u00d6lk\u0259d\u0259 geni\u015fmiqyasl\u0131 n\u00fcmayi\u015fl\u0259r davam ed\u0259rk\u0259n h\u0259bsd\u0259 olan y\u00fcks\u0259k v\u0259zif\u0259li d\u00f6vl\u0259t m\u0259murlar\u0131 h\u0259rbi m\u0259hk\u0259m\u0259d\u0259 m\u00fchakim\u0259 olunur.<\/p>\n","protected":false},"excerpt":{"rendered":"<p>Myanma t\u0259hl\u00fck\u0259sizlik q\u00fcvv\u0259l\u0259rinin h\u0259rbi \u00e7evrili\u015f\u0259 v\u0259 se\u00e7ilmi\u015f h\u00f6kum\u0259t \u00fczvl\u0259rinin tutulmas\u0131na etiraz n\u00fcmayi\u015fl\u0259rin\u0259 silahl\u0131 m\u00fcdaxil\u0259si n\u0259tic\u0259sind\u0259 \u0259n az 16 n\u0259f\u0259r \u00f6l\u00fcb. ARANTV.AZ\u00a0 qafqazinfo-ya istinad\u0259n x\u0259b\u0259r verir ki,\u00a0bu g\u00fcn Yanqon, Mandalay, Myeik, Vundvin, Meikhtila v\u0259 Kyaukpadaunq \u015f\u0259h\u0259rl\u0259rind\u0259 t\u0259\u015fkil edil\u0259n n\u00fcmayi\u015f\u0259 m\u00fcdaxil\u0259 ed\u0259n ordu k\u00fctl\u0259y\u0259 at\u0259\u015f a\u00e7\u0131b. N\u0259tic\u0259d\u0259 \u0259n az 16 n\u0259f\u0259rin h\u0259lak oldu\u011fu qeyd edilib. Bununla da, t\u0259hl\u00fck\u0259sizlik q\u00fcvv\u0259l\u0259rinin Myanmadak\u0131 etiraz aksiyalar\u0131na m\u00fcdaxil\u0259si n\u0259tic\u0259sind\u0259 bu g\u00fcn\u0259 q\u0259d\u0259r h\u0259yat\u0131n\u0131 itir\u0259nl\u0259rin say\u0131 344-\u0259 \u00e7at\u0131b. Qeyd ed\u0259k ki, Myanma ordusu \u00f6t\u0259n ilin noyabr\u0131nda ke\u00e7iril\u0259n se\u00e7kil\u0259rd\u0259 saxtakarl\u0131q v\u0259 \u00f6lk\u0259d\u0259ki siyasi g\u0259rginliyin artmas\u0131ndan sonra fevral\u0131n 1-d\u0259 r\u0259hb\u0259rliyi&hellip;<\/p>\n","protected":false},"author":2,"featured_media":319363,"comment_status":"closed","ping_status":"closed","sticky":false,"template":"","format":"standard","meta":{"om_disable_all_campaigns":false,"_monsterinsights_skip_tracking":false,"_monsterinsights_sitenote_active":false,"_monsterinsights_sitenote_note":"","_monsterinsights_sitenote_category":0},"categories":[7],"tags":[],"aioseo_notices":[],"gutentor_comment":0,"rttpg_featured_image_url":{"full":["https:\/\/arantv.az\/wp-content\/uploads\/2021\/03\/934217.jpg",800,600,false],"landscape":["https:\/\/arantv.az\/wp-content\/uploads\/2021\/03\/934217.jpg",800,600,false],"portraits":["https:\/\/arantv.az\/wp-content\/uploads\/2021\/03\/934217.jpg",800,600,false],"thumbnail":["https:\/\/arantv.az\/wp-content\/uploads\/2021\/03\/934217-150x150.jpg",150,150,true],"medium":["https:\/\/arantv.az\/wp-content\/uploads\/2021\/03\/934217-300x225.jpg",300,225,true],"large":["https:\/\/arantv.az\/wp-content\/uploads\/2021\/03\/934217.jpg",640,480,false],"1536x1536":["https:\/\/arantv.az\/wp-content\/uploads\/2021\/03\/934217.jpg",800,600,false],"2048x2048":["https:\/\/arantv.az\/wp-content\/uploads\/2021\/03\/934217.jpg",800,600,false],"post-thumbnail":["https:\/\/arantv.az\/wp-content\/uploads\/2021\/03\/934217-240x172.jpg",240,172,true],"advps-thumb-one":["https:\/\/arantv.az\/wp-content\/uploads\/2021\/03\/934217.jpg",800,600,false]},"rttpg_author":{"display_name":"V\u00fcsal Rafiqo\u011flu","author_link":"https:\/\/arantv.az\/?author=2"},"rttpg_comment":0,"rttpg_category":"<a href=\"https:\/\/arantv.az\/?cat=7\" rel=\"category\">D\u00fcnya<\/a>","rttpg_excerpt":"Myanma t\u0259hl\u00fck\u0259sizlik q\u00fcvv\u0259l\u0259rinin h\u0259rbi \u00e7evrili\u015f\u0259 v\u0259 se\u00e7ilmi\u015f h\u00f6kum\u0259t \u00fczvl\u0259rinin tutulmas\u0131na etiraz n\u00fcmayi\u015fl\u0259rin\u0259 silahl\u0131 m\u00fcdaxil\u0259si n\u0259tic\u0259sind\u0259 \u0259n az 16 n\u0259f\u0259r \u00f6l\u00fcb. ARANTV.AZ\u00a0 qafqazinfo-ya istinad\u0259n x\u0259b\u0259r verir ki,\u00a0bu g\u00fcn Yanqon, Mandalay, Myeik, Vundvin, Meikhtila v\u0259 Kyaukpadaunq \u015f\u0259h\u0259rl\u0259rind\u0259 t\u0259\u015fkil edil\u0259n n\u00fcmayi\u015f\u0259 m\u00fcdaxil\u0259 ed\u0259n ordu k\u00fctl\u0259y\u0259 at\u0259\u015f a\u00e7\u0131b. N\u0259tic\u0259d\u0259 \u0259n az 16 n\u0259f\u0259rin h\u0259lak oldu\u011fu qeyd edilib. Bununla da,&hellip;","_links":{"self":[{"href":"https:\/\/arantv.az\/index.php?rest_route=\/wp\/v2\/posts\/319362"}],"collection":[{"href":"https:\/\/arantv.az\/index.php?rest_route=\/wp\/v2\/posts"}],"about":[{"href":"https:\/\/arantv.az\/index.php?rest_route=\/wp\/v2\/types\/post"}],"author":[{"embeddable":true,"href":"https:\/\/arantv.az\/index.php?rest_route=\/wp\/v2\/users\/2"}],"replies":[{"embeddable":true,"href":"https:\/\/arantv.az\/index.php?rest_route=%2Fwp%2Fv2%2Fcomments&post=319362"}],"version-history":[{"count":0,"href":"https:\/\/arantv.az\/index.php?rest_route=\/wp\/v2\/posts\/319362\/revisions"}],"wp:featuredmedia":[{"embeddable":true,"href":"https:\/\/arantv.az\/index.php?rest_route=\/wp\/v2\/media\/319363"}],"wp:attachment":[{"href":"https:\/\/arantv.az\/index.php?rest_route=%2Fwp%2Fv2%2Fmedia&parent=319362"}],"wp:term":[{"taxonomy":"category","embeddable":true,"href":"https:\/\/arantv.az\/index.php?rest_route=%2Fwp%2Fv2%2Fcategories&post=319362"},{"taxonomy":"post_tag","embeddable":true,"href":"https:\/\/arantv.az\/index.php?rest_route=%2Fwp%2Fv2%2Ftags&post=319362"}],"curies":[{"name":"wp","href":"https:\/\/api.w.org\/{rel}","templated":true}]}}