{"id":319629,"date":"2021-03-28T20:16:36","date_gmt":"2021-03-28T17:16:36","guid":{"rendered":"http:\/\/arantv.az\/?p=319629"},"modified":"2021-03-28T20:16:36","modified_gmt":"2021-03-28T17:16:36","slug":"meksikada-t%c9%99yyar%c9%99-q%c9%99zasi-aralarinda-nazir-muavininin-d%c9%99-oldugu-alti-n%c9%99f%c9%99r-oldu-foto","status":"publish","type":"post","link":"https:\/\/arantv.az\/?p=319629","title":{"rendered":"Meksikada t\u0259yyar\u0259 q\u0259zas\u0131: Aralar\u0131nda nazir m\u00fcavininin d\u0259 oldu\u011fu alt\u0131 n\u0259f\u0259r \u00f6ld\u00fc &#8211; FOTO"},"content":{"rendered":"<article class=\"news\">\n<div class=\"news-inner\">\n<p>Meksikan\u0131n Sonora \u015ftat\u0131nda ikim\u00fch\u0259rrikli \u201cCessna\u201d t\u0259yyar\u0259sinin q\u0259zaya u\u011framas\u0131 n\u0259tic\u0259sind\u0259 alt\u0131 n\u0259f\u0259r h\u0259lak olub.<\/p>\n<p>Bu bar\u0259d\u0259 yerli \u201cLa Jornada\u201d n\u0259\u015fri m\u0259lumat yay\u0131b.<\/p>\n<p>T\u0259yyar\u0259d\u0259 yeddi n\u0259f\u0259rin oldu\u011fu bildirilib. S\u0259rni\u015finl\u0259rd\u0259n birinin yaral\u0131 oldu\u011fu qeyd edilib.<\/p>\n<div id=\"AdviadNativeVideo0\" class=\"AdviadNativeVideo\"><\/div>\n<p>Ki\u00e7ik tutumlu t\u0259yyar\u0259 Meksikan\u0131n Ermosilya \u015f\u0259h\u0259rind\u0259n AB\u015e-\u0131n Arizona \u015ftat\u0131ndak\u0131 Tuson \u015f\u0259h\u0259rin\u0259 u\u00e7ub. Lakin havaya qalxd\u0131qdan d\u0259rhal sonra yer\u0259 \u00e7\u0131rp\u0131l\u0131b.<\/p>\n<p>Q\u0259za n\u0259tic\u0259sind\u0259 \u00f6l\u0259nl\u0259r aras\u0131nda Sonora \u015ftat\u0131 iqtisadi inki\u015faf nazirinin m\u00fcavini d\u0259 var.<\/p>\n<p>Hadis\u0259 il\u0259 ba\u011fl\u0131 h\u00fcququ-m\u00fchafiz\u0259 orqanlar\u0131 ara\u015fd\u0131rma apar\u0131r.<\/p>\n<div>\n<div class=\"twitter-tweet twitter-tweet-rendered\"><iframe id=\"twitter-widget-0\" class=\"\" title=\"Twitter Tweet\" src=\"https:\/\/platform.twitter.com\/embed\/Tweet.html?creatorScreenName=oxuaz&amp;dnt=false&amp;embedId=twitter-widget-0&amp;frame=false&amp;hideCard=false&amp;hideThread=false&amp;id=1376028776522522629&amp;lang=en&amp;origin=https%3A%2F%2Foxu.az%2Fworld%2F479505&amp;siteScreenName=oxuaz&amp;theme=light&amp;widgetsVersion=e1ffbdb%3A1614796141937&amp;width=550px\" frameborder=\"0\" scrolling=\"no\" allowfullscreen=\"allowfullscreen\" data-tweet-id=\"1376028776522522629\" data-mce-fragment=\"1\"><\/iframe><\/div>\n<\/div>\n<\/div>\n<\/article>\n<h2 class=\"news-share-title\"><\/h2>\n","protected":false},"excerpt":{"rendered":"<p>Meksikan\u0131n Sonora \u015ftat\u0131nda ikim\u00fch\u0259rrikli \u201cCessna\u201d t\u0259yyar\u0259sinin q\u0259zaya u\u011framas\u0131 n\u0259tic\u0259sind\u0259 alt\u0131 n\u0259f\u0259r h\u0259lak olub. Bu bar\u0259d\u0259 yerli \u201cLa Jornada\u201d n\u0259\u015fri m\u0259lumat yay\u0131b. T\u0259yyar\u0259d\u0259 yeddi n\u0259f\u0259rin oldu\u011fu bildirilib. S\u0259rni\u015finl\u0259rd\u0259n birinin yaral\u0131 oldu\u011fu qeyd edilib. Ki\u00e7ik tutumlu t\u0259yyar\u0259 Meksikan\u0131n Ermosilya \u015f\u0259h\u0259rind\u0259n AB\u015e-\u0131n Arizona \u015ftat\u0131ndak\u0131 Tuson \u015f\u0259h\u0259rin\u0259 u\u00e7ub. Lakin havaya qalxd\u0131qdan d\u0259rhal sonra yer\u0259 \u00e7\u0131rp\u0131l\u0131b. Q\u0259za n\u0259tic\u0259sind\u0259 \u00f6l\u0259nl\u0259r aras\u0131nda Sonora \u015ftat\u0131 iqtisadi inki\u015faf nazirinin m\u00fcavini d\u0259 var. Hadis\u0259 il\u0259 ba\u011fl\u0131 h\u00fcququ-m\u00fchafiz\u0259 orqanlar\u0131 ara\u015fd\u0131rma apar\u0131r.<\/p>\n","protected":false},"author":2,"featured_media":319630,"comment_status":"closed","ping_status":"closed","sticky":false,"template":"","format":"standard","meta":{"om_disable_all_campaigns":false,"_monsterinsights_skip_tracking":false,"_monsterinsights_sitenote_active":false,"_monsterinsights_sitenote_note":"","_monsterinsights_sitenote_category":0},"categories":[7],"tags":[],"aioseo_notices":[],"gutentor_comment":0,"rttpg_featured_image_url":{"full":["https:\/\/arantv.az\/wp-content\/uploads\/2021\/03\/1127164372096.5095-900x.jpg",620,348,false],"landscape":["https:\/\/arantv.az\/wp-content\/uploads\/2021\/03\/1127164372096.5095-900x.jpg",620,348,false],"portraits":["https:\/\/arantv.az\/wp-content\/uploads\/2021\/03\/1127164372096.5095-900x.jpg",620,348,false],"thumbnail":["https:\/\/arantv.az\/wp-content\/uploads\/2021\/03\/1127164372096.5095-900x-150x150.jpg",150,150,true],"medium":["https:\/\/arantv.az\/wp-content\/uploads\/2021\/03\/1127164372096.5095-900x-300x168.jpg",300,168,true],"large":["https:\/\/arantv.az\/wp-content\/uploads\/2021\/03\/1127164372096.5095-900x.jpg",620,348,false],"1536x1536":["https:\/\/arantv.az\/wp-content\/uploads\/2021\/03\/1127164372096.5095-900x.jpg",620,348,false],"2048x2048":["https:\/\/arantv.az\/wp-content\/uploads\/2021\/03\/1127164372096.5095-900x.jpg",620,348,false],"post-thumbnail":["https:\/\/arantv.az\/wp-content\/uploads\/2021\/03\/1127164372096.5095-900x-240x172.jpg",240,172,true],"advps-thumb-one":["https:\/\/arantv.az\/wp-content\/uploads\/2021\/03\/1127164372096.5095-900x.jpg",620,348,false]},"rttpg_author":{"display_name":"V\u00fcsal Rafiqo\u011flu","author_link":"https:\/\/arantv.az\/?author=2"},"rttpg_comment":0,"rttpg_category":"<a href=\"https:\/\/arantv.az\/?cat=7\" rel=\"category\">D\u00fcnya<\/a>","rttpg_excerpt":"Meksikan\u0131n Sonora \u015ftat\u0131nda ikim\u00fch\u0259rrikli \u201cCessna\u201d t\u0259yyar\u0259sinin q\u0259zaya u\u011framas\u0131 n\u0259tic\u0259sind\u0259 alt\u0131 n\u0259f\u0259r h\u0259lak olub. Bu bar\u0259d\u0259 yerli \u201cLa Jornada\u201d n\u0259\u015fri m\u0259lumat yay\u0131b. T\u0259yyar\u0259d\u0259 yeddi n\u0259f\u0259rin oldu\u011fu bildirilib. S\u0259rni\u015finl\u0259rd\u0259n birinin yaral\u0131 oldu\u011fu qeyd edilib. Ki\u00e7ik tutumlu t\u0259yyar\u0259 Meksikan\u0131n Ermosilya \u015f\u0259h\u0259rind\u0259n AB\u015e-\u0131n Arizona \u015ftat\u0131ndak\u0131 Tuson \u015f\u0259h\u0259rin\u0259 u\u00e7ub. Lakin havaya qalxd\u0131qdan d\u0259rhal sonra yer\u0259 \u00e7\u0131rp\u0131l\u0131b. Q\u0259za n\u0259tic\u0259sind\u0259 \u00f6l\u0259nl\u0259r aras\u0131nda&hellip;","_links":{"self":[{"href":"https:\/\/arantv.az\/index.php?rest_route=\/wp\/v2\/posts\/319629"}],"collection":[{"href":"https:\/\/arantv.az\/index.php?rest_route=\/wp\/v2\/posts"}],"about":[{"href":"https:\/\/arantv.az\/index.php?rest_route=\/wp\/v2\/types\/post"}],"author":[{"embeddable":true,"href":"https:\/\/arantv.az\/index.php?rest_route=\/wp\/v2\/users\/2"}],"replies":[{"embeddable":true,"href":"https:\/\/arantv.az\/index.php?rest_route=%2Fwp%2Fv2%2Fcomments&post=319629"}],"version-history":[{"count":0,"href":"https:\/\/arantv.az\/index.php?rest_route=\/wp\/v2\/posts\/319629\/revisions"}],"wp:featuredmedia":[{"embeddable":true,"href":"https:\/\/arantv.az\/index.php?rest_route=\/wp\/v2\/media\/319630"}],"wp:attachment":[{"href":"https:\/\/arantv.az\/index.php?rest_route=%2Fwp%2Fv2%2Fmedia&parent=319629"}],"wp:term":[{"taxonomy":"category","embeddable":true,"href":"https:\/\/arantv.az\/index.php?rest_route=%2Fwp%2Fv2%2Fcategories&post=319629"},{"taxonomy":"post_tag","embeddable":true,"href":"https:\/\/arantv.az\/index.php?rest_route=%2Fwp%2Fv2%2Ftags&post=319629"}],"curies":[{"name":"wp","href":"https:\/\/api.w.org\/{rel}","templated":true}]}}