{"id":3198,"date":"2018-07-31T16:21:07","date_gmt":"2018-07-31T13:21:07","guid":{"rendered":"http:\/\/arantv.az\/?p=3198"},"modified":"2018-07-31T16:21:07","modified_gmt":"2018-07-31T13:21:07","slug":"futbol-meydaninda-ozunu-partlatdi","status":"publish","type":"post","link":"https:\/\/arantv.az\/?p=3198","title":{"rendered":"Futbol meydan\u0131nda \u00f6z\u00fcn\u00fc partlatd\u0131"},"content":{"rendered":"<p>Bel\u00e7ikan\u0131n Lieqe \u015f\u0259h\u0259rinin Verviers b\u00f6lg\u0259sind\u0259 futbol meydan\u0131nda partlay\u0131\u015f ba\u015f verib.<\/p>\n<p><b>ARANTV.AZ\u00a0<\/b> x\u0259b\u0259r verir ki, hadis\u0259 il\u0259 ba\u011fl\u0131 Verviersin b\u0259l\u0259diyy\u0259 ba\u015f\u00e7\u0131s\u0131n\u0131n m\u00fcavini\u00a0<strong>H\u0259s\u0259n Ayd\u0131n<\/strong>\u00a0m\u0259lumat verib.<\/p>\n<p>Onun s\u00f6zl\u0259rin\u0259 g\u00f6r\u0259, nam\u0259lum \u015f\u0259xs futbol meydan\u0131nda \u00fcz\u0259rind\u0259ki partlay\u0131c\u0131n\u0131 i\u015f\u0259 sal\u0131b.<\/p>\n<p>\u201cBu, terror akt\u0131 deyil. G\u00fcman edirik ki, o, intihar edib. H\u0259min \u015f\u0259xsin b\u00f6lg\u0259d\u0259 ya\u015fayan sabiq h\u0259rb\u00e7i oldu\u011funu ehtimal edirik\u201d.<\/p>\n<p>Polis \u0259m\u0259kda\u015flar\u0131 b\u00f6lg\u0259d\u0259 ba\u015fqa partlay\u0131c\u0131n\u0131n tap\u0131lmad\u0131\u011f\u0131n\u0131 bildiribl\u0259r. Hadis\u0259 zaman\u0131 intihar ed\u0259nd\u0259n ba\u015fqa \u00f6l\u0259n v\u0259 x\u0259sar\u0259t alan olmay\u0131b.<\/p>\n<p>oxu.az<\/p>\n","protected":false},"excerpt":{"rendered":"<p>Bel\u00e7ikan\u0131n Lieqe \u015f\u0259h\u0259rinin Verviers b\u00f6lg\u0259sind\u0259 futbol meydan\u0131nda partlay\u0131\u015f ba\u015f verib. ARANTV.AZ\u00a0 x\u0259b\u0259r verir ki, hadis\u0259 il\u0259 ba\u011fl\u0131 Verviersin b\u0259l\u0259diyy\u0259 ba\u015f\u00e7\u0131s\u0131n\u0131n m\u00fcavini\u00a0H\u0259s\u0259n Ayd\u0131n\u00a0m\u0259lumat verib. Onun s\u00f6zl\u0259rin\u0259 g\u00f6r\u0259, nam\u0259lum \u015f\u0259xs futbol meydan\u0131nda \u00fcz\u0259rind\u0259ki partlay\u0131c\u0131n\u0131 i\u015f\u0259 sal\u0131b. \u201cBu, terror akt\u0131 deyil. G\u00fcman edirik ki, o, intihar edib. H\u0259min \u015f\u0259xsin b\u00f6lg\u0259d\u0259 ya\u015fayan sabiq h\u0259rb\u00e7i oldu\u011funu ehtimal edirik\u201d. Polis \u0259m\u0259kda\u015flar\u0131 b\u00f6lg\u0259d\u0259 ba\u015fqa partlay\u0131c\u0131n\u0131n tap\u0131lmad\u0131\u011f\u0131n\u0131 bildiribl\u0259r. Hadis\u0259 zaman\u0131 intihar ed\u0259nd\u0259n ba\u015fqa \u00f6l\u0259n v\u0259 x\u0259sar\u0259t alan olmay\u0131b. oxu.az<\/p>\n","protected":false},"author":2,"featured_media":3199,"comment_status":"open","ping_status":"open","sticky":false,"template":"","format":"standard","meta":{"om_disable_all_campaigns":false,"_monsterinsights_skip_tracking":false,"_monsterinsights_sitenote_active":false,"_monsterinsights_sitenote_note":"","_monsterinsights_sitenote_category":0},"categories":[7],"tags":[],"aioseo_notices":[],"gutentor_comment":0,"rttpg_featured_image_url":{"full":["https:\/\/arantv.az\/wp-content\/uploads\/2018\/07\/fut.jpg",620,349,false],"landscape":["https:\/\/arantv.az\/wp-content\/uploads\/2018\/07\/fut.jpg",620,349,false],"portraits":["https:\/\/arantv.az\/wp-content\/uploads\/2018\/07\/fut.jpg",620,349,false],"thumbnail":["https:\/\/arantv.az\/wp-content\/uploads\/2018\/07\/fut-150x150.jpg",150,150,true],"medium":["https:\/\/arantv.az\/wp-content\/uploads\/2018\/07\/fut-300x169.jpg",300,169,true],"large":["https:\/\/arantv.az\/wp-content\/uploads\/2018\/07\/fut.jpg",620,349,false],"1536x1536":["https:\/\/arantv.az\/wp-content\/uploads\/2018\/07\/fut.jpg",620,349,false],"2048x2048":["https:\/\/arantv.az\/wp-content\/uploads\/2018\/07\/fut.jpg",620,349,false],"post-thumbnail":["https:\/\/arantv.az\/wp-content\/uploads\/2018\/07\/fut.jpg",240,135,false],"advps-thumb-one":["https:\/\/arantv.az\/wp-content\/uploads\/2018\/07\/fut.jpg",620,349,false]},"rttpg_author":{"display_name":"V\u00fcsal Rafiqo\u011flu","author_link":"https:\/\/arantv.az\/?author=2"},"rttpg_comment":0,"rttpg_category":"<a href=\"https:\/\/arantv.az\/?cat=7\" rel=\"category\">D\u00fcnya<\/a>","rttpg_excerpt":"Bel\u00e7ikan\u0131n Lieqe \u015f\u0259h\u0259rinin Verviers b\u00f6lg\u0259sind\u0259 futbol meydan\u0131nda partlay\u0131\u015f ba\u015f verib. ARANTV.AZ\u00a0 x\u0259b\u0259r verir ki, hadis\u0259 il\u0259 ba\u011fl\u0131 Verviersin b\u0259l\u0259diyy\u0259 ba\u015f\u00e7\u0131s\u0131n\u0131n m\u00fcavini\u00a0H\u0259s\u0259n Ayd\u0131n\u00a0m\u0259lumat verib. Onun s\u00f6zl\u0259rin\u0259 g\u00f6r\u0259, nam\u0259lum \u015f\u0259xs futbol meydan\u0131nda \u00fcz\u0259rind\u0259ki partlay\u0131c\u0131n\u0131 i\u015f\u0259 sal\u0131b. \u201cBu, terror akt\u0131 deyil. G\u00fcman edirik ki, o, intihar edib. H\u0259min \u015f\u0259xsin b\u00f6lg\u0259d\u0259 ya\u015fayan sabiq h\u0259rb\u00e7i oldu\u011funu ehtimal edirik\u201d. Polis \u0259m\u0259kda\u015flar\u0131&hellip;","_links":{"self":[{"href":"https:\/\/arantv.az\/index.php?rest_route=\/wp\/v2\/posts\/3198"}],"collection":[{"href":"https:\/\/arantv.az\/index.php?rest_route=\/wp\/v2\/posts"}],"about":[{"href":"https:\/\/arantv.az\/index.php?rest_route=\/wp\/v2\/types\/post"}],"author":[{"embeddable":true,"href":"https:\/\/arantv.az\/index.php?rest_route=\/wp\/v2\/users\/2"}],"replies":[{"embeddable":true,"href":"https:\/\/arantv.az\/index.php?rest_route=%2Fwp%2Fv2%2Fcomments&post=3198"}],"version-history":[{"count":0,"href":"https:\/\/arantv.az\/index.php?rest_route=\/wp\/v2\/posts\/3198\/revisions"}],"wp:featuredmedia":[{"embeddable":true,"href":"https:\/\/arantv.az\/index.php?rest_route=\/wp\/v2\/media\/3199"}],"wp:attachment":[{"href":"https:\/\/arantv.az\/index.php?rest_route=%2Fwp%2Fv2%2Fmedia&parent=3198"}],"wp:term":[{"taxonomy":"category","embeddable":true,"href":"https:\/\/arantv.az\/index.php?rest_route=%2Fwp%2Fv2%2Fcategories&post=3198"},{"taxonomy":"post_tag","embeddable":true,"href":"https:\/\/arantv.az\/index.php?rest_route=%2Fwp%2Fv2%2Ftags&post=3198"}],"curies":[{"name":"wp","href":"https:\/\/api.w.org\/{rel}","templated":true}]}}