{"id":320276,"date":"2021-03-30T11:55:27","date_gmt":"2021-03-30T08:55:27","guid":{"rendered":"http:\/\/arantv.az\/?p=320276"},"modified":"2021-03-30T12:22:33","modified_gmt":"2021-03-30T09:22:33","slug":"tovuzda-ogurluq-ed%c9%99n-s%c9%99xsl%c9%99r-%c9%99l%c9%99-kecdil%c9%99r","status":"publish","type":"post","link":"https:\/\/arantv.az\/?p=320276","title":{"rendered":"Tovuzda o\u011furluq ed\u0259n \u015f\u0259xsl\u0259r \u0259l\u0259 ke\u00e7dil\u0259r"},"content":{"rendered":"<p><img loading=\"lazy\" class=\"alignnone size-medium wp-image-320277\" src=\"https:\/\/arantv.az\/wp-content\/uploads\/2021\/03\/\u0421\u043d\u0438\u043c\u043e\u043a.jpg\" alt=\"\" width=\"1\" height=\"1\" \/>Tovuz rayon Polis \u015e\u00f6b\u0259sin\u0259 m\u00fcraci\u0259t ed\u0259n rayonun D\u00f6n\u00fck-Q\u0131r\u0131ql\u0131 k\u0259nd sakini olan bir qad\u0131n ona m\u0259xsus evd\u0259n q\u0131z\u0131l-zin\u0259t \u0259\u015fyalar\u0131n\u0131n o\u011furland\u0131\u011f\u0131n\u0131 bildirib. Daxil \u0130\u015fl\u0259r Nazirliyinin m\u0259tbuat xidm\u0259tinin G\u0259nc\u0259 regional qrupundan veril\u0259n m\u0259lumata g\u00f6r\u0259, d\u0259rhal Tovuz RP\u015e-nin \u0259m\u0259kda\u015flar\u0131 h\u0259min \u00fcnvana g\u0259lib, m\u00fcvafiq t\u0259dbirl\u0259r h\u0259yata ke\u00e7iribl\u0259r. Ara\u015fd\u0131rmalar zaman\u0131 m\u0259lum olub ki, v\u0259t\u0259nda\u015f\u0131n evind\u0259n \u00fcmumi d\u0259y\u0259ri 25 000 manat olan q\u0131z\u0131l-zin\u0259t \u0259\u015fyalar\u0131 o\u011furlan\u0131b. H\u0259yata ke\u00e7iril\u0259n \u0259m\u0259liyyat-axtar\u0131\u015f t\u0259dbirl\u0259ri n\u0259tic\u0259sind\u0259 cinay\u0259ti t\u00f6r\u0259tm\u0259kd\u0259 \u015f\u00fcbh\u0259li bilin\u0259n, rayonun A\u011facqala k\u0259nd sakini Aslan Quliyev v\u0259 z\u0259r\u0259r\u00e7\u0259kinin yetkinlik ya\u015f\u0131na \u00e7atmayan qohumu saxlan\u0131l\u0131b. Ara\u015fd\u0131rma zaman\u0131 m\u0259lub olub ki, saxlan\u0131lan \u015f\u0259xsl\u0259r \u0259vv\u0259lc\u0259d\u0259n planla\u015fd\u0131raraq o\u011furluq cinay\u0259tini t\u00f6r\u0259dib, daha sonra o\u011furlad\u0131qlar\u0131 q\u0131z\u0131l-zin\u0259t \u0259\u015fyalar\u0131n\u0131 Tovuz, G\u0259d\u0259b\u0259y, \u015e\u0259mkir, G\u0259nc\u0259 v\u0259 Bak\u0131 \u015f\u0259h\u0259rl\u0259rind\u0259 m\u00fc\u0259yy\u0259n m\u0259bl\u0259\u011f\u0259 sataraq aralar\u0131nda b\u00f6l\u00fc\u015fd\u00fcr\u00fcbl\u0259r. \u015e\u00fcbh\u0259li \u015f\u0259xsl\u0259r saxlan\u0131laraq maddi s\u00fcbutlarla birlikd\u0259 istintaqa t\u0259hvil verilib, faktla ba\u011fl\u0131 ara\u015fd\u0131rmalar davam etdirilir.<\/p>\n","protected":false},"excerpt":{"rendered":"<p>Tovuz rayon Polis \u015e\u00f6b\u0259sin\u0259 m\u00fcraci\u0259t ed\u0259n rayonun D\u00f6n\u00fck-Q\u0131r\u0131ql\u0131 k\u0259nd sakini olan bir qad\u0131n ona m\u0259xsus evd\u0259n q\u0131z\u0131l-zin\u0259t \u0259\u015fyalar\u0131n\u0131n o\u011furland\u0131\u011f\u0131n\u0131 bildirib. Daxil \u0130\u015fl\u0259r Nazirliyinin m\u0259tbuat xidm\u0259tinin G\u0259nc\u0259 regional qrupundan veril\u0259n m\u0259lumata g\u00f6r\u0259, d\u0259rhal Tovuz RP\u015e-nin \u0259m\u0259kda\u015flar\u0131 h\u0259min \u00fcnvana g\u0259lib, m\u00fcvafiq t\u0259dbirl\u0259r h\u0259yata ke\u00e7iribl\u0259r. Ara\u015fd\u0131rmalar zaman\u0131 m\u0259lum olub ki, v\u0259t\u0259nda\u015f\u0131n evind\u0259n \u00fcmumi d\u0259y\u0259ri 25 000 manat olan q\u0131z\u0131l-zin\u0259t \u0259\u015fyalar\u0131 o\u011furlan\u0131b. H\u0259yata ke\u00e7iril\u0259n \u0259m\u0259liyyat-axtar\u0131\u015f t\u0259dbirl\u0259ri n\u0259tic\u0259sind\u0259 cinay\u0259ti t\u00f6r\u0259tm\u0259kd\u0259 \u015f\u00fcbh\u0259li bilin\u0259n, rayonun A\u011facqala k\u0259nd sakini Aslan Quliyev v\u0259 z\u0259r\u0259r\u00e7\u0259kinin yetkinlik ya\u015f\u0131na \u00e7atmayan qohumu saxlan\u0131l\u0131b. Ara\u015fd\u0131rma zaman\u0131 m\u0259lub olub ki, saxlan\u0131lan \u015f\u0259xsl\u0259r \u0259vv\u0259lc\u0259d\u0259n planla\u015fd\u0131raraq o\u011furluq&hellip;<\/p>\n","protected":false},"author":2,"featured_media":320298,"comment_status":"closed","ping_status":"closed","sticky":false,"template":"","format":"standard","meta":{"om_disable_all_campaigns":false,"_monsterinsights_skip_tracking":false,"_monsterinsights_sitenote_active":false,"_monsterinsights_sitenote_note":"","_monsterinsights_sitenote_category":0},"categories":[1],"tags":[],"aioseo_notices":[],"gutentor_comment":0,"rttpg_featured_image_url":{"full":["https:\/\/arantv.az\/wp-content\/uploads\/2021\/03\/\u0421\u043d\u0438\u043c\u043e\u043a-1.jpg",620,330,false],"landscape":["https:\/\/arantv.az\/wp-content\/uploads\/2021\/03\/\u0421\u043d\u0438\u043c\u043e\u043a-1.jpg",620,330,false],"portraits":["https:\/\/arantv.az\/wp-content\/uploads\/2021\/03\/\u0421\u043d\u0438\u043c\u043e\u043a-1.jpg",620,330,false],"thumbnail":["https:\/\/arantv.az\/wp-content\/uploads\/2021\/03\/\u0421\u043d\u0438\u043c\u043e\u043a-1-150x150.jpg",150,150,true],"medium":["https:\/\/arantv.az\/wp-content\/uploads\/2021\/03\/\u0421\u043d\u0438\u043c\u043e\u043a-1-300x160.jpg",300,160,true],"large":["https:\/\/arantv.az\/wp-content\/uploads\/2021\/03\/\u0421\u043d\u0438\u043c\u043e\u043a-1.jpg",620,330,false],"1536x1536":["https:\/\/arantv.az\/wp-content\/uploads\/2021\/03\/\u0421\u043d\u0438\u043c\u043e\u043a-1.jpg",620,330,false],"2048x2048":["https:\/\/arantv.az\/wp-content\/uploads\/2021\/03\/\u0421\u043d\u0438\u043c\u043e\u043a-1.jpg",620,330,false],"post-thumbnail":["https:\/\/arantv.az\/wp-content\/uploads\/2021\/03\/\u0421\u043d\u0438\u043c\u043e\u043a-1-240x172.jpg",240,172,true],"advps-thumb-one":["https:\/\/arantv.az\/wp-content\/uploads\/2021\/03\/\u0421\u043d\u0438\u043c\u043e\u043a-1.jpg",620,330,false]},"rttpg_author":{"display_name":"V\u00fcsal Rafiqo\u011flu","author_link":"https:\/\/arantv.az\/?author=2"},"rttpg_comment":0,"rttpg_category":"<a href=\"https:\/\/arantv.az\/?cat=1\" rel=\"category\">C\u0259miyy\u0259t<\/a>","rttpg_excerpt":"Tovuz rayon Polis \u015e\u00f6b\u0259sin\u0259 m\u00fcraci\u0259t ed\u0259n rayonun D\u00f6n\u00fck-Q\u0131r\u0131ql\u0131 k\u0259nd sakini olan bir qad\u0131n ona m\u0259xsus evd\u0259n q\u0131z\u0131l-zin\u0259t \u0259\u015fyalar\u0131n\u0131n o\u011furland\u0131\u011f\u0131n\u0131 bildirib. Daxil \u0130\u015fl\u0259r Nazirliyinin m\u0259tbuat xidm\u0259tinin G\u0259nc\u0259 regional qrupundan veril\u0259n m\u0259lumata g\u00f6r\u0259, d\u0259rhal Tovuz RP\u015e-nin \u0259m\u0259kda\u015flar\u0131 h\u0259min \u00fcnvana g\u0259lib, m\u00fcvafiq t\u0259dbirl\u0259r h\u0259yata ke\u00e7iribl\u0259r. Ara\u015fd\u0131rmalar zaman\u0131 m\u0259lum olub ki, v\u0259t\u0259nda\u015f\u0131n evind\u0259n \u00fcmumi d\u0259y\u0259ri 25 000 manat olan&hellip;","_links":{"self":[{"href":"https:\/\/arantv.az\/index.php?rest_route=\/wp\/v2\/posts\/320276"}],"collection":[{"href":"https:\/\/arantv.az\/index.php?rest_route=\/wp\/v2\/posts"}],"about":[{"href":"https:\/\/arantv.az\/index.php?rest_route=\/wp\/v2\/types\/post"}],"author":[{"embeddable":true,"href":"https:\/\/arantv.az\/index.php?rest_route=\/wp\/v2\/users\/2"}],"replies":[{"embeddable":true,"href":"https:\/\/arantv.az\/index.php?rest_route=%2Fwp%2Fv2%2Fcomments&post=320276"}],"version-history":[{"count":0,"href":"https:\/\/arantv.az\/index.php?rest_route=\/wp\/v2\/posts\/320276\/revisions"}],"wp:featuredmedia":[{"embeddable":true,"href":"https:\/\/arantv.az\/index.php?rest_route=\/wp\/v2\/media\/320298"}],"wp:attachment":[{"href":"https:\/\/arantv.az\/index.php?rest_route=%2Fwp%2Fv2%2Fmedia&parent=320276"}],"wp:term":[{"taxonomy":"category","embeddable":true,"href":"https:\/\/arantv.az\/index.php?rest_route=%2Fwp%2Fv2%2Fcategories&post=320276"},{"taxonomy":"post_tag","embeddable":true,"href":"https:\/\/arantv.az\/index.php?rest_route=%2Fwp%2Fv2%2Ftags&post=320276"}],"curies":[{"name":"wp","href":"https:\/\/api.w.org\/{rel}","templated":true}]}}