{"id":320643,"date":"2021-03-31T08:49:25","date_gmt":"2021-03-31T05:49:25","guid":{"rendered":"https:\/\/arantv.az\/?p=320643"},"modified":"2021-03-31T08:49:25","modified_gmt":"2021-03-31T05:49:25","slug":"31-mart-soyqiriminda-q%c9%99tliam-tor%c9%99dil%c9%99n-quba-k%c9%99ndi-video","status":"publish","type":"post","link":"https:\/\/arantv.az\/?p=320643","title":{"rendered":"31 Mart soyq\u0131r\u0131m\u0131nda q\u0259tliam t\u00f6r\u0259dil\u0259n Quba k\u0259ndi &#8211; V\u0130DEO"},"content":{"rendered":"<p>Quban\u0131n Alpan k\u0259ndi Az\u0259rbaycan\u0131n \u0259n q\u0259dim ya\u015fay\u0131\u015f yerl\u0259rind\u0259n biri hesab olunur. Bu k\u0259nd 1918-ci ild\u0259 erm\u0259nil\u0259r t\u0259r\u0259find\u0259n \u0259n \u00e7ox h\u00fccuma m\u0259ruz qalan k\u0259ndl\u0259rd\u0259ndir.<\/p>\n<p>Erm\u0259ni vandallar\u0131 1918-ci ild\u0259 Alpana \u00fc\u00e7 istiqam\u0259td\u0259 q\u0259fild\u0259n h\u00fccum ed\u0259r\u0259k \u00f6z \u00e7irkin \u0259m\u0259ll\u0259rini h\u0259yata ke\u00e7iribl\u0259r. Silahs\u0131z, \u0259liyal\u0131n sakinl\u0259rin bir hiss\u0259si me\u015f\u0259l\u0259r\u0259 qa\u00e7araq \u00f6z can\u0131n\u0131 qurtarsa da, erm\u0259nil\u0259r k\u0259nd \u0259halisinin \u0259ks\u0259riyy\u0259tini v\u0259h\u015fic\u0259sin\u0259 \u00f6ld\u00fcr\u00fcb, i\u015fg\u0259nc\u0259l\u0259r\u0259 m\u0259ruz qoyublar.<\/p>\n<p>Erm\u0259ni d\u0259st\u0259l\u0259rinin h\u00fccumunda \u0259sas m\u0259qs\u0259d m\u00fcs\u0259lman \u0259haliy\u0259 qar\u015f\u0131 soyq\u0131r\u0131m\u0131 h\u0259yata ke\u00e7irm\u0259k olub. K\u0259ndd\u0259 b\u00fct\u00fcn evl\u0259ri yand\u0131ran erm\u0259nil\u0259r t\u0259kc\u0259 dinc sakinl\u0259ri q\u0259tl\u0259 yetirm\u0259yib, k\u0259nd q\u0259biristanl\u0131\u011f\u0131ndak\u0131 ba\u015f da\u015flar\u0131n\u0131 bel\u0259 g\u00fcll\u0259baran edibl\u0259r. G\u00fcll\u0259l\u0259rin izl\u0259ri ba\u015f da\u015flar\u0131n\u0131n \u00fcz\u0259rind\u0259 h\u0259l\u0259 d\u0259 qalmaqdad\u0131r.<\/p>\n<div id=\"AdviadNativeVideo0\" class=\"AdviadNativeVideo\"><\/div>\n<p>M\u00fcs\u0259lman \u0259haliy\u0259 qar\u015f\u0131 soyq\u0131r\u0131m\u0131 h\u0259yata ke\u00e7ir\u0259n erm\u0259nil\u0259rin dig\u0259r m\u0259qs\u0259di is\u0259 Az\u0259rbaycan\u0131n tarixi abid\u0259l\u0259rini yer \u00fcz\u0259rind\u0259n silm\u0259k olub. El\u0259 buna g\u00f6r\u0259 d\u0259 Alpanda olan tarixi q\u0259birl\u0259ri da\u011f\u0131dan d\u00fc\u015fm\u0259nl\u0259r XVI \u0259sr\u0259 aid Subaba t\u00fcrb\u0259sini d\u0259 yand\u0131r\u0131blar.<\/p>\n<p>1918-ci ilin aprel-may aylar\u0131nda talanlara v\u0259 yan\u011f\u0131nlara m\u0259ruz qalan Quba q\u0259zas\u0131nda 167 k\u0259nd tamamil\u0259 da\u011f\u0131d\u0131l\u0131b.<\/p>\n<p>Qeyd ed\u0259k ki, 31 mart soyq\u0131r\u0131m\u0131 n\u0259tic\u0259sind\u0259 6 000 Quba sakini bu faci\u0259nin qurban\u0131 olub.<\/p>\n<p>\u018ftrafl\u0131 Baku TV-nin s\u00fcjetini t\u0259qdim edirik:<\/p>\n<p>&nbsp;<\/p>\n<div><iframe loading=\"lazy\" title=\"YouTube video player\" src=\"https:\/\/www.youtube.com\/embed\/wOhmAntl7hs\" width=\"560\" height=\"315\" frameborder=\"0\" allowfullscreen=\"allowfullscreen\" data-mce-fragment=\"1\"><\/iframe><\/div>\n<p>&nbsp;<\/p>\n","protected":false},"excerpt":{"rendered":"<p>Quban\u0131n Alpan k\u0259ndi Az\u0259rbaycan\u0131n \u0259n q\u0259dim ya\u015fay\u0131\u015f yerl\u0259rind\u0259n biri hesab olunur. Bu k\u0259nd 1918-ci ild\u0259 erm\u0259nil\u0259r t\u0259r\u0259find\u0259n \u0259n \u00e7ox h\u00fccuma m\u0259ruz qalan k\u0259ndl\u0259rd\u0259ndir. Erm\u0259ni vandallar\u0131 1918-ci ild\u0259 Alpana \u00fc\u00e7 istiqam\u0259td\u0259 q\u0259fild\u0259n h\u00fccum ed\u0259r\u0259k \u00f6z \u00e7irkin \u0259m\u0259ll\u0259rini h\u0259yata ke\u00e7iribl\u0259r. Silahs\u0131z, \u0259liyal\u0131n sakinl\u0259rin bir hiss\u0259si me\u015f\u0259l\u0259r\u0259 qa\u00e7araq \u00f6z can\u0131n\u0131 qurtarsa da, erm\u0259nil\u0259r k\u0259nd \u0259halisinin \u0259ks\u0259riyy\u0259tini v\u0259h\u015fic\u0259sin\u0259 \u00f6ld\u00fcr\u00fcb, i\u015fg\u0259nc\u0259l\u0259r\u0259 m\u0259ruz qoyublar. Erm\u0259ni d\u0259st\u0259l\u0259rinin h\u00fccumunda \u0259sas m\u0259qs\u0259d m\u00fcs\u0259lman \u0259haliy\u0259 qar\u015f\u0131 soyq\u0131r\u0131m\u0131 h\u0259yata ke\u00e7irm\u0259k olub. K\u0259ndd\u0259 b\u00fct\u00fcn evl\u0259ri yand\u0131ran erm\u0259nil\u0259r t\u0259kc\u0259 dinc sakinl\u0259ri q\u0259tl\u0259 yetirm\u0259yib, k\u0259nd q\u0259biristanl\u0131\u011f\u0131ndak\u0131 ba\u015f da\u015flar\u0131n\u0131 bel\u0259 g\u00fcll\u0259baran edibl\u0259r. G\u00fcll\u0259l\u0259rin izl\u0259ri ba\u015f&hellip;<\/p>\n","protected":false},"author":2,"featured_media":320644,"comment_status":"closed","ping_status":"closed","sticky":false,"template":"","format":"standard","meta":{"om_disable_all_campaigns":false,"_monsterinsights_skip_tracking":false,"_monsterinsights_sitenote_active":false,"_monsterinsights_sitenote_note":"","_monsterinsights_sitenote_category":0},"categories":[26],"tags":[],"aioseo_notices":[],"gutentor_comment":0,"rttpg_featured_image_url":{"full":["https:\/\/arantv.az\/wp-content\/uploads\/2021\/03\/fg-2.jpg",620,368,false],"landscape":["https:\/\/arantv.az\/wp-content\/uploads\/2021\/03\/fg-2.jpg",620,368,false],"portraits":["https:\/\/arantv.az\/wp-content\/uploads\/2021\/03\/fg-2.jpg",620,368,false],"thumbnail":["https:\/\/arantv.az\/wp-content\/uploads\/2021\/03\/fg-2-150x150.jpg",150,150,true],"medium":["https:\/\/arantv.az\/wp-content\/uploads\/2021\/03\/fg-2-300x178.jpg",300,178,true],"large":["https:\/\/arantv.az\/wp-content\/uploads\/2021\/03\/fg-2.jpg",620,368,false],"1536x1536":["https:\/\/arantv.az\/wp-content\/uploads\/2021\/03\/fg-2.jpg",620,368,false],"2048x2048":["https:\/\/arantv.az\/wp-content\/uploads\/2021\/03\/fg-2.jpg",620,368,false],"post-thumbnail":["https:\/\/arantv.az\/wp-content\/uploads\/2021\/03\/fg-2-240x172.jpg",240,172,true],"advps-thumb-one":["https:\/\/arantv.az\/wp-content\/uploads\/2021\/03\/fg-2.jpg",620,368,false]},"rttpg_author":{"display_name":"V\u00fcsal Rafiqo\u011flu","author_link":"https:\/\/arantv.az\/?author=2"},"rttpg_comment":0,"rttpg_category":"<a href=\"https:\/\/arantv.az\/?cat=26\" rel=\"category\">Sosial<\/a>","rttpg_excerpt":"Quban\u0131n Alpan k\u0259ndi Az\u0259rbaycan\u0131n \u0259n q\u0259dim ya\u015fay\u0131\u015f yerl\u0259rind\u0259n biri hesab olunur. Bu k\u0259nd 1918-ci ild\u0259 erm\u0259nil\u0259r t\u0259r\u0259find\u0259n \u0259n \u00e7ox h\u00fccuma m\u0259ruz qalan k\u0259ndl\u0259rd\u0259ndir. Erm\u0259ni vandallar\u0131 1918-ci ild\u0259 Alpana \u00fc\u00e7 istiqam\u0259td\u0259 q\u0259fild\u0259n h\u00fccum ed\u0259r\u0259k \u00f6z \u00e7irkin \u0259m\u0259ll\u0259rini h\u0259yata ke\u00e7iribl\u0259r. Silahs\u0131z, \u0259liyal\u0131n sakinl\u0259rin bir hiss\u0259si me\u015f\u0259l\u0259r\u0259 qa\u00e7araq \u00f6z can\u0131n\u0131 qurtarsa da, erm\u0259nil\u0259r k\u0259nd \u0259halisinin \u0259ks\u0259riyy\u0259tini v\u0259h\u015fic\u0259sin\u0259 \u00f6ld\u00fcr\u00fcb,&hellip;","_links":{"self":[{"href":"https:\/\/arantv.az\/index.php?rest_route=\/wp\/v2\/posts\/320643"}],"collection":[{"href":"https:\/\/arantv.az\/index.php?rest_route=\/wp\/v2\/posts"}],"about":[{"href":"https:\/\/arantv.az\/index.php?rest_route=\/wp\/v2\/types\/post"}],"author":[{"embeddable":true,"href":"https:\/\/arantv.az\/index.php?rest_route=\/wp\/v2\/users\/2"}],"replies":[{"embeddable":true,"href":"https:\/\/arantv.az\/index.php?rest_route=%2Fwp%2Fv2%2Fcomments&post=320643"}],"version-history":[{"count":0,"href":"https:\/\/arantv.az\/index.php?rest_route=\/wp\/v2\/posts\/320643\/revisions"}],"wp:featuredmedia":[{"embeddable":true,"href":"https:\/\/arantv.az\/index.php?rest_route=\/wp\/v2\/media\/320644"}],"wp:attachment":[{"href":"https:\/\/arantv.az\/index.php?rest_route=%2Fwp%2Fv2%2Fmedia&parent=320643"}],"wp:term":[{"taxonomy":"category","embeddable":true,"href":"https:\/\/arantv.az\/index.php?rest_route=%2Fwp%2Fv2%2Fcategories&post=320643"},{"taxonomy":"post_tag","embeddable":true,"href":"https:\/\/arantv.az\/index.php?rest_route=%2Fwp%2Fv2%2Ftags&post=320643"}],"curies":[{"name":"wp","href":"https:\/\/api.w.org\/{rel}","templated":true}]}}