{"id":320646,"date":"2021-03-31T08:52:49","date_gmt":"2021-03-31T05:52:49","guid":{"rendered":"https:\/\/arantv.az\/?p=320646"},"modified":"2021-03-31T08:52:49","modified_gmt":"2021-03-31T05:52:49","slug":"erm%c9%99nil%c9%99rin-terrorcu-mahiyy%c9%99ti-d%c9%99yism%c9%99yib","status":"publish","type":"post","link":"https:\/\/arantv.az\/?p=320646","title":{"rendered":"&#8220;Erm\u0259nil\u0259rin terror\u00e7u mahiyy\u0259ti d\u0259yi\u015fm\u0259yib&#8221;"},"content":{"rendered":"<p>&#8220;Tarixin m\u00fcxt\u0259lif d\u00f6vrl\u0259rind\u0259 xalq\u0131m\u0131z erm\u0259ni mill\u0259t\u00e7il\u0259ri t\u0259r\u0259find\u0259n soyq\u0131r\u0131m\u0131 cinay\u0259tl\u0259rin\u0259, k\u00fctl\u0259vi q\u0131r\u011f\u0131nlara, deportasiyalara, etnik t\u0259mizl\u0259m\u0259l\u0259r\u0259 v\u0259 terrora m\u0259ruz qal\u0131b. Bel\u0259 hadis\u0259l\u0259rd\u0259n biri d\u0259 1918-ci ilin mart q\u0131r\u011f\u0131nlar\u0131 miqyas\u0131 bax\u0131m\u0131ndan daha qanl\u0131 v\u0259 d\u0259h\u015f\u0259tli olub&#8221;.<\/p>\n<p><strong>ARANTV.AZ<\/strong>\u00a0 bildirir ki, bunu <a href=\"https:\/\/az.trend.az\/\" target=\"_blank\" rel=\"noopener\">Trend<\/a>-\u0259\u00a0Milli M\u0259clisin deputat\u0131 Fatma Y\u0131ld\u0131r\u0131m deyib.<\/p>\n<p><img src=\"https:\/\/img.milli.az\/2021\/03\/31\/935120.jpg\" alt=\"\" \/><\/p>\n<p>Fatma Y\u0131ld\u0131r\u0131m bildirib ki, erm\u0259nil\u0259r t\u0259r\u0259find\u0259n 1905-1907, 1918-1920, 1948-1953-c\u00fc ill\u0259rd\u0259 q\u0259tliamlar t\u00f6r\u0259dilib. Amma sovetl\u0259 d\u00f6n\u0259mind\u0259 bu faktlar gizl\u0259dilib v\u0259 ya t\u0259hrif olunmu\u015f \u015f\u0259kild\u0259 t\u0259qdim olunub. Ke\u00e7mi\u015fin ac\u0131 s\u0259hif\u0259l\u0259rinin n\u00f6vb\u0259ti n\u0259sill\u0259rin yadda\u015f\u0131nda hifz edilm\u0259sin\u0259, xalq\u0131n \u00f6z tarixind\u0259n ibr\u0259t d\u0259rsi g\u00f6t\u00fcrm\u0259sin\u0259 imkan verilmirdi. N\u0259tic\u0259d\u0259 \u00f6t\u0259n \u0259srin 80-ci ill\u0259rinin sonu 90-c\u0131 ill\u0259rinin \u0259vv\u0259ll\u0259rind\u0259 erm\u0259ni ekspansionist \u015fovinizmi bir daha ba\u015f qald\u0131rd\u0131, Az\u0259rbaycan xalq\u0131 yenid\u0259n \u00e7\u0259tin s\u0131naqlara, deportasiya, etnik t\u0259mizl\u0259m\u0259, i\u015f\u011fala d\u00fc\u00e7ar oldu v\u0259 Xocal\u0131 soyq\u0131r\u0131m\u0131 kimi d\u0259h\u015f\u0259tli faci\u0259 ya\u015fad\u0131.<\/p>\n<p>Mill\u0259t v\u0259kilinin s\u00f6zl\u0259rin\u0259 g\u00f6r\u0259, yaln\u0131z m\u00fcst\u0259qillik ill\u0259rind\u0259 ke\u00e7mi\u015fimizin ger\u00e7\u0259k m\u0259nz\u0259r\u0259sini yaratmaq v\u0259 xalq\u0131m\u0131za qar\u015f\u0131 d\u0259f\u0259l\u0259rl\u0259 t\u00f6r\u0259dilmi\u015f soyq\u0131r\u0131m\u0131 cinay\u0259tl\u0259rin\u0259 siyasi-h\u00fcquqi qiym\u0259t verm\u0259k imkan\u0131 qazand\u0131q. Bu bax\u0131mdan \u00dcmummilli Lider Heyd\u0259r \u018fliyevin 1998-ci il mart\u0131n 26-da imzalad\u0131\u011f\u0131 &#8220;Az\u0259rbaycanl\u0131lar\u0131n soyq\u0131r\u0131m\u0131 haqq\u0131nda&#8221; F\u0259rman m\u00fch\u00fcm tarixi \u0259h\u0259miyy\u0259t k\u0259sb edir. H\u0259min s\u0259n\u0259dd\u0259 XIX \u0259srin \u0259vv\u0259ll\u0259rind\u0259n m\u00fcasir d\u00f6vr\u00fcm\u00fcz\u0259 q\u0259d\u0259r Az\u0259rbaycan torpaqlar\u0131n\u0131n z\u0259bti, k\u00fctl\u0259vi q\u0131r\u011f\u0131nlar, deportasiya v\u0259 etnik t\u0259mizl\u0259m\u0259l\u0259rl\u0259 m\u00fc\u015fayi\u0259t olunan faci\u0259l\u0259r &#8220;erm\u0259nil\u0259rin az\u0259rbaycanl\u0131lara qar\u015f\u0131 d\u00fc\u015f\u00fcn\u00fclm\u00fc\u015f, planl\u0131 sur\u0259td\u0259 h\u0259yata ke\u00e7irdiyi soyq\u0131r\u0131m\u0131 siyas\u0259tinin ayr\u0131-ayr\u0131 m\u0259rh\u0259l\u0259l\u0259ri&#8221; kimi qiym\u0259tl\u0259ndirilmi\u015f v\u0259 31 mart &#8220;Az\u0259rbaycanl\u0131lar\u0131n Soyq\u0131r\u0131m\u0131 G\u00fcn\u00fc&#8221; elan edilib. Bu s\u0259r\u0259ncama \u0259sas\u0259n \u00f6lk\u0259mizd\u0259 h\u0259r il 31 mart &#8220;Az\u0259rbaycanl\u0131lar\u0131n Soyq\u0131r\u0131m\u0131 G\u00fcn\u00fc&#8221; qeyd olunur, soyq\u0131r\u0131m\u0131 qurbanlar\u0131 an\u0131l\u0131r.<br \/>\nDeputat qeyd edib ki, Ulu \u00d6nd\u0259rin t\u0259\u015f\u0259bb\u00fcs\u00fc il\u0259 Xocal\u0131 soyq\u0131r\u0131m\u0131na da siyasi-h\u00fcquqi qiym\u0259t verilib, fevral\u0131n 26-s\u0131 &#8220;Xocal\u0131 soyq\u0131r\u0131m\u0131 g\u00fcn\u00fc&#8221; elan olunub. 2008-ci ild\u0259n Heyd\u0259r \u018fliyev Fondunun vitse-prezidenti Leyla xan\u0131m \u018fliyevan\u0131n t\u0259\u015f\u0259bb\u00fcs\u00fc il\u0259 ba\u015flanm\u0131\u015f &#8220;Xocal\u0131ya \u0259dal\u0259t&#8221; beyn\u0259lxalq kampaniyas\u0131 \u00e7\u0259r\u00e7iv\u0259sind\u0259 apar\u0131lan i\u015fl\u0259r say\u0259sind\u0259 faci\u0259 il\u0259 ba\u011fl\u0131 faktlar geni\u015f beyn\u0259lxalq ictimaiyy\u0259t\u0259 \u00e7atd\u0131r\u0131l\u0131b. &#8220;Xalq\u0131m\u0131za qar\u015f\u0131 t\u00f6r\u0259dilmi\u015f soyq\u0131r\u0131m\u0131n unutdurulmamas\u0131 v\u0259 g\u0259l\u0259c\u0259k n\u0259sill\u0259r\u0259 \u00e7atd\u0131r\u0131lmas\u0131 \u00fc\u00e7\u00fcn c\u0259nab Prezident \u0130lham \u018fliyev v\u0259 Birinci vitse-prezident Mehriban xan\u0131m \u018fliyevan\u0131n r\u0259hb\u0259rliyi il\u0259 geni\u015fmiqyasl\u0131 i\u015fl\u0259r g\u00f6r\u00fcl\u00fcr. M\u0259hz bunun n\u0259tic\u0259sidir ki, d\u00fcnya ictimaiyy\u0259ti erm\u0259nil\u0259rin az\u0259rbaycanl\u0131lara qar\u015f\u0131 t\u00f6r\u0259tdiyi soyq\u0131r\u0131mlar\u0131 il\u0259 ba\u011fl\u0131 \u0259trafl\u0131 m\u0259lumatland\u0131r\u0131l\u0131r, ger\u00e7\u0259k h\u0259qiq\u0259tl\u0259r t\u0259qdim olunur. Bu bax\u0131mdan, Heyd\u0259r \u018fliyev Fondunun t\u0259\u015f\u0259bb\u00fcs\u00fc v\u0259 Az\u0259rbaycan Prezidentinin s\u0259r\u0259ncam\u0131 il\u0259 Quba Soyq\u0131r\u0131m\u0131 Memorial Kompleksinin yarad\u0131lmas\u0131 da b\u00f6y\u00fck \u0259h\u0259miyy\u0259t k\u0259sb edir. Bu kompleks erm\u0259ni c\u0259lladlar\u0131n\u0131n y\u00fczl\u0259rl\u0259 g\u00fcnahs\u0131z insan\u0131 q\u0259tl\u0259 yetirib quyulara doldurdu\u011fu yerd\u0259 ucald\u0131l\u0131b. 2013-c\u00fc ild\u0259 Heyd\u0259r \u018fliyev Fondunun prezidenti Mehriban xan\u0131m \u018fliyevan\u0131n d\u0259st\u0259yi il\u0259 yarad\u0131lan Quba Soyq\u0131r\u0131m\u0131 Memorial Kompleksi \u00f6t\u0259n \u0259srin \u0259vv\u0259lind\u0259 erm\u0259nil\u0259rin az\u0259rbaycanl\u0131lara qar\u015f\u0131 h\u0259yata ke\u00e7irdikl\u0259ri soyq\u0131r\u0131m\u0131, etnik t\u0259mizl\u0259m\u0259, dinc \u0259halinin amans\u0131zl\u0131qla q\u0259tl\u0259 yetirilm\u0259sini faktlarla \u0259ks etdir\u0259n muzey v\u0259 k\u00fctl\u0259vi m\u0259zarl\u0131qdan ibar\u0259tdir. Kompleks erm\u0259nil\u0259rin cinay\u0259tkar \u0259m\u0259ll\u0259rinin d\u00fcnya ictimaiyy\u0259tin\u0259 \u00e7atd\u0131r\u0131lmas\u0131nda, h\u0259m\u00e7inin Az\u0259rbaycan xalq\u0131n\u0131n g\u0259l\u0259c\u0259k n\u0259sill\u0259rinin milli yadda\u015f\u0131n\u0131n qorunmas\u0131nda v\u0259 g\u0259ncl\u0259rin v\u0259t\u0259np\u0259rv\u0259rlik ruhunda t\u0259rbiy\u0259sind\u0259 m\u00fch\u00fcm rol oynay\u0131r. D\u00fc\u015f\u00fcn\u00fcr\u0259m ki, h\u0259r birimiz ger\u00e7\u0259k h\u0259qiq\u0259tl\u0259rin g\u0259l\u0259c\u0259k n\u0259sill\u0259r\u0259 \u00e7atd\u0131r\u0131lmas\u0131nda f\u0259al i\u015ftirak etm\u0259liyik. \u00c7\u00fcnki, soyq\u0131r\u0131m\u0131n unutudurulmamas\u0131 v\u0259 t\u00f6r\u0259dilmi\u015f faci\u0259l\u0259rin g\u0259l\u0259c\u0259k n\u0259sill\u0259r\u0259 \u00f6t\u00fcr\u00fclm\u0259si \u00e7ox vacibdir. Bu birinci n\u00f6vb\u0259d\u0259 h\u0259r bir ail\u0259d\u0259n ba\u015flamal\u0131d\u0131r. M\u0259n n\u0259n\u0259min o vaxt Qaraba\u011fda, onlar\u0131n ya\u015fad\u0131qlar\u0131 Mal\u0131b\u0259yli k\u0259ndind\u0259 erm\u0259nil\u0259rin t\u00f6r\u0259tdikl\u0259ri v\u0259h\u015filikl\u0259rl\u0259, q\u0259tliamla ba\u011fl\u0131 biz\u0259 h\u0259r zaman dan\u0131\u015fd\u0131qlar\u0131n\u0131 xat\u0131rlay\u0131ram. N\u0259n\u0259l\u0259rimiz, babalar\u0131m\u0131z biz\u0259 dan\u0131\u015fd\u0131\u011f\u0131 kimi, biz d\u0259 bunlar\u0131 g\u0259l\u0259c\u0259k n\u0259sill\u0259r\u0259 \u00e7at\u0131rmal\u0131y\u0131q&#8221;, &#8211; dey\u0259n deputat s\u00f6yl\u0259yib ki, erm\u0259ni mill\u0259t\u00e7il\u0259ri soyq\u0131r\u0131mlar\u0131 t\u00f6r\u0259tm\u0259kl\u0259 Az\u0259rbaycan xalq\u0131n\u0131 sars\u0131tmaq, torpaqlar\u0131m\u0131z\u0131 zorla \u0259l\u0259 ke\u00e7irm\u0259k m\u0259qs\u0259di g\u00fcds\u0259l\u0259r d\u0259, a\u011f\u0131r faci\u0259l\u0259r xalq\u0131m\u0131z\u0131 daha da m\u0259tinl\u0259\u015fdirib, q\u0259hr\u0259man o\u011ful v\u0259 q\u0131zlar\u0131m\u0131z\u0131 m\u00fcq\u0259dd\u0259s V\u0259t\u0259n v\u0259 milli d\u00f6vl\u0259t\u00e7iliyimiz namin\u0259 q\u0259tiyy\u0259tli v\u0259 m\u00fct\u0259\u015f\u0259kkil m\u00fcbariz\u0259y\u0259 s\u0259f\u0259rb\u0259r edib, ordumuzun Erm\u0259nistan qo\u015funlar\u0131n\u0131n h\u0259rbi t\u0259xribatlar\u0131na verdiyi layiqli cavab, i\u015f\u011fal alt\u0131nda olan torpaqlar\u0131m\u0131z\u0131n azad edilm\u0259si Az\u0259rbaycan\u0131n n\u0259y\u0259 qadir oldu\u011funu \u0259yani \u015f\u0259kild\u0259 n\u00fcmayi\u015f etdirdi.<\/p>\n<p>&#8220;Erm\u0259nil\u0259r uzun ill\u0259rdir ki, uydurma &#8220;erm\u0259ni soyq\u0131r\u0131m\u0131n\u0131&#8221; d\u00fcnyada t\u0259bli\u011f etm\u0259y\u0259 \u00e7al\u0131\u015f\u0131rlar. Amma tarixi faktlar s\u00fcbut edir ki, \u0259sl soyq\u0131r\u0131m\u0131n\u0131 erm\u0259nil\u0259rin \u00f6zl\u0259ri t\u00f6r\u0259dib. B\u00fct\u00fcn d\u00fcnyaya bu mill\u0259tin ger\u00e7\u0259k xarakterini g\u00f6st\u0259rm\u0259k laz\u0131md\u0131r. \u00c7\u00fcnki erm\u0259ni vandallar\u0131 h\u0259r zaman dinc, g\u00fcnahs\u0131z insanlar\u0131 ac\u0131mas\u0131zca q\u0259tl edibl\u0259r. Qubada a\u015fkar olunmu\u015f k\u00fctl\u0259vi m\u0259zarl\u0131q, Xocal\u0131 q\u0259tliam\u0131 xalq\u0131m\u0131za qar\u015f\u0131 t\u00f6r\u0259dilmi\u015f soyq\u0131r\u0131mlar\u0131n\u0131n d\u0259h\u015f\u0259tl\u0259rini \u00f6z\u00fcnd\u0259 \u0259ks etdirir. 44 g\u00fcnl\u00fck V\u0259t\u0259n m\u00fcharib\u0259sind\u0259 d\u0259 B\u0259rd\u0259 v\u0259 G\u0259nc\u0259y\u0259 olunmu\u015f raket h\u00fccumlar\u0131 n\u0259tic\u0259sind\u0259 g\u00fcnahs\u0131z insanlar\u0131n q\u0259tl edilm\u0259si erm\u0259nil\u0259rin terror\u00e7u mahiyy\u0259tinin d\u0259yi\u015fm\u0259diyini g\u00f6st\u0259rdi. Onlar b\u00fct\u00fcn bunlar\u0131 cavab\u0131n\u0131 m\u00fctl\u0259q ver\u0259c\u0259kl\u0259r. Erm\u0259nil\u0259rd\u0259n xalq\u0131m\u0131za vurduqlar\u0131 b\u00fct\u00fcn maddi, m\u0259n\u0259vi ziyanlar\u0131n, t\u00f6r\u0259tdikl\u0259ri cinay\u0259tl\u0259rin hesab\u0131 sorulacaq&#8221;,-dey\u0259 Fatma Y\u0131ld\u0131r\u0131m vur\u011fulay\u0131b.<\/p>\n","protected":false},"excerpt":{"rendered":"<p>&#8220;Tarixin m\u00fcxt\u0259lif d\u00f6vrl\u0259rind\u0259 xalq\u0131m\u0131z erm\u0259ni mill\u0259t\u00e7il\u0259ri t\u0259r\u0259find\u0259n soyq\u0131r\u0131m\u0131 cinay\u0259tl\u0259rin\u0259, k\u00fctl\u0259vi q\u0131r\u011f\u0131nlara, deportasiyalara, etnik t\u0259mizl\u0259m\u0259l\u0259r\u0259 v\u0259 terrora m\u0259ruz qal\u0131b. Bel\u0259 hadis\u0259l\u0259rd\u0259n biri d\u0259 1918-ci ilin mart q\u0131r\u011f\u0131nlar\u0131 miqyas\u0131 bax\u0131m\u0131ndan daha qanl\u0131 v\u0259 d\u0259h\u015f\u0259tli olub&#8221;. ARANTV.AZ\u00a0 bildirir ki, bunu Trend-\u0259\u00a0Milli M\u0259clisin deputat\u0131 Fatma Y\u0131ld\u0131r\u0131m deyib. Fatma Y\u0131ld\u0131r\u0131m bildirib ki, erm\u0259nil\u0259r t\u0259r\u0259find\u0259n 1905-1907, 1918-1920, 1948-1953-c\u00fc ill\u0259rd\u0259 q\u0259tliamlar t\u00f6r\u0259dilib. Amma sovetl\u0259 d\u00f6n\u0259mind\u0259 bu faktlar gizl\u0259dilib v\u0259 ya t\u0259hrif olunmu\u015f \u015f\u0259kild\u0259 t\u0259qdim olunub. Ke\u00e7mi\u015fin ac\u0131 s\u0259hif\u0259l\u0259rinin n\u00f6vb\u0259ti n\u0259sill\u0259rin yadda\u015f\u0131nda hifz edilm\u0259sin\u0259, xalq\u0131n \u00f6z tarixind\u0259n ibr\u0259t d\u0259rsi g\u00f6t\u00fcrm\u0259sin\u0259 imkan verilmirdi. N\u0259tic\u0259d\u0259 \u00f6t\u0259n \u0259srin 80-ci ill\u0259rinin sonu&hellip;<\/p>\n","protected":false},"author":2,"featured_media":320647,"comment_status":"closed","ping_status":"closed","sticky":false,"template":"","format":"standard","meta":{"om_disable_all_campaigns":false,"_monsterinsights_skip_tracking":false,"_monsterinsights_sitenote_active":false,"_monsterinsights_sitenote_note":"","_monsterinsights_sitenote_category":0},"categories":[4],"tags":[],"aioseo_notices":[],"gutentor_comment":0,"rttpg_featured_image_url":{"full":["https:\/\/arantv.az\/wp-content\/uploads\/2021\/03\/ermenistan_0285-7.jpg",800,600,false],"landscape":["https:\/\/arantv.az\/wp-content\/uploads\/2021\/03\/ermenistan_0285-7.jpg",800,600,false],"portraits":["https:\/\/arantv.az\/wp-content\/uploads\/2021\/03\/ermenistan_0285-7.jpg",800,600,false],"thumbnail":["https:\/\/arantv.az\/wp-content\/uploads\/2021\/03\/ermenistan_0285-7-150x150.jpg",150,150,true],"medium":["https:\/\/arantv.az\/wp-content\/uploads\/2021\/03\/ermenistan_0285-7-300x225.jpg",300,225,true],"large":["https:\/\/arantv.az\/wp-content\/uploads\/2021\/03\/ermenistan_0285-7.jpg",640,480,false],"1536x1536":["https:\/\/arantv.az\/wp-content\/uploads\/2021\/03\/ermenistan_0285-7.jpg",800,600,false],"2048x2048":["https:\/\/arantv.az\/wp-content\/uploads\/2021\/03\/ermenistan_0285-7.jpg",800,600,false],"post-thumbnail":["https:\/\/arantv.az\/wp-content\/uploads\/2021\/03\/ermenistan_0285-7-240x172.jpg",240,172,true],"advps-thumb-one":["https:\/\/arantv.az\/wp-content\/uploads\/2021\/03\/ermenistan_0285-7.jpg",800,600,false]},"rttpg_author":{"display_name":"V\u00fcsal Rafiqo\u011flu","author_link":"https:\/\/arantv.az\/?author=2"},"rttpg_comment":0,"rttpg_category":"<a href=\"https:\/\/arantv.az\/?cat=4\" rel=\"category\">Siyas\u0259t<\/a>","rttpg_excerpt":"&#8220;Tarixin m\u00fcxt\u0259lif d\u00f6vrl\u0259rind\u0259 xalq\u0131m\u0131z erm\u0259ni mill\u0259t\u00e7il\u0259ri t\u0259r\u0259find\u0259n soyq\u0131r\u0131m\u0131 cinay\u0259tl\u0259rin\u0259, k\u00fctl\u0259vi q\u0131r\u011f\u0131nlara, deportasiyalara, etnik t\u0259mizl\u0259m\u0259l\u0259r\u0259 v\u0259 terrora m\u0259ruz qal\u0131b. Bel\u0259 hadis\u0259l\u0259rd\u0259n biri d\u0259 1918-ci ilin mart q\u0131r\u011f\u0131nlar\u0131 miqyas\u0131 bax\u0131m\u0131ndan daha qanl\u0131 v\u0259 d\u0259h\u015f\u0259tli olub&#8221;. ARANTV.AZ\u00a0 bildirir ki, bunu Trend-\u0259\u00a0Milli M\u0259clisin deputat\u0131 Fatma Y\u0131ld\u0131r\u0131m deyib. Fatma Y\u0131ld\u0131r\u0131m bildirib ki, erm\u0259nil\u0259r t\u0259r\u0259find\u0259n 1905-1907, 1918-1920, 1948-1953-c\u00fc ill\u0259rd\u0259 q\u0259tliamlar t\u00f6r\u0259dilib.&hellip;","_links":{"self":[{"href":"https:\/\/arantv.az\/index.php?rest_route=\/wp\/v2\/posts\/320646"}],"collection":[{"href":"https:\/\/arantv.az\/index.php?rest_route=\/wp\/v2\/posts"}],"about":[{"href":"https:\/\/arantv.az\/index.php?rest_route=\/wp\/v2\/types\/post"}],"author":[{"embeddable":true,"href":"https:\/\/arantv.az\/index.php?rest_route=\/wp\/v2\/users\/2"}],"replies":[{"embeddable":true,"href":"https:\/\/arantv.az\/index.php?rest_route=%2Fwp%2Fv2%2Fcomments&post=320646"}],"version-history":[{"count":0,"href":"https:\/\/arantv.az\/index.php?rest_route=\/wp\/v2\/posts\/320646\/revisions"}],"wp:featuredmedia":[{"embeddable":true,"href":"https:\/\/arantv.az\/index.php?rest_route=\/wp\/v2\/media\/320647"}],"wp:attachment":[{"href":"https:\/\/arantv.az\/index.php?rest_route=%2Fwp%2Fv2%2Fmedia&parent=320646"}],"wp:term":[{"taxonomy":"category","embeddable":true,"href":"https:\/\/arantv.az\/index.php?rest_route=%2Fwp%2Fv2%2Fcategories&post=320646"},{"taxonomy":"post_tag","embeddable":true,"href":"https:\/\/arantv.az\/index.php?rest_route=%2Fwp%2Fv2%2Ftags&post=320646"}],"curies":[{"name":"wp","href":"https:\/\/api.w.org\/{rel}","templated":true}]}}