{"id":320661,"date":"2021-03-31T09:08:02","date_gmt":"2021-03-31T06:08:02","guid":{"rendered":"https:\/\/arantv.az\/?p=320661"},"modified":"2021-03-31T09:08:02","modified_gmt":"2021-03-31T06:08:02","slug":"paytaxtda-daha-uc-m%c9%99kt%c9%99bd%c9%99-%c9%99n%c9%99n%c9%99vi-d%c9%99rsl%c9%99r-b%c9%99rpa-olundu","status":"publish","type":"post","link":"https:\/\/arantv.az\/?p=320661","title":{"rendered":"Paytaxtda daha \u00fc\u00e7 m\u0259kt\u0259bd\u0259 \u0259n\u0259n\u0259vi d\u0259rsl\u0259r b\u0259rpa olundu"},"content":{"rendered":"<p>Mart\u0131n 31-d\u0259 paytaxtdak\u0131 39, 258 no\u0308mr\u0259li tam orta m\u0259kt\u0259bl\u0259rd\u0259 v\u0259 166 n\u00f6mr\u0259li m\u0259kt\u0259b-liseyd\u0259 \u0259yani t\u0259dris prosesi b\u0259rpa olunub. Bel\u0259 ki, qeyd olunan m\u0259kt\u0259bl\u0259rin kontingenti \u00fc\u00e7\u00fcn Gigiyena v\u0259 Epidemiologiya M\u0259rk\u0259zinin r\u0259yi \u0259sas\u0131nda m\u00fc\u0259yy\u0259nl\u0259\u015fdirilmi\u015f karantin m\u00fcdd\u0259ti ba\u015fa \u00e7at\u0131b.<\/p>\n<p>Bu bar\u0259d\u0259 Bak\u0131 \u015e\u0259h\u0259ri \u00fczr\u0259 T\u0259hsil \u0130dar\u0259si m\u0259lumat yay\u0131b.<\/p>\n<p>Qeyd ed\u0259k ki, 39, 258\u00a0 n\u00f6mr\u0259li tam orta m\u0259kt\u0259bl\u0259rd\u0259 v\u0259 166 n\u00f6mr\u0259li m\u0259kt\u0259b-liseyd\u0259 \u00e7al\u0131\u015fan bir ne\u00e7\u0259 m\u00fc\u0259llimin COVID-19 testi pozitiv \u00e7\u0131xd\u0131\u011f\u0131na g\u00f6r\u0259 t\u0259hsil m\u00fc\u0259ssis\u0259l\u0259rind\u0259\u00a0 t\u0259dris m\u00fcv\u0259qq\u0259ti olaraq distant formada davam etdirilirdi.<\/p>\n<div id=\"AdviadNativeVideo0\" class=\"AdviadNativeVideo\"><\/div>\n<p>Onu da qeyd ed\u0259k ki, haz\u0131rda t\u0259hsil mu\u0308\u0259ssis\u0259l\u0259rind\u0259 t\u0259dris v\u0259 t\u0259lim-t\u0259rbiy\u0259 prosesi Nazirl\u0259r Kabinetinin \u201cXu\u0308susi karantin rejimi do\u0308vru\u0308nd\u0259 Az\u0259rbaycan Respublikas\u0131nda f\u0259aliyy\u0259t go\u0308st\u0259r\u0259n t\u0259hsil mu\u0308\u0259ssis\u0259l\u0259rind\u0259 t\u0259dris v\u0259 t\u0259lim-t\u0259rbiy\u0259 prosesinin t\u0259s\u0327kilinin mu\u0308v\u0259qq\u0259ti Qaydalar\u0131\u201dna uyg\u0306un olaraq t\u0259s\u0327kil edilir.<\/p>\n<p>T\u0259hsil mu\u0308\u0259ssis\u0259l\u0259rind\u0259 koronavirus infeksiyas\u0131na qars\u0327\u0131 s\u0327agirdl\u0259rin v\u0259 m\u0259kt\u0259bin pedaqoji hey\u0259tinin daha etibarl\u0131 qorunmas\u0131 u\u0308c\u0327u\u0308n sanitar-epidemioloji v\u0259ziyy\u0259td\u0259n ir\u0259li g\u0259l\u0259n t\u0259l\u0259bl\u0259r\u0259 ciddi \u0259m\u0259l olunur v\u0259 mu\u0308vafiq qaydalar\u0131n icras\u0131 il\u0259 bag\u0306l\u0131 mu\u0308t\u0259madi monitorinql\u0259r apar\u0131l\u0131r.<\/p>\n<p>M\u0259lum oldu\u011fu kimi, paytaxtdak\u0131 \u00fcmumi t\u0259hsil m\u00fc\u0259ssis\u0259l\u0259rind\u0259 normal t\u0259dris m\u00fchitinin b\u0259rpas\u0131 \u00fc\u00e7\u00fcn pedaqoji v\u0259 texniki hey\u0259tin vaksinasiya prosesi davam edir.<\/p>\n","protected":false},"excerpt":{"rendered":"<p>Mart\u0131n 31-d\u0259 paytaxtdak\u0131 39, 258 no\u0308mr\u0259li tam orta m\u0259kt\u0259bl\u0259rd\u0259 v\u0259 166 n\u00f6mr\u0259li m\u0259kt\u0259b-liseyd\u0259 \u0259yani t\u0259dris prosesi b\u0259rpa olunub. Bel\u0259 ki, qeyd olunan m\u0259kt\u0259bl\u0259rin kontingenti \u00fc\u00e7\u00fcn Gigiyena v\u0259 Epidemiologiya M\u0259rk\u0259zinin r\u0259yi \u0259sas\u0131nda m\u00fc\u0259yy\u0259nl\u0259\u015fdirilmi\u015f karantin m\u00fcdd\u0259ti ba\u015fa \u00e7at\u0131b. Bu bar\u0259d\u0259 Bak\u0131 \u015e\u0259h\u0259ri \u00fczr\u0259 T\u0259hsil \u0130dar\u0259si m\u0259lumat yay\u0131b. Qeyd ed\u0259k ki, 39, 258\u00a0 n\u00f6mr\u0259li tam orta m\u0259kt\u0259bl\u0259rd\u0259 v\u0259 166 n\u00f6mr\u0259li m\u0259kt\u0259b-liseyd\u0259 \u00e7al\u0131\u015fan bir ne\u00e7\u0259 m\u00fc\u0259llimin COVID-19 testi pozitiv \u00e7\u0131xd\u0131\u011f\u0131na g\u00f6r\u0259 t\u0259hsil m\u00fc\u0259ssis\u0259l\u0259rind\u0259\u00a0 t\u0259dris m\u00fcv\u0259qq\u0259ti olaraq distant formada davam etdirilirdi. Onu da qeyd ed\u0259k ki, haz\u0131rda t\u0259hsil mu\u0308\u0259ssis\u0259l\u0259rind\u0259 t\u0259dris v\u0259 t\u0259lim-t\u0259rbiy\u0259 prosesi Nazirl\u0259r Kabinetinin&hellip;<\/p>\n","protected":false},"author":2,"featured_media":298952,"comment_status":"closed","ping_status":"closed","sticky":false,"template":"","format":"standard","meta":{"om_disable_all_campaigns":false,"_monsterinsights_skip_tracking":false,"_monsterinsights_sitenote_active":false,"_monsterinsights_sitenote_note":"","_monsterinsights_sitenote_category":0},"categories":[23],"tags":[],"aioseo_notices":[],"gutentor_comment":0,"rttpg_featured_image_url":{"full":["https:\/\/arantv.az\/wp-content\/uploads\/2021\/02\/mekteb.jpg",600,434,false],"landscape":["https:\/\/arantv.az\/wp-content\/uploads\/2021\/02\/mekteb.jpg",600,434,false],"portraits":["https:\/\/arantv.az\/wp-content\/uploads\/2021\/02\/mekteb.jpg",600,434,false],"thumbnail":["https:\/\/arantv.az\/wp-content\/uploads\/2021\/02\/mekteb-150x150.jpg",150,150,true],"medium":["https:\/\/arantv.az\/wp-content\/uploads\/2021\/02\/mekteb-300x217.jpg",300,217,true],"large":["https:\/\/arantv.az\/wp-content\/uploads\/2021\/02\/mekteb.jpg",600,434,false],"1536x1536":["https:\/\/arantv.az\/wp-content\/uploads\/2021\/02\/mekteb.jpg",600,434,false],"2048x2048":["https:\/\/arantv.az\/wp-content\/uploads\/2021\/02\/mekteb.jpg",600,434,false],"post-thumbnail":["https:\/\/arantv.az\/wp-content\/uploads\/2021\/02\/mekteb-240x172.jpg",240,172,true],"advps-thumb-one":["https:\/\/arantv.az\/wp-content\/uploads\/2021\/02\/mekteb.jpg",600,434,false]},"rttpg_author":{"display_name":"V\u00fcsal Rafiqo\u011flu","author_link":"https:\/\/arantv.az\/?author=2"},"rttpg_comment":0,"rttpg_category":"<a href=\"https:\/\/arantv.az\/?cat=23\" rel=\"category\">T\u0259hsil<\/a>","rttpg_excerpt":"Mart\u0131n 31-d\u0259 paytaxtdak\u0131 39, 258 no\u0308mr\u0259li tam orta m\u0259kt\u0259bl\u0259rd\u0259 v\u0259 166 n\u00f6mr\u0259li m\u0259kt\u0259b-liseyd\u0259 \u0259yani t\u0259dris prosesi b\u0259rpa olunub. Bel\u0259 ki, qeyd olunan m\u0259kt\u0259bl\u0259rin kontingenti \u00fc\u00e7\u00fcn Gigiyena v\u0259 Epidemiologiya M\u0259rk\u0259zinin r\u0259yi \u0259sas\u0131nda m\u00fc\u0259yy\u0259nl\u0259\u015fdirilmi\u015f karantin m\u00fcdd\u0259ti ba\u015fa \u00e7at\u0131b. Bu bar\u0259d\u0259 Bak\u0131 \u015e\u0259h\u0259ri \u00fczr\u0259 T\u0259hsil \u0130dar\u0259si m\u0259lumat yay\u0131b. Qeyd ed\u0259k ki, 39, 258\u00a0 n\u00f6mr\u0259li tam orta m\u0259kt\u0259bl\u0259rd\u0259 v\u0259&hellip;","_links":{"self":[{"href":"https:\/\/arantv.az\/index.php?rest_route=\/wp\/v2\/posts\/320661"}],"collection":[{"href":"https:\/\/arantv.az\/index.php?rest_route=\/wp\/v2\/posts"}],"about":[{"href":"https:\/\/arantv.az\/index.php?rest_route=\/wp\/v2\/types\/post"}],"author":[{"embeddable":true,"href":"https:\/\/arantv.az\/index.php?rest_route=\/wp\/v2\/users\/2"}],"replies":[{"embeddable":true,"href":"https:\/\/arantv.az\/index.php?rest_route=%2Fwp%2Fv2%2Fcomments&post=320661"}],"version-history":[{"count":0,"href":"https:\/\/arantv.az\/index.php?rest_route=\/wp\/v2\/posts\/320661\/revisions"}],"wp:featuredmedia":[{"embeddable":true,"href":"https:\/\/arantv.az\/index.php?rest_route=\/wp\/v2\/media\/298952"}],"wp:attachment":[{"href":"https:\/\/arantv.az\/index.php?rest_route=%2Fwp%2Fv2%2Fmedia&parent=320661"}],"wp:term":[{"taxonomy":"category","embeddable":true,"href":"https:\/\/arantv.az\/index.php?rest_route=%2Fwp%2Fv2%2Fcategories&post=320661"},{"taxonomy":"post_tag","embeddable":true,"href":"https:\/\/arantv.az\/index.php?rest_route=%2Fwp%2Fv2%2Ftags&post=320661"}],"curies":[{"name":"wp","href":"https:\/\/api.w.org\/{rel}","templated":true}]}}