{"id":320663,"date":"2021-03-31T09:13:51","date_gmt":"2021-03-31T06:13:51","guid":{"rendered":"https:\/\/arantv.az\/?p=320663"},"modified":"2021-03-31T09:13:51","modified_gmt":"2021-03-31T06:13:51","slug":"hacibala-abutalibov-ovladlarim-atalari-m%c9%99n%c9%99m-dey%c9%99-ozl%c9%99rin%c9%99-is-qurmamalidirlar","status":"publish","type":"post","link":"https:\/\/arantv.az\/?p=320663","title":{"rendered":"Hac\u0131bala Abutal\u0131bov: \u201c\u00d6vladlar\u0131m atalar\u0131 m\u0259n\u0259m dey\u0259, \u00f6zl\u0259rin\u0259 i\u015f qurmamal\u0131d\u0131rlar?\u201d"},"content":{"rendered":"<p>Bak\u0131 \u015e\u0259h\u0259r \u0130cra Hakimiyy\u0259tinin ke\u00e7mi\u015f ba\u015f\u00e7\u0131s\u0131 Hac\u0131bala Abutal\u0131bovun qarda\u015f\u0131 koronavirusdan v\u0259fat edib.<\/p>\n<p>Bu bar\u0259d\u0259 H.Abutal\u0131bov Modern.az sayt\u0131na m\u00fcsahib\u0259sind\u0259 m\u0259lumat verib.<\/p>\n<p>\u201cH\u0259r g\u00fcn evd\u0259n ancaq Heyd\u0259r \u018fliyev v\u0259 bu yax\u0131nlarda koronavirusdan r\u0259hm\u0259t\u0259 getmi\u015f qarda\u015f\u0131m\u0131n m\u0259zar\u0131n\u0131 ziyar\u0259t etm\u0259k \u00fc\u00e7\u00fcn \u00e7\u0131x\u0131ram.<\/p>\n<div id=\"AdviadNativeVideo0\" class=\"AdviadNativeVideo\"><\/div>\n<p>Qarda\u015f\u0131m\u0131n m\u0259nim \u00fcz\u0259rimd\u0259 haqq\u0131 \u00e7oxdur. M\u0259ni o b\u00f6y\u00fcd\u00fcb, baxmayaraq ki, m\u0259nd\u0259n bir ya\u015f b\u00f6y\u00fck idi, m\u0259n\u0259 dayaq idi\u201d, &#8211; dey\u0259 sabiq mer bildirib.<\/p>\n<p>H.Abutal\u0131bov m\u00fcsahib\u0259d\u0259 ail\u0259si haqq\u0131nda da dan\u0131\u015f\u0131b. H\u0259yat yolda\u015f\u0131n\u0131n x\u0259r\u00e7\u0259ng x\u0259st\u0259si oldu\u011funu v\u0259 haz\u0131rda Almaniyada m\u00fcalic\u0259 ald\u0131\u011f\u0131n\u0131 deyib.<\/p>\n<p>Onu da qeyd edib ki, iki o\u011flu var. O\u011flunun T\u00fcrkiy\u0259d\u0259 biznes qurmas\u0131 iddialar\u0131na is\u0259 bel\u0259 m\u00fcnasib\u0259t bildirib:<\/p>\n<p>\u201cM\u0259nim o\u011flanlar\u0131m u\u015faq deyil, 40-42 ya\u015flar\u0131 var. Atalar\u0131 m\u0259n\u0259m dey\u0259, \u00f6zl\u0259rin\u0259 i\u015f qurmamal\u0131d\u0131rlar, \u00f6z ail\u0259l\u0259rini doland\u0131rmamal\u0131d\u0131rlar? Ham\u0131 hans\u0131sa i\u015fi il\u0259, \u0259m\u0259yi il\u0259 ail\u0259sin\u0259 \u00e7\u00f6r\u0259k qazan\u0131r, m\u0259nim \u00f6vladlar\u0131m da o insanlardan biridir\u201d.<\/p>\n","protected":false},"excerpt":{"rendered":"<p>Bak\u0131 \u015e\u0259h\u0259r \u0130cra Hakimiyy\u0259tinin ke\u00e7mi\u015f ba\u015f\u00e7\u0131s\u0131 Hac\u0131bala Abutal\u0131bovun qarda\u015f\u0131 koronavirusdan v\u0259fat edib. Bu bar\u0259d\u0259 H.Abutal\u0131bov Modern.az sayt\u0131na m\u00fcsahib\u0259sind\u0259 m\u0259lumat verib. \u201cH\u0259r g\u00fcn evd\u0259n ancaq Heyd\u0259r \u018fliyev v\u0259 bu yax\u0131nlarda koronavirusdan r\u0259hm\u0259t\u0259 getmi\u015f qarda\u015f\u0131m\u0131n m\u0259zar\u0131n\u0131 ziyar\u0259t etm\u0259k \u00fc\u00e7\u00fcn \u00e7\u0131x\u0131ram. Qarda\u015f\u0131m\u0131n m\u0259nim \u00fcz\u0259rimd\u0259 haqq\u0131 \u00e7oxdur. M\u0259ni o b\u00f6y\u00fcd\u00fcb, baxmayaraq ki, m\u0259nd\u0259n bir ya\u015f b\u00f6y\u00fck idi, m\u0259n\u0259 dayaq idi\u201d, &#8211; dey\u0259 sabiq mer bildirib. H.Abutal\u0131bov m\u00fcsahib\u0259d\u0259 ail\u0259si haqq\u0131nda da dan\u0131\u015f\u0131b. H\u0259yat yolda\u015f\u0131n\u0131n x\u0259r\u00e7\u0259ng x\u0259st\u0259si oldu\u011funu v\u0259 haz\u0131rda Almaniyada m\u00fcalic\u0259 ald\u0131\u011f\u0131n\u0131 deyib. Onu da qeyd edib ki, iki o\u011flu var. O\u011flunun T\u00fcrkiy\u0259d\u0259 biznes qurmas\u0131&hellip;<\/p>\n","protected":false},"author":2,"featured_media":320664,"comment_status":"closed","ping_status":"closed","sticky":false,"template":"","format":"standard","meta":{"om_disable_all_campaigns":false,"_monsterinsights_skip_tracking":false,"_monsterinsights_sitenote_active":false,"_monsterinsights_sitenote_note":"","_monsterinsights_sitenote_category":0},"categories":[26],"tags":[],"aioseo_notices":[],"gutentor_comment":0,"rttpg_featured_image_url":{"full":["https:\/\/arantv.az\/wp-content\/uploads\/2021\/03\/modern.az-31.03.2021-1617166767.jpg",620,366,false],"landscape":["https:\/\/arantv.az\/wp-content\/uploads\/2021\/03\/modern.az-31.03.2021-1617166767.jpg",620,366,false],"portraits":["https:\/\/arantv.az\/wp-content\/uploads\/2021\/03\/modern.az-31.03.2021-1617166767.jpg",620,366,false],"thumbnail":["https:\/\/arantv.az\/wp-content\/uploads\/2021\/03\/modern.az-31.03.2021-1617166767-150x150.jpg",150,150,true],"medium":["https:\/\/arantv.az\/wp-content\/uploads\/2021\/03\/modern.az-31.03.2021-1617166767-300x177.jpg",300,177,true],"large":["https:\/\/arantv.az\/wp-content\/uploads\/2021\/03\/modern.az-31.03.2021-1617166767.jpg",620,366,false],"1536x1536":["https:\/\/arantv.az\/wp-content\/uploads\/2021\/03\/modern.az-31.03.2021-1617166767.jpg",620,366,false],"2048x2048":["https:\/\/arantv.az\/wp-content\/uploads\/2021\/03\/modern.az-31.03.2021-1617166767.jpg",620,366,false],"post-thumbnail":["https:\/\/arantv.az\/wp-content\/uploads\/2021\/03\/modern.az-31.03.2021-1617166767-240x172.jpg",240,172,true],"advps-thumb-one":["https:\/\/arantv.az\/wp-content\/uploads\/2021\/03\/modern.az-31.03.2021-1617166767.jpg",620,366,false]},"rttpg_author":{"display_name":"V\u00fcsal Rafiqo\u011flu","author_link":"https:\/\/arantv.az\/?author=2"},"rttpg_comment":0,"rttpg_category":"<a href=\"https:\/\/arantv.az\/?cat=26\" rel=\"category\">Sosial<\/a>","rttpg_excerpt":"Bak\u0131 \u015e\u0259h\u0259r \u0130cra Hakimiyy\u0259tinin ke\u00e7mi\u015f ba\u015f\u00e7\u0131s\u0131 Hac\u0131bala Abutal\u0131bovun qarda\u015f\u0131 koronavirusdan v\u0259fat edib. Bu bar\u0259d\u0259 H.Abutal\u0131bov Modern.az sayt\u0131na m\u00fcsahib\u0259sind\u0259 m\u0259lumat verib. \u201cH\u0259r g\u00fcn evd\u0259n ancaq Heyd\u0259r \u018fliyev v\u0259 bu yax\u0131nlarda koronavirusdan r\u0259hm\u0259t\u0259 getmi\u015f qarda\u015f\u0131m\u0131n m\u0259zar\u0131n\u0131 ziyar\u0259t etm\u0259k \u00fc\u00e7\u00fcn \u00e7\u0131x\u0131ram. Qarda\u015f\u0131m\u0131n m\u0259nim \u00fcz\u0259rimd\u0259 haqq\u0131 \u00e7oxdur. M\u0259ni o b\u00f6y\u00fcd\u00fcb, baxmayaraq ki, m\u0259nd\u0259n bir ya\u015f b\u00f6y\u00fck idi, m\u0259n\u0259 dayaq&hellip;","_links":{"self":[{"href":"https:\/\/arantv.az\/index.php?rest_route=\/wp\/v2\/posts\/320663"}],"collection":[{"href":"https:\/\/arantv.az\/index.php?rest_route=\/wp\/v2\/posts"}],"about":[{"href":"https:\/\/arantv.az\/index.php?rest_route=\/wp\/v2\/types\/post"}],"author":[{"embeddable":true,"href":"https:\/\/arantv.az\/index.php?rest_route=\/wp\/v2\/users\/2"}],"replies":[{"embeddable":true,"href":"https:\/\/arantv.az\/index.php?rest_route=%2Fwp%2Fv2%2Fcomments&post=320663"}],"version-history":[{"count":0,"href":"https:\/\/arantv.az\/index.php?rest_route=\/wp\/v2\/posts\/320663\/revisions"}],"wp:featuredmedia":[{"embeddable":true,"href":"https:\/\/arantv.az\/index.php?rest_route=\/wp\/v2\/media\/320664"}],"wp:attachment":[{"href":"https:\/\/arantv.az\/index.php?rest_route=%2Fwp%2Fv2%2Fmedia&parent=320663"}],"wp:term":[{"taxonomy":"category","embeddable":true,"href":"https:\/\/arantv.az\/index.php?rest_route=%2Fwp%2Fv2%2Fcategories&post=320663"},{"taxonomy":"post_tag","embeddable":true,"href":"https:\/\/arantv.az\/index.php?rest_route=%2Fwp%2Fv2%2Ftags&post=320663"}],"curies":[{"name":"wp","href":"https:\/\/api.w.org\/{rel}","templated":true}]}}