{"id":320669,"date":"2021-03-31T09:18:13","date_gmt":"2021-03-31T06:18:13","guid":{"rendered":"https:\/\/arantv.az\/?p=320669"},"modified":"2021-03-31T09:18:13","modified_gmt":"2021-03-31T06:18:13","slug":"bakida-piyada-s%c9%99kisinin-uz%c9%99rind%c9%99-isiq-dir%c9%99kl%c9%99ri-qurasdirildi-piyadalar-%c9%99ziyy%c9%99t-c%c9%99kir-video","status":"publish","type":"post","link":"https:\/\/arantv.az\/?p=320669","title":{"rendered":"Bak\u0131da piyada s\u0259kisinin \u00fcz\u0259rind\u0259 i\u015f\u0131q dir\u0259kl\u0259ri qura\u015fd\u0131r\u0131ld\u0131 &#8211; Piyadalar \u0259ziyy\u0259t \u00e7\u0259kir &#8211; V\u0130DEO"},"content":{"rendered":"<div class=\"article_text\">\n<p>Paytaxt\u0131n \u015e\u0259fa\u0259t Mehdiyev k\u00fc\u00e7\u0259sind\u0259 s\u0259kil\u0259r\u0259 qura\u015fd\u0131r\u0131lan i\u015f\u0131q dir\u0259kl\u0259ri piyadalar\u0131n yolunu i\u015f\u0131qland\u0131rsa da, eyni zamanda onlar\u0131n qar\u015f\u0131s\u0131nda b\u00f6y\u00fck \u0259ng\u0259l\u0259 d\u0259 \u00e7evrilib. S\u0259b\u0259b onsuz da ensiz olan s\u0259kid\u0259 i\u015f\u0131q dir\u0259kl\u0259rinin d\u00fcz s\u0259kinin ortas\u0131nda qura\u015fd\u0131r\u0131lmas\u0131d\u0131r. Buna g\u00f6r\u0259 s\u0259kid\u0259 rahat h\u0259r\u0259k\u0259t ed\u0259 bilm\u0259y\u0259n v\u0259t\u0259nda\u015flar m\u0259cbur olur ya avtomobil yoluna, ya da ki, qumlu-torpaql\u0131 yola \u00e7\u0131x\u0131rlar. B\u0259s kimdir s\u0259b\u0259bkar?<\/p>\n<p>Dar s\u0259ki, i\u015f\u0131q dir\u0259yi v\u0259 a\u011fac&#8230;<\/p>\n<p>Qaranl\u0131qda rahat h\u0259r\u0259k\u0259t etm\u0259k \u00fc\u00e7\u00fcn qura\u015fd\u0131r\u0131lan bu i\u015f\u0131q dir\u0259kl\u0259ri he\u00e7 d\u0259 h\u0259r yerd\u0259 v\u0259t\u0259nda\u015f\u0131n i\u015fini asanla\u015fd\u0131rm\u0131r.<\/p>\n<p>V\u0259t\u0259nda\u015flar deyirl\u0259r ki, problem sad\u0259c\u0259 i\u015f\u0131q dir\u0259kl\u0259ri il\u0259 ba\u011fl\u0131 deyil, eyni zamanda s\u0259kinin ensiz olmas\u0131 da m\u0259s\u0259l\u0259ni \u00e7\u0259tinl\u0259\u015fdirir.<\/p>\n<p><strong>ARANTV.AZ<\/strong> bildirir ki, xezerxeber.az m\u0259s\u0259l\u0259 il\u0259 ba\u011fl\u0131 Bak\u0131 \u015e\u0259h\u0259r \u0130cra Hakimiyy\u0259ti il\u0259 \u0259laq\u0259 saxlad\u0131q.<\/p>\n<p><ins id=\"ainsyndicationid161717142475129\" class=\"ainsyndicationid161717142475129\" data-ad-slot=\"3420\" data-ainsyndication-status=\"done\"><ins><\/ins><\/ins>Az\u0259rbaycan Avtomobil Yollar\u0131 D\u00f6vl\u0259t Agentliyinin m\u0259tbuat katibi Anar N\u0259c\u0259fli is\u0259 s\u0259kil\u0259rin ensiz olmas\u0131n\u0131n he\u00e7 d\u0259 agentliyin f\u0259aliyy\u0259ti il\u0259 \u0259laq\u0259li olmad\u0131\u011f\u0131n\u0131 deyir.<\/p>\n<p>Bak\u0131 \u015e\u0259h\u0259r \u0130cra Hakimiyy\u0259tind\u0259n &#8220;X\u0259z\u0259r X\u0259b\u0259r&#8221;\u0259 bildirildi ki, problemin h\u0259ll olunmas\u0131 istiqam\u0259tind\u0259 i\u015fl\u0259r apar\u0131l\u0131r. S\u0259ki \u00e7ox ensiz oldu\u011fundan yerl\u0259ri d\u0259yi\u015fdirilm\u0259si m\u00fcmk\u00fcn olan i\u015f\u0131q dir\u0259kl\u0259ri \u00fc\u00e7\u00fcn art\u0131q x\u00fcsusi yerl\u0259r d\u0259 m\u00fc\u0259yy\u0259nl\u0259\u015fdirilib.<\/p>\n<p>&nbsp;<\/p>\n<p><iframe loading=\"lazy\" src=\"https:\/\/daytube.az\/az\/embed\/105008\" width=\"670\" height=\"400\" frameborder=\"0\" allowfullscreen=\"allowfullscreen\" data-mce-fragment=\"1\"><\/iframe><\/div>\n<div class=\"social-banner\"><\/div>\n","protected":false},"excerpt":{"rendered":"<p>Paytaxt\u0131n \u015e\u0259fa\u0259t Mehdiyev k\u00fc\u00e7\u0259sind\u0259 s\u0259kil\u0259r\u0259 qura\u015fd\u0131r\u0131lan i\u015f\u0131q dir\u0259kl\u0259ri piyadalar\u0131n yolunu i\u015f\u0131qland\u0131rsa da, eyni zamanda onlar\u0131n qar\u015f\u0131s\u0131nda b\u00f6y\u00fck \u0259ng\u0259l\u0259 d\u0259 \u00e7evrilib. S\u0259b\u0259b onsuz da ensiz olan s\u0259kid\u0259 i\u015f\u0131q dir\u0259kl\u0259rinin d\u00fcz s\u0259kinin ortas\u0131nda qura\u015fd\u0131r\u0131lmas\u0131d\u0131r. Buna g\u00f6r\u0259 s\u0259kid\u0259 rahat h\u0259r\u0259k\u0259t ed\u0259 bilm\u0259y\u0259n v\u0259t\u0259nda\u015flar m\u0259cbur olur ya avtomobil yoluna, ya da ki, qumlu-torpaql\u0131 yola \u00e7\u0131x\u0131rlar. B\u0259s kimdir s\u0259b\u0259bkar? Dar s\u0259ki, i\u015f\u0131q dir\u0259yi v\u0259 a\u011fac&#8230; Qaranl\u0131qda rahat h\u0259r\u0259k\u0259t etm\u0259k \u00fc\u00e7\u00fcn qura\u015fd\u0131r\u0131lan bu i\u015f\u0131q dir\u0259kl\u0259ri he\u00e7 d\u0259 h\u0259r yerd\u0259 v\u0259t\u0259nda\u015f\u0131n i\u015fini asanla\u015fd\u0131rm\u0131r. V\u0259t\u0259nda\u015flar deyirl\u0259r ki, problem sad\u0259c\u0259 i\u015f\u0131q dir\u0259kl\u0259ri il\u0259 ba\u011fl\u0131 deyil, eyni zamanda s\u0259kinin ensiz&hellip;<\/p>\n","protected":false},"author":2,"featured_media":320670,"comment_status":"closed","ping_status":"closed","sticky":false,"template":"","format":"standard","meta":{"om_disable_all_campaigns":false,"_monsterinsights_skip_tracking":false,"_monsterinsights_sitenote_active":false,"_monsterinsights_sitenote_note":"","_monsterinsights_sitenote_category":0},"categories":[26],"tags":[],"aioseo_notices":[],"gutentor_comment":0,"rttpg_featured_image_url":{"full":["https:\/\/arantv.az\/wp-content\/uploads\/2021\/03\/935107.jpg",800,600,false],"landscape":["https:\/\/arantv.az\/wp-content\/uploads\/2021\/03\/935107.jpg",800,600,false],"portraits":["https:\/\/arantv.az\/wp-content\/uploads\/2021\/03\/935107.jpg",800,600,false],"thumbnail":["https:\/\/arantv.az\/wp-content\/uploads\/2021\/03\/935107-150x150.jpg",150,150,true],"medium":["https:\/\/arantv.az\/wp-content\/uploads\/2021\/03\/935107-300x225.jpg",300,225,true],"large":["https:\/\/arantv.az\/wp-content\/uploads\/2021\/03\/935107.jpg",640,480,false],"1536x1536":["https:\/\/arantv.az\/wp-content\/uploads\/2021\/03\/935107.jpg",800,600,false],"2048x2048":["https:\/\/arantv.az\/wp-content\/uploads\/2021\/03\/935107.jpg",800,600,false],"post-thumbnail":["https:\/\/arantv.az\/wp-content\/uploads\/2021\/03\/935107-240x172.jpg",240,172,true],"advps-thumb-one":["https:\/\/arantv.az\/wp-content\/uploads\/2021\/03\/935107.jpg",800,600,false]},"rttpg_author":{"display_name":"V\u00fcsal Rafiqo\u011flu","author_link":"https:\/\/arantv.az\/?author=2"},"rttpg_comment":0,"rttpg_category":"<a href=\"https:\/\/arantv.az\/?cat=26\" rel=\"category\">Sosial<\/a>","rttpg_excerpt":"Paytaxt\u0131n \u015e\u0259fa\u0259t Mehdiyev k\u00fc\u00e7\u0259sind\u0259 s\u0259kil\u0259r\u0259 qura\u015fd\u0131r\u0131lan i\u015f\u0131q dir\u0259kl\u0259ri piyadalar\u0131n yolunu i\u015f\u0131qland\u0131rsa da, eyni zamanda onlar\u0131n qar\u015f\u0131s\u0131nda b\u00f6y\u00fck \u0259ng\u0259l\u0259 d\u0259 \u00e7evrilib. S\u0259b\u0259b onsuz da ensiz olan s\u0259kid\u0259 i\u015f\u0131q dir\u0259kl\u0259rinin d\u00fcz s\u0259kinin ortas\u0131nda qura\u015fd\u0131r\u0131lmas\u0131d\u0131r. Buna g\u00f6r\u0259 s\u0259kid\u0259 rahat h\u0259r\u0259k\u0259t ed\u0259 bilm\u0259y\u0259n v\u0259t\u0259nda\u015flar m\u0259cbur olur ya avtomobil yoluna, ya da ki, qumlu-torpaql\u0131 yola \u00e7\u0131x\u0131rlar. B\u0259s kimdir s\u0259b\u0259bkar? Dar&hellip;","_links":{"self":[{"href":"https:\/\/arantv.az\/index.php?rest_route=\/wp\/v2\/posts\/320669"}],"collection":[{"href":"https:\/\/arantv.az\/index.php?rest_route=\/wp\/v2\/posts"}],"about":[{"href":"https:\/\/arantv.az\/index.php?rest_route=\/wp\/v2\/types\/post"}],"author":[{"embeddable":true,"href":"https:\/\/arantv.az\/index.php?rest_route=\/wp\/v2\/users\/2"}],"replies":[{"embeddable":true,"href":"https:\/\/arantv.az\/index.php?rest_route=%2Fwp%2Fv2%2Fcomments&post=320669"}],"version-history":[{"count":0,"href":"https:\/\/arantv.az\/index.php?rest_route=\/wp\/v2\/posts\/320669\/revisions"}],"wp:featuredmedia":[{"embeddable":true,"href":"https:\/\/arantv.az\/index.php?rest_route=\/wp\/v2\/media\/320670"}],"wp:attachment":[{"href":"https:\/\/arantv.az\/index.php?rest_route=%2Fwp%2Fv2%2Fmedia&parent=320669"}],"wp:term":[{"taxonomy":"category","embeddable":true,"href":"https:\/\/arantv.az\/index.php?rest_route=%2Fwp%2Fv2%2Fcategories&post=320669"},{"taxonomy":"post_tag","embeddable":true,"href":"https:\/\/arantv.az\/index.php?rest_route=%2Fwp%2Fv2%2Ftags&post=320669"}],"curies":[{"name":"wp","href":"https:\/\/api.w.org\/{rel}","templated":true}]}}