{"id":320672,"date":"2021-03-31T09:19:02","date_gmt":"2021-03-31T06:19:02","guid":{"rendered":"https:\/\/arantv.az\/?p=320672"},"modified":"2021-03-31T09:19:02","modified_gmt":"2021-03-31T06:19:02","slug":"az%c9%99rbaycan-xin-i-31-mart-soyqirimi-il%c9%99-bagli-b%c9%99yanat-yaydi","status":"publish","type":"post","link":"https:\/\/arantv.az\/?p=320672","title":{"rendered":"Az\u0259rbaycan X\u0130N-i 31 Mart soyq\u0131r\u0131m\u0131 il\u0259 ba\u011fl\u0131 b\u0259yanat yayd\u0131"},"content":{"rendered":"<p>Az\u0259rbaycan Respublikas\u0131 Xarici \u0130\u015fl\u0259r Nazirliyi (X\u0130N) 31 mart Az\u0259rbaycanl\u0131lar\u0131n Soyq\u0131r\u0131m\u0131 G\u00fcn\u00fc il\u0259 \u0259laq\u0259dar b\u0259yanat yay\u0131b.<\/p>\n<p>B\u0259yanatda deyilir:<\/p>\n<p>\u201c103 il bundan \u00f6nc\u0259, 1918-ci ilin mart-aprel aylar\u0131nda Bak\u0131 Sovetinin mandat\u0131 alt\u0131nda f\u0259aliyy\u0259t g\u00f6st\u0259r\u0259n da\u015fnak-bol\u015fevik silahl\u0131 d\u0259st\u0259l\u0259ri t\u0259r\u0259find\u0259n Bak\u0131 \u015f\u0259h\u0259rind\u0259, habel\u0259 Bak\u0131 quberniyas\u0131na daxil olan dig\u0259r \u015f\u0259h\u0259r v\u0259 q\u0259zalarda x\u00fcsusi q\u0259ddarl\u0131qla k\u00fctl\u0259vi q\u0131r\u011f\u0131nlar t\u00f6r\u0259dilib v\u0259 on minl\u0259rl\u0259 dinc sakin m\u0259hz etnik v\u0259 dini m\u0259nsubiyy\u0259tin\u0259 g\u00f6r\u0259 q\u0259tl\u0259 yetirilib. Bu hadis\u0259l\u0259rin qurbanlar\u0131n\u0131n xatir\u0259sini an\u0131r v\u0259 g\u0259l\u0259c\u0259kd\u0259 bu kimi faci\u0259l\u0259rin qar\u015f\u0131s\u0131n\u0131n al\u0131nmas\u0131 \u00fc\u00e7\u00fcn bu yadda\u015f\u0131n qorunub saxlan\u0131lmas\u0131n\u0131 vacib hesab edirik.<\/p>\n<div id=\"AdviadNativeVideo0\" class=\"AdviadNativeVideo\"><\/div>\n<p>Qafqaz\u0131n F\u00f6vq\u0259lad\u0259 Komissar\u0131, etnik erm\u0259ni olan Stepan \u015eaumyan etiraf edirdi ki, Az\u0259rbaycanl\u0131lara qar\u015f\u0131 olan q\u0131r\u011f\u0131nlarda Bak\u0131 Sovetinin 6000 v\u0259 Da\u015fnaksutyun partiyas\u0131n\u0131n 4000 silahl\u0131 \u0259sg\u0259ri i\u015ftirak edib.<\/p>\n<p>Az\u0259rbaycanl\u0131lara qar\u015f\u0131 t\u00f6r\u0259dil\u0259n soyq\u0131r\u0131m Bak\u0131 il\u0259 yana\u015f\u0131, \u015eamax\u0131, Quba, \u0130r\u0259van, Z\u0259ng\u0259zur, Qaraba\u011f, Nax\u00e7\u0131van v\u0259 Qars b\u00f6lg\u0259l\u0259rini d\u0259 \u0259hat\u0259 etdi. 1918-ci ilin ilk be\u015f ay\u0131 \u0259rzind\u0259 t\u0259kc\u0259 Qubada x\u00fcsusi v\u0259h\u015filikl\u0259 16 000-d\u0259n art\u0131q insan \u00f6ld\u00fcr\u00fcld\u00fc, 167 k\u0259nd m\u0259hv edildi. Quba rayonu \u0259razisind\u0259 2007-ci ild\u0259 a\u015fkar olunmu\u015f k\u00fctl\u0259vi m\u0259zarl\u0131q erm\u0259nil\u0259rin t\u00f6r\u0259tdiyi qeyri-insani \u0259m\u0259ll\u0259rin \u0259yani s\u00fcbutunu t\u0259\u015fkil edir.<\/p>\n<p>1918-ci ilin mart q\u0131r\u011f\u0131nlar\u0131 radikal mill\u0259t\u00e7i erm\u0259nil\u0259rin az\u0259rbaycanl\u0131lara qar\u015f\u0131 irqi ayr\u0131-se\u00e7kilik v\u0259 etnik t\u0259mizl\u0259m\u0259 siyas\u0259ti \u0259sas\u0131nda \u0259v\u0259lc\u0259d\u0259n haz\u0131rlanm\u0131\u015f v\u0259 q\u0259ddarcas\u0131na h\u0259yata ke\u00e7iril\u0259n siyas\u0259ti idi.<\/p>\n<p>Az\u0259rbaycan Xalq C\u00fcmhuriyy\u0259tinin h\u00f6kum\u0259ti erm\u0259nil\u0259rin t\u00f6r\u0259tdikl\u0259ri a\u011f\u0131r cinay\u0259tl\u0259rin ara\u015fd\u0131r\u0131lmas\u0131 \u00fc\u00e7\u00fcn 1918-ci ild\u0259 F\u00f6vq\u0259lad\u0259 \u0130stintaq Komissiyas\u0131 yaratm\u0131\u015f, Komissiyan\u0131n \u00fcz\u0259 \u00e7\u0131xard\u0131\u011f\u0131 h\u0259qiq\u0259tl\u0259rin xalq\u0131n yadda\u015f\u0131nda hifz edilm\u0259si v\u0259 d\u00fcnya ictimaiyy\u0259tin\u0259 \u00e7atd\u0131r\u0131lmas\u0131 \u00fc\u00e7\u00fcn bir s\u0131ra t\u0259dbirl\u0259r g\u00f6rm\u00fc\u015fd\u00fcr. M\u00fcxt\u0259lif mill\u0259tl\u0259rin, o c\u00fcml\u0259d\u0259n ruslar, y\u0259hudil\u0259r, polyaklar, g\u00fcrc\u00fcl\u0259r v\u0259 h\u0259tta erm\u0259nil\u0259r olmaqla, h\u0259min d\u00f6vr\u00fcn \u0259n yax\u015f\u0131 h\u00fcquq\u015f\u00fcnaslar\u0131n\u0131n t\u0259msil olundu\u011fu F\u00f6vq\u0259lad\u0259 \u0130stintaq Komissiyas\u0131 s\u00fcbutlar \u0259sas\u0131nda dinc \u0259haliy\u0259 qar\u015f\u0131 m\u00fcxt\u0259lif cinay\u0259tl\u0259r\u0259 g\u00f6r\u0259 t\u0259qsirl\u0259ndiril\u0259n 194 n\u0259f\u0259r bar\u0259sind\u0259 cinay\u0259t i\u015fi a\u00e7d\u0131 v\u0259 t\u00f6r\u0259tdikl\u0259ri cinay\u0259tl\u0259r\u0259 g\u00f6r\u0259 Bak\u0131da 24 v\u0259 \u015eamax\u0131da t\u0259xmin\u0259n 100 n\u0259f\u0259r h\u0259bs olundu.<\/p>\n<p>Lakin Xalq C\u00fcmhuriyy\u0259tinin s\u00fcqutundan sonra bu proses dayand\u0131r\u0131ld\u0131, ba\u015f ver\u0259nl\u0259rin sona q\u0259d\u0259r t\u0259hqiq edilm\u0259sinin v\u0259 ona m\u00fcvafiq siyasi-h\u00fcquqi qiym\u0259t verilm\u0259sinin qar\u015f\u0131s\u0131 al\u0131nd\u0131. Yaln\u0131z 80 il sonra &#8211; 1998-ci il mart\u0131n 26-da \u00fcmummilli lider Heyd\u0259r \u018fliyevin imzalad\u0131\u011f\u0131 \u201cAz\u0259rbaycanl\u0131lar\u0131n soyq\u0131r\u0131m\u0131 haqq\u0131nda\u201d Az\u0259rbaycan Respublikas\u0131 Prezidentinin F\u0259rman\u0131nda h\u0259min d\u0259h\u015f\u0259tli hadis\u0259l\u0259r\u0259 adekvat siyasi qiym\u0259t verildi v\u0259 31 mart \u201cAz\u0259rbaycanl\u0131lar\u0131n Soyq\u0131r\u0131m\u0131 G\u00fcn\u00fc\u201d elan edildi.<\/p>\n<p>Az\u0259rbaycanl\u0131lar\u0131n Soyq\u0131r\u0131m\u0131 G\u00fcn\u00fcn\u00fcn yad edilm\u0259si ke\u00e7mi\u015fd\u0259 v\u0259 m\u00fcasir m\u0259rh\u0259l\u0259d\u0259 az\u0259rbaycanl\u0131lar\u0131n q\u0131r\u011f\u0131n v\u0259 etnik t\u0259mizl\u0259m\u0259l\u0259r\u0259 m\u0259ruz qalmas\u0131 bar\u0259d\u0259 d\u00fcnya ictimaiyy\u0259tinin m\u0259lumatland\u0131r\u0131lmas\u0131nda m\u00fch\u00fcm rol oynay\u0131r.<\/p>\n<p>\u00dcz\u0259rind\u0259n bir \u0259srd\u0259n \u00e7ox zaman\u0131n ke\u00e7m\u0259sin\u0259 baxmayaraq, Az\u0259rbaycan\u0131n Da\u011fl\u0131q Qaraba\u011f v\u0259 \u0259traf yeddi rayonunu 30 il\u0259 yax\u0131n m\u00fcdd\u0259td\u0259 h\u0259rbi i\u015f\u011fal alt\u0131nda saxlayan Erm\u0259nistan Az\u0259rbaycanl\u0131lara qar\u015f\u0131 etnik z\u0259mind\u0259 cinay\u0259tl\u0259r t\u00f6r\u0259tm\u0259k siyas\u0259tini davam etdirdi. 30 il\u0259 yax\u0131n davam ed\u0259n i\u015f\u011fal zaman\u0131 Erm\u0259nistanda v\u0259 Az\u0259rbaycan\u0131n i\u015f\u011fal olunmu\u015f \u0259razil\u0259rind\u0259 y\u00fcz minl\u0259rl\u0259 az\u0259rbaycanl\u0131n\u0131n etnik t\u0259mizl\u0259m\u0259sini h\u0259yata ke\u00e7irdi.<\/p>\n<p>Erm\u0259nistan, 1992-ci ilin fevral\u0131nda Xocal\u0131 soyq\u0131r\u0131m\u0131 da daxil olmaqla, soyq\u0131r\u0131m aktlar\u0131, \u00e7oxsayl\u0131 m\u00fcharib\u0259 cinay\u0259tl\u0259ri v\u0259 insanl\u0131q \u0259leyhin\u0259 cinay\u0259tl\u0259r t\u00f6r\u0259tdi. Erm\u0259nistan silahl\u0131 q\u00fcvv\u0259l\u0259ri 2020-ci ilin 27 sentyabr tarixind\u0259 Az\u0259rbaycana qar\u015f\u0131 n\u00f6vb\u0259ti h\u0259rbi t\u0259xribata cavab olaraq ba\u015flan\u0131lan h\u0259rbi \u0259m\u0259liyyatlar zaman\u0131 Az\u0259rbaycan\u0131n G\u0259nc\u0259, B\u0259rd\u0259, T\u0259rt\u0259r v\u0259 dig\u0259r \u015f\u0259h\u0259rl\u0259rinin dinc insanlar\u0131n\u0131 m\u0259qs\u0259dy\u00f6nl\u00fc \u015f\u0259kild\u0259 raket h\u00fccumlar\u0131n\u0131n h\u0259d\u0259fin\u0259 \u00e7evirdi.<\/p>\n<p>Bel\u0259likl\u0259 d\u0259, Erm\u0259nistan bir \u0259sr \u00f6nc\u0259ki Mart q\u0131r\u011f\u0131n\u0131n\u0131n xatir\u0259l\u0259rini geri qaytard\u0131.<\/p>\n<p>Mart q\u0131r\u011f\u0131n\u0131n\u0131n g\u00fcnahs\u0131z qurbanlar\u0131n\u0131 xat\u0131rlayaraq, Erm\u0259nistan t\u0259r\u0259find\u0259n Az\u0259rbaycan xalq\u0131na qar\u015f\u0131 bu g\u00fcn\u0259d\u0259k t\u00f6r\u0259dil\u0259n soyq\u0131r\u0131m, b\u0259\u015f\u0259riyy\u0259t \u0259leyhin\u0259 cinay\u0259t, irqi ayr\u0131-se\u00e7kilik v\u0259 etnik t\u0259mizl\u0259m\u0259y\u0259 \u0259saslanan m\u0259qs\u0259dy\u00f6nl\u00fc siyas\u0259ti q\u0259ti \u015f\u0259kild\u0259 pisl\u0259yir v\u0259 bu q\u0259bild\u0259n olan qeyri-insani cinay\u0259tl\u0259rin qar\u015f\u0131s\u0131n\u0131n al\u0131nmas\u0131 v\u0259 g\u0259l\u0259c\u0259kd\u0259 t\u0259krarlanmamas\u0131 \u00fc\u00e7\u00fcn Erm\u0259nistan\u0131n c\u0259zas\u0131zl\u0131\u011f\u0131na son qoyulmas\u0131n\u0131n vacibliyini vur\u011fulay\u0131r\u0131q. Erm\u0259nistan\u0131 \u00f6z beyn\u0259lxalq \u00f6hd\u0259likl\u0259rin\u0259 riay\u0259t etm\u0259y\u0259 \u00e7a\u011f\u0131r\u0131r\u0131q. Az\u0259rbaycan, \u00f6z n\u00f6vb\u0259sind\u0259 s\u00fclh\u00fc t\u0259min etm\u0259k v\u0259 c\u0259zas\u0131zl\u0131\u011fa son qoymaq \u00fc\u00e7\u00fcn b\u00fct\u00fcn laz\u0131m\u0131 h\u00fcquqi t\u0259dbirl\u0259ri g\u00f6r\u0259c\u0259kdir\u201d.<\/p>\n","protected":false},"excerpt":{"rendered":"<p>Az\u0259rbaycan Respublikas\u0131 Xarici \u0130\u015fl\u0259r Nazirliyi (X\u0130N) 31 mart Az\u0259rbaycanl\u0131lar\u0131n Soyq\u0131r\u0131m\u0131 G\u00fcn\u00fc il\u0259 \u0259laq\u0259dar b\u0259yanat yay\u0131b. B\u0259yanatda deyilir: \u201c103 il bundan \u00f6nc\u0259, 1918-ci ilin mart-aprel aylar\u0131nda Bak\u0131 Sovetinin mandat\u0131 alt\u0131nda f\u0259aliyy\u0259t g\u00f6st\u0259r\u0259n da\u015fnak-bol\u015fevik silahl\u0131 d\u0259st\u0259l\u0259ri t\u0259r\u0259find\u0259n Bak\u0131 \u015f\u0259h\u0259rind\u0259, habel\u0259 Bak\u0131 quberniyas\u0131na daxil olan dig\u0259r \u015f\u0259h\u0259r v\u0259 q\u0259zalarda x\u00fcsusi q\u0259ddarl\u0131qla k\u00fctl\u0259vi q\u0131r\u011f\u0131nlar t\u00f6r\u0259dilib v\u0259 on minl\u0259rl\u0259 dinc sakin m\u0259hz etnik v\u0259 dini m\u0259nsubiyy\u0259tin\u0259 g\u00f6r\u0259 q\u0259tl\u0259 yetirilib. Bu hadis\u0259l\u0259rin qurbanlar\u0131n\u0131n xatir\u0259sini an\u0131r v\u0259 g\u0259l\u0259c\u0259kd\u0259 bu kimi faci\u0259l\u0259rin qar\u015f\u0131s\u0131n\u0131n al\u0131nmas\u0131 \u00fc\u00e7\u00fcn bu yadda\u015f\u0131n qorunub saxlan\u0131lmas\u0131n\u0131 vacib hesab edirik. Qafqaz\u0131n F\u00f6vq\u0259lad\u0259 Komissar\u0131, etnik erm\u0259ni olan&hellip;<\/p>\n","protected":false},"author":2,"featured_media":301170,"comment_status":"closed","ping_status":"closed","sticky":false,"template":"","format":"standard","meta":{"om_disable_all_campaigns":false,"_monsterinsights_skip_tracking":false,"_monsterinsights_sitenote_active":false,"_monsterinsights_sitenote_note":"","_monsterinsights_sitenote_category":0},"categories":[4],"tags":[],"aioseo_notices":[],"gutentor_comment":0,"rttpg_featured_image_url":{"full":["https:\/\/arantv.az\/wp-content\/uploads\/2021\/02\/azerbaycan_xin_085-2.jpg",800,600,false],"landscape":["https:\/\/arantv.az\/wp-content\/uploads\/2021\/02\/azerbaycan_xin_085-2.jpg",800,600,false],"portraits":["https:\/\/arantv.az\/wp-content\/uploads\/2021\/02\/azerbaycan_xin_085-2.jpg",800,600,false],"thumbnail":["https:\/\/arantv.az\/wp-content\/uploads\/2021\/02\/azerbaycan_xin_085-2-150x150.jpg",150,150,true],"medium":["https:\/\/arantv.az\/wp-content\/uploads\/2021\/02\/azerbaycan_xin_085-2-300x225.jpg",300,225,true],"large":["https:\/\/arantv.az\/wp-content\/uploads\/2021\/02\/azerbaycan_xin_085-2.jpg",640,480,false],"1536x1536":["https:\/\/arantv.az\/wp-content\/uploads\/2021\/02\/azerbaycan_xin_085-2.jpg",800,600,false],"2048x2048":["https:\/\/arantv.az\/wp-content\/uploads\/2021\/02\/azerbaycan_xin_085-2.jpg",800,600,false],"post-thumbnail":["https:\/\/arantv.az\/wp-content\/uploads\/2021\/02\/azerbaycan_xin_085-2-240x172.jpg",240,172,true],"advps-thumb-one":["https:\/\/arantv.az\/wp-content\/uploads\/2021\/02\/azerbaycan_xin_085-2.jpg",800,600,false]},"rttpg_author":{"display_name":"V\u00fcsal Rafiqo\u011flu","author_link":"https:\/\/arantv.az\/?author=2"},"rttpg_comment":0,"rttpg_category":"<a href=\"https:\/\/arantv.az\/?cat=4\" rel=\"category\">Siyas\u0259t<\/a>","rttpg_excerpt":"Az\u0259rbaycan Respublikas\u0131 Xarici \u0130\u015fl\u0259r Nazirliyi (X\u0130N) 31 mart Az\u0259rbaycanl\u0131lar\u0131n Soyq\u0131r\u0131m\u0131 G\u00fcn\u00fc il\u0259 \u0259laq\u0259dar b\u0259yanat yay\u0131b. B\u0259yanatda deyilir: \u201c103 il bundan \u00f6nc\u0259, 1918-ci ilin mart-aprel aylar\u0131nda Bak\u0131 Sovetinin mandat\u0131 alt\u0131nda f\u0259aliyy\u0259t g\u00f6st\u0259r\u0259n da\u015fnak-bol\u015fevik silahl\u0131 d\u0259st\u0259l\u0259ri t\u0259r\u0259find\u0259n Bak\u0131 \u015f\u0259h\u0259rind\u0259, habel\u0259 Bak\u0131 quberniyas\u0131na daxil olan dig\u0259r \u015f\u0259h\u0259r v\u0259 q\u0259zalarda x\u00fcsusi q\u0259ddarl\u0131qla k\u00fctl\u0259vi q\u0131r\u011f\u0131nlar t\u00f6r\u0259dilib v\u0259 on minl\u0259rl\u0259 dinc&hellip;","_links":{"self":[{"href":"https:\/\/arantv.az\/index.php?rest_route=\/wp\/v2\/posts\/320672"}],"collection":[{"href":"https:\/\/arantv.az\/index.php?rest_route=\/wp\/v2\/posts"}],"about":[{"href":"https:\/\/arantv.az\/index.php?rest_route=\/wp\/v2\/types\/post"}],"author":[{"embeddable":true,"href":"https:\/\/arantv.az\/index.php?rest_route=\/wp\/v2\/users\/2"}],"replies":[{"embeddable":true,"href":"https:\/\/arantv.az\/index.php?rest_route=%2Fwp%2Fv2%2Fcomments&post=320672"}],"version-history":[{"count":0,"href":"https:\/\/arantv.az\/index.php?rest_route=\/wp\/v2\/posts\/320672\/revisions"}],"wp:featuredmedia":[{"embeddable":true,"href":"https:\/\/arantv.az\/index.php?rest_route=\/wp\/v2\/media\/301170"}],"wp:attachment":[{"href":"https:\/\/arantv.az\/index.php?rest_route=%2Fwp%2Fv2%2Fmedia&parent=320672"}],"wp:term":[{"taxonomy":"category","embeddable":true,"href":"https:\/\/arantv.az\/index.php?rest_route=%2Fwp%2Fv2%2Fcategories&post=320672"},{"taxonomy":"post_tag","embeddable":true,"href":"https:\/\/arantv.az\/index.php?rest_route=%2Fwp%2Fv2%2Ftags&post=320672"}],"curies":[{"name":"wp","href":"https:\/\/api.w.org\/{rel}","templated":true}]}}