{"id":320677,"date":"2021-03-31T09:33:55","date_gmt":"2021-03-31T06:33:55","guid":{"rendered":"https:\/\/arantv.az\/?p=320677"},"modified":"2021-03-31T09:33:55","modified_gmt":"2021-03-31T06:33:55","slug":"turkiy%c9%99-abs-i-qondarma-erm%c9%99ni-soyqirimini-tanimamaga-cagirib","status":"publish","type":"post","link":"https:\/\/arantv.az\/?p=320677","title":{"rendered":"T\u00fcrkiy\u0259 AB\u015e-\u0131 qondarma &#8220;erm\u0259ni soyq\u0131r\u0131m\u0131&#8221;n\u0131 tan\u0131mama\u011fa \u00e7a\u011f\u0131r\u0131b"},"content":{"rendered":"<p>T\u00fcrkiy\u0259 AB\u015e-\u0131 qondarma &#8220;erm\u0259ni soyq\u0131r\u0131m\u0131&#8221;n\u0131 tan\u0131mama\u011fa \u00e7a\u011f\u0131r\u0131b.<\/p>\n<p><strong>ARANTV.AZ<\/strong> <a href=\"https:\/\/az.trend.az\/\" target=\"_blank\" rel=\"noopener\">Trend<\/a>-\u0259 istinad\u0259n bildirir ki,\u00a0T\u00fcrkiy\u0259 hakimiyy\u0259ti diplomatik kanallarla AB\u015e Prezident administrasiyas\u0131n\u0131 &#8220;soyq\u0131r\u0131m&#8221;\u0131n tan\u0131nmas\u0131n\u0131n Ankara il\u0259 Va\u015finqton aras\u0131ndak\u0131 m\u00fcnasib\u0259tl\u0259r\u0259 b\u00f6y\u00fck ziyan vura bil\u0259c\u0259yi bar\u0259d\u0259 m\u0259lumatland\u0131r\u0131b.<\/p>\n<p>Qeyd olunur ki, T\u00fcrkiy\u0259 d\u0259f\u0259l\u0259rl\u0259 Erm\u0259nistan\u0131 1915-ci il hadis\u0259l\u0259ri il\u0259 ba\u011fl\u0131 arxiv s\u0259n\u0259dl\u0259rini ictimail\u0259\u015fdirm\u0259y\u0259 \u00e7a\u011f\u0131r\u0131b, amma Erm\u0259nistan r\u0259hb\u0259rliyi bu t\u0259klifi q\u0259bul etm\u0259kd\u0259n boyun qa\u00e7\u0131r\u0131r.<\/p>\n","protected":false},"excerpt":{"rendered":"<p>T\u00fcrkiy\u0259 AB\u015e-\u0131 qondarma &#8220;erm\u0259ni soyq\u0131r\u0131m\u0131&#8221;n\u0131 tan\u0131mama\u011fa \u00e7a\u011f\u0131r\u0131b. ARANTV.AZ Trend-\u0259 istinad\u0259n bildirir ki,\u00a0T\u00fcrkiy\u0259 hakimiyy\u0259ti diplomatik kanallarla AB\u015e Prezident administrasiyas\u0131n\u0131 &#8220;soyq\u0131r\u0131m&#8221;\u0131n tan\u0131nmas\u0131n\u0131n Ankara il\u0259 Va\u015finqton aras\u0131ndak\u0131 m\u00fcnasib\u0259tl\u0259r\u0259 b\u00f6y\u00fck ziyan vura bil\u0259c\u0259yi bar\u0259d\u0259 m\u0259lumatland\u0131r\u0131b. Qeyd olunur ki, T\u00fcrkiy\u0259 d\u0259f\u0259l\u0259rl\u0259 Erm\u0259nistan\u0131 1915-ci il hadis\u0259l\u0259ri il\u0259 ba\u011fl\u0131 arxiv s\u0259n\u0259dl\u0259rini ictimail\u0259\u015fdirm\u0259y\u0259 \u00e7a\u011f\u0131r\u0131b, amma Erm\u0259nistan r\u0259hb\u0259rliyi bu t\u0259klifi q\u0259bul etm\u0259kd\u0259n boyun qa\u00e7\u0131r\u0131r.<\/p>\n","protected":false},"author":2,"featured_media":320678,"comment_status":"closed","ping_status":"closed","sticky":false,"template":"","format":"standard","meta":{"om_disable_all_campaigns":false,"_monsterinsights_skip_tracking":false,"_monsterinsights_sitenote_active":false,"_monsterinsights_sitenote_note":"","_monsterinsights_sitenote_category":0},"categories":[4],"tags":[],"aioseo_notices":[],"gutentor_comment":0,"rttpg_featured_image_url":{"full":["https:\/\/arantv.az\/wp-content\/uploads\/2021\/03\/turkiye_bayragi_025.jpg",800,600,false],"landscape":["https:\/\/arantv.az\/wp-content\/uploads\/2021\/03\/turkiye_bayragi_025.jpg",800,600,false],"portraits":["https:\/\/arantv.az\/wp-content\/uploads\/2021\/03\/turkiye_bayragi_025.jpg",800,600,false],"thumbnail":["https:\/\/arantv.az\/wp-content\/uploads\/2021\/03\/turkiye_bayragi_025-150x150.jpg",150,150,true],"medium":["https:\/\/arantv.az\/wp-content\/uploads\/2021\/03\/turkiye_bayragi_025-300x225.jpg",300,225,true],"large":["https:\/\/arantv.az\/wp-content\/uploads\/2021\/03\/turkiye_bayragi_025.jpg",640,480,false],"1536x1536":["https:\/\/arantv.az\/wp-content\/uploads\/2021\/03\/turkiye_bayragi_025.jpg",800,600,false],"2048x2048":["https:\/\/arantv.az\/wp-content\/uploads\/2021\/03\/turkiye_bayragi_025.jpg",800,600,false],"post-thumbnail":["https:\/\/arantv.az\/wp-content\/uploads\/2021\/03\/turkiye_bayragi_025-240x172.jpg",240,172,true],"advps-thumb-one":["https:\/\/arantv.az\/wp-content\/uploads\/2021\/03\/turkiye_bayragi_025.jpg",800,600,false]},"rttpg_author":{"display_name":"V\u00fcsal Rafiqo\u011flu","author_link":"https:\/\/arantv.az\/?author=2"},"rttpg_comment":0,"rttpg_category":"<a href=\"https:\/\/arantv.az\/?cat=4\" rel=\"category\">Siyas\u0259t<\/a>","rttpg_excerpt":"T\u00fcrkiy\u0259 AB\u015e-\u0131 qondarma &#8220;erm\u0259ni soyq\u0131r\u0131m\u0131&#8221;n\u0131 tan\u0131mama\u011fa \u00e7a\u011f\u0131r\u0131b. ARANTV.AZ Trend-\u0259 istinad\u0259n bildirir ki,\u00a0T\u00fcrkiy\u0259 hakimiyy\u0259ti diplomatik kanallarla AB\u015e Prezident administrasiyas\u0131n\u0131 &#8220;soyq\u0131r\u0131m&#8221;\u0131n tan\u0131nmas\u0131n\u0131n Ankara il\u0259 Va\u015finqton aras\u0131ndak\u0131 m\u00fcnasib\u0259tl\u0259r\u0259 b\u00f6y\u00fck ziyan vura bil\u0259c\u0259yi bar\u0259d\u0259 m\u0259lumatland\u0131r\u0131b. Qeyd olunur ki, T\u00fcrkiy\u0259 d\u0259f\u0259l\u0259rl\u0259 Erm\u0259nistan\u0131 1915-ci il hadis\u0259l\u0259ri il\u0259 ba\u011fl\u0131 arxiv s\u0259n\u0259dl\u0259rini ictimail\u0259\u015fdirm\u0259y\u0259 \u00e7a\u011f\u0131r\u0131b, amma Erm\u0259nistan r\u0259hb\u0259rliyi bu t\u0259klifi q\u0259bul etm\u0259kd\u0259n boyun qa\u00e7\u0131r\u0131r.","_links":{"self":[{"href":"https:\/\/arantv.az\/index.php?rest_route=\/wp\/v2\/posts\/320677"}],"collection":[{"href":"https:\/\/arantv.az\/index.php?rest_route=\/wp\/v2\/posts"}],"about":[{"href":"https:\/\/arantv.az\/index.php?rest_route=\/wp\/v2\/types\/post"}],"author":[{"embeddable":true,"href":"https:\/\/arantv.az\/index.php?rest_route=\/wp\/v2\/users\/2"}],"replies":[{"embeddable":true,"href":"https:\/\/arantv.az\/index.php?rest_route=%2Fwp%2Fv2%2Fcomments&post=320677"}],"version-history":[{"count":0,"href":"https:\/\/arantv.az\/index.php?rest_route=\/wp\/v2\/posts\/320677\/revisions"}],"wp:featuredmedia":[{"embeddable":true,"href":"https:\/\/arantv.az\/index.php?rest_route=\/wp\/v2\/media\/320678"}],"wp:attachment":[{"href":"https:\/\/arantv.az\/index.php?rest_route=%2Fwp%2Fv2%2Fmedia&parent=320677"}],"wp:term":[{"taxonomy":"category","embeddable":true,"href":"https:\/\/arantv.az\/index.php?rest_route=%2Fwp%2Fv2%2Fcategories&post=320677"},{"taxonomy":"post_tag","embeddable":true,"href":"https:\/\/arantv.az\/index.php?rest_route=%2Fwp%2Fv2%2Ftags&post=320677"}],"curies":[{"name":"wp","href":"https:\/\/api.w.org\/{rel}","templated":true}]}}