{"id":320690,"date":"2021-03-31T09:45:44","date_gmt":"2021-03-31T06:45:44","guid":{"rendered":"https:\/\/arantv.az\/?p=320690"},"modified":"2021-03-31T09:45:44","modified_gmt":"2021-03-31T06:45:44","slug":"ukrayna-pfizerd%c9%99n-1-milyon-doza-peyv%c9%99nd-alacaq","status":"publish","type":"post","link":"https:\/\/arantv.az\/?p=320690","title":{"rendered":"Ukrayna \u201cPfizer\u201dd\u0259n 1 milyon doza peyv\u0259nd alacaq"},"content":{"rendered":"<p>Ukrayna koronavirusa qar\u015f\u0131 &#8220;Pfizer&#8221; vaksininin 1 milyon dozas\u0131n\u0131 alacaq.<\/p>\n<p><strong>ARANTV.AZ<\/strong>\u00a0 unikal.org-a istinad\u0259n bildirir ki, bu bar\u0259d\u0259 Ukraynan\u0131n ba\u015f sanitar h\u0259kimi Viktor Lya\u015fko bildirib. Onun s\u00f6zl\u0259rin\u0259 g\u00f6r\u0259, preparat iyun ay\u0131n\u0131n sonuna q\u0259d\u0259r t\u0259dar\u00fck edilm\u0259lidir.<\/p>\n<p>&#8220;Biz COVAX-dan \u0259lav\u0259 olaraq &#8220;Pfizer&#8221; vaksininin 1 milyon dozas\u0131n\u0131n ayr\u0131lmas\u0131 haqq\u0131nda t\u0259sdiqi alm\u0131\u015f\u0131q&#8221;, &#8211; dey\u0259 Lya\u015fko vur\u011fulay\u0131b.<\/p>\n<p>Vaksin \u00f6lk\u0259y\u0259 tran\u015flarla \u00e7atd\u0131r\u0131lacaq.<\/p>\n","protected":false},"excerpt":{"rendered":"<p>Ukrayna koronavirusa qar\u015f\u0131 &#8220;Pfizer&#8221; vaksininin 1 milyon dozas\u0131n\u0131 alacaq. ARANTV.AZ\u00a0 unikal.org-a istinad\u0259n bildirir ki, bu bar\u0259d\u0259 Ukraynan\u0131n ba\u015f sanitar h\u0259kimi Viktor Lya\u015fko bildirib. Onun s\u00f6zl\u0259rin\u0259 g\u00f6r\u0259, preparat iyun ay\u0131n\u0131n sonuna q\u0259d\u0259r t\u0259dar\u00fck edilm\u0259lidir. &#8220;Biz COVAX-dan \u0259lav\u0259 olaraq &#8220;Pfizer&#8221; vaksininin 1 milyon dozas\u0131n\u0131n ayr\u0131lmas\u0131 haqq\u0131nda t\u0259sdiqi alm\u0131\u015f\u0131q&#8221;, &#8211; dey\u0259 Lya\u015fko vur\u011fulay\u0131b. Vaksin \u00f6lk\u0259y\u0259 tran\u015flarla \u00e7atd\u0131r\u0131lacaq.<\/p>\n","protected":false},"author":2,"featured_media":320692,"comment_status":"closed","ping_status":"closed","sticky":false,"template":"","format":"standard","meta":{"om_disable_all_campaigns":false,"_monsterinsights_skip_tracking":false,"_monsterinsights_sitenote_active":false,"_monsterinsights_sitenote_note":"","_monsterinsights_sitenote_category":0},"categories":[7],"tags":[],"aioseo_notices":[],"gutentor_comment":0,"rttpg_featured_image_url":{"full":["https:\/\/arantv.az\/wp-content\/uploads\/2021\/03\/935127.jpg",800,600,false],"landscape":["https:\/\/arantv.az\/wp-content\/uploads\/2021\/03\/935127.jpg",800,600,false],"portraits":["https:\/\/arantv.az\/wp-content\/uploads\/2021\/03\/935127.jpg",800,600,false],"thumbnail":["https:\/\/arantv.az\/wp-content\/uploads\/2021\/03\/935127-150x150.jpg",150,150,true],"medium":["https:\/\/arantv.az\/wp-content\/uploads\/2021\/03\/935127-300x225.jpg",300,225,true],"large":["https:\/\/arantv.az\/wp-content\/uploads\/2021\/03\/935127.jpg",640,480,false],"1536x1536":["https:\/\/arantv.az\/wp-content\/uploads\/2021\/03\/935127.jpg",800,600,false],"2048x2048":["https:\/\/arantv.az\/wp-content\/uploads\/2021\/03\/935127.jpg",800,600,false],"post-thumbnail":["https:\/\/arantv.az\/wp-content\/uploads\/2021\/03\/935127-240x172.jpg",240,172,true],"advps-thumb-one":["https:\/\/arantv.az\/wp-content\/uploads\/2021\/03\/935127.jpg",800,600,false]},"rttpg_author":{"display_name":"V\u00fcsal Rafiqo\u011flu","author_link":"https:\/\/arantv.az\/?author=2"},"rttpg_comment":0,"rttpg_category":"<a href=\"https:\/\/arantv.az\/?cat=7\" rel=\"category\">D\u00fcnya<\/a>","rttpg_excerpt":"Ukrayna koronavirusa qar\u015f\u0131 &#8220;Pfizer&#8221; vaksininin 1 milyon dozas\u0131n\u0131 alacaq. ARANTV.AZ\u00a0 unikal.org-a istinad\u0259n bildirir ki, bu bar\u0259d\u0259 Ukraynan\u0131n ba\u015f sanitar h\u0259kimi Viktor Lya\u015fko bildirib. Onun s\u00f6zl\u0259rin\u0259 g\u00f6r\u0259, preparat iyun ay\u0131n\u0131n sonuna q\u0259d\u0259r t\u0259dar\u00fck edilm\u0259lidir. &#8220;Biz COVAX-dan \u0259lav\u0259 olaraq &#8220;Pfizer&#8221; vaksininin 1 milyon dozas\u0131n\u0131n ayr\u0131lmas\u0131 haqq\u0131nda t\u0259sdiqi alm\u0131\u015f\u0131q&#8221;, &#8211; dey\u0259 Lya\u015fko vur\u011fulay\u0131b. Vaksin \u00f6lk\u0259y\u0259 tran\u015flarla \u00e7atd\u0131r\u0131lacaq.","_links":{"self":[{"href":"https:\/\/arantv.az\/index.php?rest_route=\/wp\/v2\/posts\/320690"}],"collection":[{"href":"https:\/\/arantv.az\/index.php?rest_route=\/wp\/v2\/posts"}],"about":[{"href":"https:\/\/arantv.az\/index.php?rest_route=\/wp\/v2\/types\/post"}],"author":[{"embeddable":true,"href":"https:\/\/arantv.az\/index.php?rest_route=\/wp\/v2\/users\/2"}],"replies":[{"embeddable":true,"href":"https:\/\/arantv.az\/index.php?rest_route=%2Fwp%2Fv2%2Fcomments&post=320690"}],"version-history":[{"count":0,"href":"https:\/\/arantv.az\/index.php?rest_route=\/wp\/v2\/posts\/320690\/revisions"}],"wp:featuredmedia":[{"embeddable":true,"href":"https:\/\/arantv.az\/index.php?rest_route=\/wp\/v2\/media\/320692"}],"wp:attachment":[{"href":"https:\/\/arantv.az\/index.php?rest_route=%2Fwp%2Fv2%2Fmedia&parent=320690"}],"wp:term":[{"taxonomy":"category","embeddable":true,"href":"https:\/\/arantv.az\/index.php?rest_route=%2Fwp%2Fv2%2Fcategories&post=320690"},{"taxonomy":"post_tag","embeddable":true,"href":"https:\/\/arantv.az\/index.php?rest_route=%2Fwp%2Fv2%2Ftags&post=320690"}],"curies":[{"name":"wp","href":"https:\/\/api.w.org\/{rel}","templated":true}]}}