{"id":320781,"date":"2021-03-31T10:40:31","date_gmt":"2021-03-31T07:40:31","guid":{"rendered":"https:\/\/arantv.az\/?p=320781"},"modified":"2021-03-31T10:40:31","modified_gmt":"2021-03-31T07:40:31","slug":"%c9%99b%c9%99di-torpaqlarimiz-dusm%c9%99n-isgalindan-azad-olunmaqla-tamam-c%c9%99f%c9%99rova","status":"publish","type":"post","link":"https:\/\/arantv.az\/?p=320781","title":{"rendered":"\u018fb\u0259di torpaqlar\u0131m\u0131z d\u00fc\u015fm\u0259n i\u015f\u011fal\u0131ndan azad olunmaqla&#8230; &#8211; Tamam C\u0259f\u0259rova"},"content":{"rendered":"<p>1918-ci il 30 mart-3 aprel tarixl\u0259rind\u0259 az\u0259rbaycanl\u0131lara qar\u015f\u0131 erm\u0259ni fa\u015fistl\u0259ri t\u0259r\u0259find\u0259n t\u00f6r\u0259dilmi\u015f soyq\u0131r\u0131m akt\u0131ndan 103 il \u00f6t\u00fcr. Az\u0259rbaycan tarixinin \u00f6t\u0259n 200 ilin\u0259 n\u0259z\u0259r yetirdikd\u0259, erm\u0259nil\u0259rin Az\u0259rbaycan xalq\u0131na qar\u015f\u0131 qanl\u0131 faci\u0259l\u0259r t\u00f6r\u0259tdiyini m\u00fc\u015fahid\u0259 edirik. Bunun \u0259n bariz \u00f6rn\u0259kl\u0259rind\u0259n biri 1918-ci ilin mart-aprel aylar\u0131nda Bak\u0131 Sovetinin mandat\u0131 alt\u0131nda f\u0259aliyy\u0259t g\u00f6st\u0259r\u0259n da\u015fnak-bol\u015fevik silahl\u0131 d\u0259st\u0259l\u0259ri t\u0259r\u0259find\u0259n x\u00fcsusi q\u0259ddarl\u0131qla t\u00f6r\u0259dilmi\u015f k\u00fctl\u0259vi q\u0131r\u011f\u0131nlard\u0131r. 1918-ci ild\u0259 ba\u015f vermi\u015f bu soyq\u0131r\u0131m\u0131 akt\u0131na 80 il sonra 26 mart 1998-ci ild\u0259 Ulu \u00d6nd\u0259r Heyd\u0259r \u018fliyev &#8220;31 Mart Az\u0259rbaycanl\u0131lar\u0131n soyq\u0131r\u0131m\u0131 G\u00fcn\u00fc&#8221; kimi qeyd olunmas\u0131 \u00fc\u00e7\u00fcn x\u00fcsusi f\u0259rman imzalamaqla h\u00fcquqi-siyasi qiym\u0259ti verib.<\/p>\n<p><strong>ARANTV.AZ<\/strong> x\u0259b\u0259r verir ki, bu bar\u0259d\u0259 <a href=\"https:\/\/az.trend.az\/\" target=\"_blank\" rel=\"noopener\">Trend<\/a>-\u0259\u00a0a\u00e7\u0131qlamas\u0131nda Milli M\u0259clisin \u00fczv\u00fc Tamam C\u0259f\u0259rova deyib.<\/p>\n<p>Deputat bildirib ki, 1918-1920-ci ill\u0259r Birinci d\u00fcnya m\u00fcharib\u0259sind\u0259n sonra Rusiyada yaranm\u0131\u015f v\u0259ziyy\u0259td\u0259n istifad\u0259 ed\u0259n fa\u015fist xisl\u0259tli erm\u0259nil\u0259r 1917-ci ild\u0259 ba\u015f vermi\u015f fevral v\u0259 oktyabr inqilablar\u0131ndan sonra \u00f6z ist\u0259kl\u0259rin\u0259 bol\u015fevizm bayra\u011f\u0131 alt\u0131nda nail olma\u011fa c\u0259hd edibl\u0259r. 1918-ci ilin mart-aprel aylar\u0131nda Bak\u0131, \u015eamax\u0131, Quba, Mu\u011fan v\u0259 L\u0259nk\u0259randa erm\u0259nil\u0259r 30 mind\u0259n \u00e7ox az\u0259rbaycanl\u0131n\u0131 q\u0259tl\u0259 yetirib, 10 minl\u0259rl\u0259 insan\u0131 \u00f6z torpaqlar\u0131ndan qovmu\u015fdur. T\u0259kc\u0259 Bak\u0131da 10 min\u0259 yax\u0131n az\u0259rbaycanl\u0131 x\u00fcsusi q\u0259ddarl\u0131qla \u00f6ld\u00fcr\u00fcl\u00fcb, \u015eamax\u0131da 58 k\u0259nd da\u011f\u0131d\u0131lm\u0131\u015f 7 min n\u0259f\u0259r (1653 qad\u0131n, 965 u\u015faq) m\u0259hv edilmi\u015fdir. Quba \u0259razisind\u0259 122, Qaraba\u011f\u0131n da\u011fl\u0131q hiss\u0259sind\u0259 150, Z\u0259ng\u0259zurda 115, \u0130r\u0259van quberniyas\u0131nda 211, Qars \u0259yal\u0259tind\u0259 92 k\u0259nd yerl\u0259 yeksan olunub, \u0259hali \u00fcz\u0259rind\u0259 ya\u015f v\u0259 cins\u0259 m\u0259h\u0259l qoymadan q\u0259tliam h\u0259yata ke\u00e7irilib.<\/p>\n<p>H\u0259min d\u00f6vrd\u0259 Az\u0259rbaycan xalq\u0131na qar\u015f\u0131 t\u00f6r\u0259dilmi\u015f bu qanl\u0131 cinay\u0259tl\u0259r\u0259 h\u00fcquqi-siyasi qiym\u0259t verilm\u0259si v\u0259 hadis\u0259l\u0259rin ara\u015fd\u0131r\u0131lmas\u0131 \u00fc\u00e7\u00fcn Az\u0259rbaycan Xalq Cumhuriyy\u0259ti Nazirl\u0259r \u015euras\u0131 t\u0259r\u0259find\u0259n 1918-ci il iyulun 15-d\u0259 bu faci\u0259nin t\u0259dqiqi m\u0259qs\u0259dil\u0259 F\u00f6vq\u0259lad\u0259 \u0130stintaq Komissiyas\u0131 yarad\u0131lm\u0131\u015fd\u0131r. Bununla yana\u015f\u0131, 1919-cu v\u0259 1920-ci ill\u0259rd\u0259 mart\u0131n 31-i Az\u0259rbaycan Xalq C\u00fcmhuriyy\u0259ti t\u0259r\u0259find\u0259n \u00fcmummilli mat\u0259m g\u00fcn\u00fc kimi qeyd edilmi\u015fdir. \u018fslind\u0259 bu, az\u0259rbaycanl\u0131lara qar\u015f\u0131 h\u0259yata ke\u00e7iril\u0259n soyq\u0131r\u0131m\u0131 v\u0259 bir \u0259srd\u0259n art\u0131q davam ed\u0259n torpaqlar\u0131m\u0131z\u0131n i\u015f\u011fal\u0131 prosesl\u0259rin\u0259 tarixd\u0259 ilk d\u0259f\u0259 siyasi qiym\u0259t verm\u0259k c\u0259hdi idi. Lakin, AXC t\u0259r\u0259find\u0259n mart hadis\u0259l\u0259rin\u0259 veril\u0259n siyasi qiym\u0259t m\u00f6vcud \u015f\u0259raitd\u0259 ax\u0131ra q\u0259d\u0259r h\u0259yata ke\u00e7iril\u0259 bilm\u0259yib. Bununla yana\u015f\u0131, Az\u0259rbaycan Xalq C\u00fcmhuriyy\u0259tinin varisi kimi Az\u0259rbaycan Respublikas\u0131 bu g\u00fcn, onun ax\u0131ra q\u0259d\u0259r h\u0259yata ke\u00e7ir\u0259 bilm\u0259diyi q\u0259rarlar\u0131n m\u0259ntiqi davam\u0131 olaraq soyq\u0131r\u0131m\u0131 hadis\u0259l\u0259rin\u0259 siyasi qiym\u0259t verm\u0259k borcunu tarixin h\u00f6km\u00fc kimi q\u0259bul ed\u0259r\u0259k, bu m\u00fch\u00fcm missiyan\u0131 m\u0259har\u0259tl\u0259 h\u0259yata ke\u00e7irib. \u0130lk d\u0259f\u0259 26 mart 1998-ci ild\u0259 Ulu \u00d6nd\u0259r Heyd\u0259r \u018fliyev &#8220;Az\u0259rbaycanl\u0131lar\u0131n soyq\u0131r\u0131m\u0131 haqq\u0131nda&#8221; F\u0259rman imzalamaqla, 31 mart &#8220;Az\u0259rbaycanl\u0131lar\u0131n Soyq\u0131r\u0131m\u0131 G\u00fcn\u00fc&#8221; elan edilib. Bel\u0259likl\u0259, erm\u0259nil\u0259r t\u0259r\u0259find\u0259n t\u00f6r\u0259dilmi\u015f h\u0259min d\u0259h\u015f\u0259tli hadis\u0259l\u0259r\u0259 adekvat siyasi qiym\u0259t verilib. Bunlarla yana\u015f\u0131. Erm\u0259ni-bol\u015fevik silahl\u0131 d\u0259st\u0259l\u0259rinin az\u0259rbaycanl\u0131lara qar\u015f\u0131 t\u00f6r\u0259tdikl\u0259ri b\u0259\u015f\u0259ri cinay\u0259tl\u0259r bar\u0259d\u0259 h\u0259qiq\u0259tl\u0259rin \u00f6lk\u0259 v\u0259 d\u00fcnya ictimaiyy\u0259tin\u0259 daha dol\u011fun \u00e7atd\u0131r\u0131lmas\u0131 m\u0259qs\u0259dil\u0259 Az\u0259rbaycan Respublikas\u0131 Prezidenti \u0130lham \u018fliyev 18 yanvar 2018-ci ild\u0259 &#8220;1918-ci il az\u0259rbaycanl\u0131lar\u0131n soyq\u0131r\u0131m\u0131n\u0131n 100 illiyi haqq\u0131nda&#8221; S\u0259r\u0259ncam imzalay\u0131b. S\u0259r\u0259ncamda deyilir: &#8220;\u00dcz\u0259 \u00e7\u0131xm\u0131\u015f tarixi faktlar 1918-ci ilin mart-aprel aylar\u0131nda v\u0259 sonrak\u0131 d\u00f6vrl\u0259rd\u0259 erm\u0259ni mill\u0259t\u00e7il\u0259rinin h\u0259yata ke\u00e7irdikl\u0259ri qanl\u0131 aksiyalar\u0131n co\u011frafiyas\u0131n\u0131n daha geni\u015f v\u0259 faci\u0259 qurbanlar\u0131n\u0131n say\u0131n\u0131n qat-qat \u00e7ox oldu\u011funu s\u00fcbut etmi\u015fdir&#8221;.<\/p>\n<p>T.C\u0259f\u0259rova x\u00fcsusil\u0259 vur\u011fulay\u0131b ki, erm\u0259ni fa\u015fistl\u0259rinin nasist xisl\u0259tini Az\u0259rbaycan xalq\u0131 II Qaraba\u011f m\u00fcharib\u0259sind\u0259 bir daha g\u00f6rd\u00fc. Bel\u0259 ki, erm\u0259nil\u0259r dinc \u0259haliy\u0259 qar\u015f\u0131 d\u00fcnyada qada\u011fan olunmu\u015f silahlardan istifad\u0259 etm\u0259kl\u0259 vandal, nasist simalar\u0131n\u0131 b\u00fct\u00fcn d\u00fcnyaya bir daha n\u00fcmayi\u015f etdirdil\u0259r. 44 g\u00fcnl\u00fck V\u0259t\u0259n m\u00fcharib\u0259sind\u0259 G\u0259nc\u0259 \u015f\u0259h\u0259rin\u0259 v\u0259 B\u0259rd\u0259 rayonuna at\u0131lan bombalar n\u0259tic\u0259sind\u0259 54 n\u0259f\u0259r h\u0259yat\u0131n\u0131 itirib, 195 n\u0259f\u0259r is\u0259 yaralan\u0131b. G\u0259nc\u0259 v\u0259 B\u0259rd\u0259 hadis\u0259l\u0259ri siyasi bax\u0131mdan Az\u0259rbaycan xalq\u0131na qar\u015f\u0131 t\u00f6r\u0259dilmi\u015f tarixi cinay\u0259tl\u0259rin davam\u0131 kimi qiym\u0259tl\u0259ndirilm\u0259lidir.<\/p>\n<p>B\u00fct\u00fcn bunlar onu dem\u0259y\u0259 \u0259sas verir ki, fa\u015fist, nasist xisl\u0259tli erm\u0259nil\u0259r Az\u0259rbaycan v\u0259 t\u00fcrk xalq\u0131na qar\u015f\u0131 h\u0259r zaman d\u00fc\u015fm\u0259n m\u00f6vqed\u0259 olublar. H\u0259r zaman saxta faktlar yaradaraq tarixi saxtala\u015fd\u0131rma\u011fa \u00e7al\u0131\u015f\u0131blar. C\u0259nab Prezident \u0130lham \u018fliyevin qeyd etdiyi kimi tarixi nec\u0259 saxtala\u015fd\u0131r\u0131blar, reall\u0131\u011f\u0131 da el\u0259 saxtala\u015fd\u0131r\u0131blar. Erm\u0259nil\u0259rin \u015f\u0259b\u0259k\u0259l\u0259ri d\u00fcnyan\u0131n m\u00fcxt\u0259lif paytaxtlar\u0131nda f\u0259aliyy\u0259t g\u00f6st\u0259rir, saxta m\u0259lumat \u00f6t\u00fcr\u00fcr v\u0259 bu saxta m\u0259lumat \u0259traf\u0131nda sonra m\u00fczakir\u0259l\u0259r gedir v\u0259 olmayan \u015feyl\u0259ri reall\u0131q kimi q\u0259l\u0259m\u0259 verirdil\u0259r. \u018flb\u0259tt\u0259, h\u0259r bir az\u0259rbaycanl\u0131 d\u00fc\u015fm\u0259nin m\u0259krli siyas\u0259tin\u0259 qar\u015f\u0131 ay\u0131q olmal\u0131, d\u00f6vl\u0259tin atd\u0131\u011f\u0131 add\u0131mlar\u0131n h\u0259r zaman arxas\u0131ndan getm\u0259lidir.<\/p>\n<p>Deputat sonda qeyd edib ki, Az\u0259rbaycan xalq\u0131 tarix boyu bir \u00e7ox faci\u0259l\u0259rl\u0259 \u00fczl\u0259\u015fm\u0259sin\u0259 baxmayaraq, \u00f6z\u00fcn\u00fcn m\u00fcst\u0259qillik \u0259zmini qoruyub saxlay\u0131b, m\u00f6hk\u0259m irad\u0259, yenilm\u0259z birlik v\u0259 h\u0259mr\u0259ylik n\u00fcmayi\u015f etdirib. X\u00fcsusil\u0259 d\u0259, c\u0259nab Prezident, Ali Ba\u015f Komandan \u0130lham \u018fliyevin v\u0259 ordumuzun \u0259traf\u0131nda &#8220;d\u0259mir yumruq&#8221; kimi birl\u0259\u015f\u0259n Az\u0259rbaycan xalq\u0131 g\u00fcc\u00fcn\u00fcn, q\u00fcdr\u0259tinin n\u0259l\u0259r\u0259 qadir oldu\u011funu d\u00fc\u015fm\u0259n\u0259 v\u0259 b\u00fct\u00fcn d\u00fcnyaya bir daha n\u00fcmayi\u015f etdirib. Art\u0131q B\u00dcT\u00d6V AZ\u018fRBAYCAN var. Art\u0131q h\u0259r birimiz B\u00d6Y\u00dcK QAYIDI\u015eIN ayaq s\u0259sl\u0259rini e\u015fidirik. 44 g\u00fcnl\u00fck V\u0259t\u0259n M\u00fcharib\u0259sind\u0259 Az\u0259rbaycan \u0259razi b\u00f6t\u00f6vl\u00fcy\u00fcn\u00fc t\u0259min etm\u0259kl\u0259 yana\u015f\u0131, tarixi \u0259dal\u0259ti d\u0259 b\u0259rq\u0259rar etmi\u015fdir. \u018fb\u0259di torpaqlar\u0131m\u0131z d\u00fc\u015fm\u0259n i\u015f\u011fal\u0131ndan azad olunmaqla, soyq\u0131r\u0131m qubanlar\u0131n\u0131n da ruhu \u015fad olmu\u015fdur.<\/p>\n<p>B\u00fct\u00fcn soyq\u0131r\u0131m qurbanlar\u0131n\u0131 v\u0259 \u015f\u0259hidl\u0259rimizi h\u00f6rm\u0259tl\u0259 v\u0259 r\u0259hm\u0259tl\u0259 yad edirik. \u015e\u0259hidl\u0259rimizin v\u0259 soyq\u0131r\u0131m qurbanlar\u0131n\u0131n qan\u0131 il\u0259 sulanm\u0131\u015f bu V\u0259t\u0259n torpa\u011f\u0131 onlar\u0131n g\u0259l\u0259c\u0259k n\u0259sill\u0259r\u0259 \u0259man\u0259tidir.<\/p>\n","protected":false},"excerpt":{"rendered":"<p>1918-ci il 30 mart-3 aprel tarixl\u0259rind\u0259 az\u0259rbaycanl\u0131lara qar\u015f\u0131 erm\u0259ni fa\u015fistl\u0259ri t\u0259r\u0259find\u0259n t\u00f6r\u0259dilmi\u015f soyq\u0131r\u0131m akt\u0131ndan 103 il \u00f6t\u00fcr. Az\u0259rbaycan tarixinin \u00f6t\u0259n 200 ilin\u0259 n\u0259z\u0259r yetirdikd\u0259, erm\u0259nil\u0259rin Az\u0259rbaycan xalq\u0131na qar\u015f\u0131 qanl\u0131 faci\u0259l\u0259r t\u00f6r\u0259tdiyini m\u00fc\u015fahid\u0259 edirik. Bunun \u0259n bariz \u00f6rn\u0259kl\u0259rind\u0259n biri 1918-ci ilin mart-aprel aylar\u0131nda Bak\u0131 Sovetinin mandat\u0131 alt\u0131nda f\u0259aliyy\u0259t g\u00f6st\u0259r\u0259n da\u015fnak-bol\u015fevik silahl\u0131 d\u0259st\u0259l\u0259ri t\u0259r\u0259find\u0259n x\u00fcsusi q\u0259ddarl\u0131qla t\u00f6r\u0259dilmi\u015f k\u00fctl\u0259vi q\u0131r\u011f\u0131nlard\u0131r. 1918-ci ild\u0259 ba\u015f vermi\u015f bu soyq\u0131r\u0131m\u0131 akt\u0131na 80 il sonra 26 mart 1998-ci ild\u0259 Ulu \u00d6nd\u0259r Heyd\u0259r \u018fliyev &#8220;31 Mart Az\u0259rbaycanl\u0131lar\u0131n soyq\u0131r\u0131m\u0131 G\u00fcn\u00fc&#8221; kimi qeyd olunmas\u0131 \u00fc\u00e7\u00fcn x\u00fcsusi f\u0259rman imzalamaqla h\u00fcquqi-siyasi qiym\u0259ti verib.&hellip;<\/p>\n","protected":false},"author":2,"featured_media":320782,"comment_status":"closed","ping_status":"closed","sticky":false,"template":"","format":"standard","meta":{"om_disable_all_campaigns":false,"_monsterinsights_skip_tracking":false,"_monsterinsights_sitenote_active":false,"_monsterinsights_sitenote_note":"","_monsterinsights_sitenote_category":0},"categories":[4],"tags":[],"aioseo_notices":[],"gutentor_comment":0,"rttpg_featured_image_url":{"full":["https:\/\/arantv.az\/wp-content\/uploads\/2021\/03\/935143.jpg",800,600,false],"landscape":["https:\/\/arantv.az\/wp-content\/uploads\/2021\/03\/935143.jpg",800,600,false],"portraits":["https:\/\/arantv.az\/wp-content\/uploads\/2021\/03\/935143.jpg",800,600,false],"thumbnail":["https:\/\/arantv.az\/wp-content\/uploads\/2021\/03\/935143-150x150.jpg",150,150,true],"medium":["https:\/\/arantv.az\/wp-content\/uploads\/2021\/03\/935143-300x225.jpg",300,225,true],"large":["https:\/\/arantv.az\/wp-content\/uploads\/2021\/03\/935143.jpg",640,480,false],"1536x1536":["https:\/\/arantv.az\/wp-content\/uploads\/2021\/03\/935143.jpg",800,600,false],"2048x2048":["https:\/\/arantv.az\/wp-content\/uploads\/2021\/03\/935143.jpg",800,600,false],"post-thumbnail":["https:\/\/arantv.az\/wp-content\/uploads\/2021\/03\/935143-240x172.jpg",240,172,true],"advps-thumb-one":["https:\/\/arantv.az\/wp-content\/uploads\/2021\/03\/935143.jpg",800,600,false]},"rttpg_author":{"display_name":"V\u00fcsal Rafiqo\u011flu","author_link":"https:\/\/arantv.az\/?author=2"},"rttpg_comment":0,"rttpg_category":"<a href=\"https:\/\/arantv.az\/?cat=4\" rel=\"category\">Siyas\u0259t<\/a>","rttpg_excerpt":"1918-ci il 30 mart-3 aprel tarixl\u0259rind\u0259 az\u0259rbaycanl\u0131lara qar\u015f\u0131 erm\u0259ni fa\u015fistl\u0259ri t\u0259r\u0259find\u0259n t\u00f6r\u0259dilmi\u015f soyq\u0131r\u0131m akt\u0131ndan 103 il \u00f6t\u00fcr. Az\u0259rbaycan tarixinin \u00f6t\u0259n 200 ilin\u0259 n\u0259z\u0259r yetirdikd\u0259, erm\u0259nil\u0259rin Az\u0259rbaycan xalq\u0131na qar\u015f\u0131 qanl\u0131 faci\u0259l\u0259r t\u00f6r\u0259tdiyini m\u00fc\u015fahid\u0259 edirik. Bunun \u0259n bariz \u00f6rn\u0259kl\u0259rind\u0259n biri 1918-ci ilin mart-aprel aylar\u0131nda Bak\u0131 Sovetinin mandat\u0131 alt\u0131nda f\u0259aliyy\u0259t g\u00f6st\u0259r\u0259n da\u015fnak-bol\u015fevik silahl\u0131 d\u0259st\u0259l\u0259ri t\u0259r\u0259find\u0259n x\u00fcsusi q\u0259ddarl\u0131qla t\u00f6r\u0259dilmi\u015f&hellip;","_links":{"self":[{"href":"https:\/\/arantv.az\/index.php?rest_route=\/wp\/v2\/posts\/320781"}],"collection":[{"href":"https:\/\/arantv.az\/index.php?rest_route=\/wp\/v2\/posts"}],"about":[{"href":"https:\/\/arantv.az\/index.php?rest_route=\/wp\/v2\/types\/post"}],"author":[{"embeddable":true,"href":"https:\/\/arantv.az\/index.php?rest_route=\/wp\/v2\/users\/2"}],"replies":[{"embeddable":true,"href":"https:\/\/arantv.az\/index.php?rest_route=%2Fwp%2Fv2%2Fcomments&post=320781"}],"version-history":[{"count":0,"href":"https:\/\/arantv.az\/index.php?rest_route=\/wp\/v2\/posts\/320781\/revisions"}],"wp:featuredmedia":[{"embeddable":true,"href":"https:\/\/arantv.az\/index.php?rest_route=\/wp\/v2\/media\/320782"}],"wp:attachment":[{"href":"https:\/\/arantv.az\/index.php?rest_route=%2Fwp%2Fv2%2Fmedia&parent=320781"}],"wp:term":[{"taxonomy":"category","embeddable":true,"href":"https:\/\/arantv.az\/index.php?rest_route=%2Fwp%2Fv2%2Fcategories&post=320781"},{"taxonomy":"post_tag","embeddable":true,"href":"https:\/\/arantv.az\/index.php?rest_route=%2Fwp%2Fv2%2Ftags&post=320781"}],"curies":[{"name":"wp","href":"https:\/\/api.w.org\/{rel}","templated":true}]}}