{"id":320784,"date":"2021-03-31T10:41:26","date_gmt":"2021-03-31T07:41:26","guid":{"rendered":"https:\/\/arantv.az\/?p=320784"},"modified":"2021-03-31T10:41:26","modified_gmt":"2021-03-31T07:41:26","slug":"az%c9%99rbaycan-ordusunun-giziri-d%c9%99fn-olundu-yenil%c9%99nib-foto","status":"publish","type":"post","link":"https:\/\/arantv.az\/?p=320784","title":{"rendered":"Az\u0259rbaycan ordusunun giziri d\u0259fn olundu &#8211; YEN\u0130L\u018fN\u0130B + FOTO"},"content":{"rendered":"<p>Mart\u0131n 30-da Xocav\u0259nd rayonu \u0259razisind\u0259 g\u00f6ld\u0259 bo\u011fularaq d\u00fcnyas\u0131n\u0131 d\u0259yi\u015f\u0259n h\u0259rb\u00e7i bu g\u00fcn d\u0259fn olunub.<\/p>\n<p><strong>ARANTV.AZ<\/strong>-\u0131n m\u0259lumat\u0131na g\u00f6r\u0259, gizir Heyd\u0259r \u018fliyev do\u011fuldu\u011fu Sabirabad rayonunun Bala H\u0259\u015fimxanl\u0131 k\u0259ndind\u0259 torpa\u011fa tap\u015f\u0131r\u0131l\u0131b.<\/p>\n<p>H.\u018fliyevin V\u0259t\u0259n m\u00fcharib\u0259sind\u0259 F\u00fczulid\u0259n La\u00e7\u0131n v\u0259 \u015eu\u015faya q\u0259d\u0259r a\u011f\u0131r d\u00f6y\u00fc\u015f yolu ke\u00e7diyi bildirilir.<\/p>\n<div id=\"AdviadNativeVideo0\" class=\"AdviadNativeVideo\"><\/div>\n<p>Qeyd ed\u0259k ki, M\u00fcdafi\u0259 Nazirliyinin yayd\u0131\u011f\u0131 m\u0259lumatda qeyd olunur ki, mart\u0131n 30-da Xocav\u0259nd rayonu \u0259razisind\u0259 xidm\u0259td\u0259n k\u0259nar vaxt\u0131 g\u00f6ld\u0259 \u00e7imm\u0259y\u0259 c\u0259hd g\u00f6st\u0259r\u0259n Az\u0259rbaycan ordusunun\u00a0 giziri \u018fliyev Heyd\u0259r R\u00f6v\u015f\u0259n o\u011flu bo\u011fularaq \u00f6l\u00fcb.<\/p>\n<p>Faktla ba\u011fl\u0131 ara\u015fd\u0131rma apar\u0131l\u0131r.<\/p>\n<p><strong>09:55<\/strong><\/p>\n<p>Az\u0259rbaycan ordusunun h\u0259rbi qulluq\u00e7usu g\u00f6ld\u0259 bo\u011fulub.<\/p>\n<p>Bu bar\u0259d\u0259 M\u00fcdafi\u0259 Nazirliyi m\u0259lumat yay\u0131b.<\/p>\n<p>Bildirilib ki, mart\u0131n 30-da Xocav\u0259nd rayonu \u0259razisind\u0259 xidm\u0259td\u0259n k\u0259nar vaxtda\u00a0g\u00f6ld\u0259 \u00e7imm\u0259y\u0259 c\u0259hd g\u00f6st\u0259r\u0259n Az\u0259rbaycan ordusunun\u00a0giziri \u018fliyev Heyd\u0259r R\u00f6v\u015f\u0259n o\u011flu bo\u011fularaq \u00f6l\u00fcb.<\/p>\n<p>Faktla ba\u011fl\u0131 ara\u015fd\u0131rma apar\u0131l\u0131r.<\/p>\n<p>&nbsp;<\/p>\n<div class=\"gallery\">\n<div class=\"gallery-i\"><img src=\"https:\/\/cdn.oxu.az\/uploads\/W1siZiIsIjIwMjEvMDMvMzEvMDkvNTYvMjAvMGNmYThlNjUtMzQzMi00ZTU5LWEyY2QtYTkxYjEwZTRkZDM5LzU0MzAxMGNlLTAxM2QtNDU3My1hODIzLWE5NzhlYWYxMDgyMC5qcGciXSxbInAiLCJlbmNvZGUiLCJqcGciLCItcXVhbGl0eSA4MCJdLFsicCIsInRodW1iIiwiNTkweDU5MFx1MDAzZSJdXQ?sha=45868633aa379ca1\" alt=\"\" \/><\/p>\n<div class=\"gallery-i-caption\"><\/div>\n<\/div>\n<div class=\"gallery-i\"><img src=\"https:\/\/cdn.oxu.az\/uploads\/W1siZiIsIjIwMjEvMDMvMzEvMTEvMzgvMDgvZDU5YzcwMTgtNTdjOC00NTQ5LWIzOGUtNGM0MTYyYjU3ZTcyLzcuanBnIl0sWyJwIiwiZW5jb2RlIiwianBnIiwiLXF1YWxpdHkgODAiXSxbInAiLCJ0aHVtYiIsIjU5MHg1OTBcdTAwM2UiXV0?sha=9a56330be28db4d7\" alt=\"\" \/><\/p>\n<div class=\"gallery-i-caption\"><\/div>\n<\/div>\n<div class=\"gallery-i\"><img src=\"https:\/\/cdn.oxu.az\/uploads\/W1siZiIsIjIwMjEvMDMvMzEvMTEvMzgvMDgvZjhiY2YyMTQtNWMwMC00MGU1LTlhNjQtMzhjZjZlNmI0ZGE1LzguanBnIl0sWyJwIiwiZW5jb2RlIiwianBnIiwiLXF1YWxpdHkgODAiXSxbInAiLCJ0aHVtYiIsIjU5MHg1OTBcdTAwM2UiXV0?sha=a91ba7bebb3438e6\" alt=\"\" \/><\/p>\n<div class=\"gallery-i-caption\"><\/div>\n<\/div>\n<div class=\"gallery-i\"><img src=\"https:\/\/cdn.oxu.az\/uploads\/W1siZiIsIjIwMjEvMDMvMzEvMTEvMzgvMDgvMzc3Nzc5OWQtNGM0OS00NTg2LWI1MjEtZGIxZGIyNTcxOWNlLzkuanBnIl0sWyJwIiwiZW5jb2RlIiwianBnIiwiLXF1YWxpdHkgODAiXSxbInAiLCJ0aHVtYiIsIjU5MHg1OTBcdTAwM2UiXV0?sha=26dbbd346f988503\" alt=\"\" \/><\/div>\n<\/div>\n<div>APA<\/div>\n","protected":false},"excerpt":{"rendered":"<p>Mart\u0131n 30-da Xocav\u0259nd rayonu \u0259razisind\u0259 g\u00f6ld\u0259 bo\u011fularaq d\u00fcnyas\u0131n\u0131 d\u0259yi\u015f\u0259n h\u0259rb\u00e7i bu g\u00fcn d\u0259fn olunub. ARANTV.AZ-\u0131n m\u0259lumat\u0131na g\u00f6r\u0259, gizir Heyd\u0259r \u018fliyev do\u011fuldu\u011fu Sabirabad rayonunun Bala H\u0259\u015fimxanl\u0131 k\u0259ndind\u0259 torpa\u011fa tap\u015f\u0131r\u0131l\u0131b. H.\u018fliyevin V\u0259t\u0259n m\u00fcharib\u0259sind\u0259 F\u00fczulid\u0259n La\u00e7\u0131n v\u0259 \u015eu\u015faya q\u0259d\u0259r a\u011f\u0131r d\u00f6y\u00fc\u015f yolu ke\u00e7diyi bildirilir. Qeyd ed\u0259k ki, M\u00fcdafi\u0259 Nazirliyinin yayd\u0131\u011f\u0131 m\u0259lumatda qeyd olunur ki, mart\u0131n 30-da Xocav\u0259nd rayonu \u0259razisind\u0259 xidm\u0259td\u0259n k\u0259nar vaxt\u0131 g\u00f6ld\u0259 \u00e7imm\u0259y\u0259 c\u0259hd g\u00f6st\u0259r\u0259n Az\u0259rbaycan ordusunun\u00a0 giziri \u018fliyev Heyd\u0259r R\u00f6v\u015f\u0259n o\u011flu bo\u011fularaq \u00f6l\u00fcb. Faktla ba\u011fl\u0131 ara\u015fd\u0131rma apar\u0131l\u0131r. 09:55 Az\u0259rbaycan ordusunun h\u0259rbi qulluq\u00e7usu g\u00f6ld\u0259 bo\u011fulub. Bu bar\u0259d\u0259 M\u00fcdafi\u0259 Nazirliyi m\u0259lumat yay\u0131b. Bildirilib&hellip;<\/p>\n","protected":false},"author":2,"featured_media":320785,"comment_status":"closed","ping_status":"closed","sticky":false,"template":"","format":"standard","meta":{"om_disable_all_campaigns":false,"_monsterinsights_skip_tracking":false,"_monsterinsights_sitenote_active":false,"_monsterinsights_sitenote_note":"","_monsterinsights_sitenote_category":0},"categories":[10],"tags":[],"aioseo_notices":[],"gutentor_comment":0,"rttpg_featured_image_url":{"full":["https:\/\/arantv.az\/wp-content\/uploads\/2021\/03\/FotoJet-34.jpg",620,446,false],"landscape":["https:\/\/arantv.az\/wp-content\/uploads\/2021\/03\/FotoJet-34.jpg",620,446,false],"portraits":["https:\/\/arantv.az\/wp-content\/uploads\/2021\/03\/FotoJet-34.jpg",620,446,false],"thumbnail":["https:\/\/arantv.az\/wp-content\/uploads\/2021\/03\/FotoJet-34-150x150.jpg",150,150,true],"medium":["https:\/\/arantv.az\/wp-content\/uploads\/2021\/03\/FotoJet-34-300x216.jpg",300,216,true],"large":["https:\/\/arantv.az\/wp-content\/uploads\/2021\/03\/FotoJet-34.jpg",620,446,false],"1536x1536":["https:\/\/arantv.az\/wp-content\/uploads\/2021\/03\/FotoJet-34.jpg",620,446,false],"2048x2048":["https:\/\/arantv.az\/wp-content\/uploads\/2021\/03\/FotoJet-34.jpg",620,446,false],"post-thumbnail":["https:\/\/arantv.az\/wp-content\/uploads\/2021\/03\/FotoJet-34-240x172.jpg",240,172,true],"advps-thumb-one":["https:\/\/arantv.az\/wp-content\/uploads\/2021\/03\/FotoJet-34.jpg",620,446,false]},"rttpg_author":{"display_name":"V\u00fcsal Rafiqo\u011flu","author_link":"https:\/\/arantv.az\/?author=2"},"rttpg_comment":0,"rttpg_category":"<a href=\"https:\/\/arantv.az\/?cat=10\" rel=\"category\">C\u0259bh\u0259d\u0259n X\u0259b\u0259r<\/a>","rttpg_excerpt":"Mart\u0131n 30-da Xocav\u0259nd rayonu \u0259razisind\u0259 g\u00f6ld\u0259 bo\u011fularaq d\u00fcnyas\u0131n\u0131 d\u0259yi\u015f\u0259n h\u0259rb\u00e7i bu g\u00fcn d\u0259fn olunub. ARANTV.AZ-\u0131n m\u0259lumat\u0131na g\u00f6r\u0259, gizir Heyd\u0259r \u018fliyev do\u011fuldu\u011fu Sabirabad rayonunun Bala H\u0259\u015fimxanl\u0131 k\u0259ndind\u0259 torpa\u011fa tap\u015f\u0131r\u0131l\u0131b. H.\u018fliyevin V\u0259t\u0259n m\u00fcharib\u0259sind\u0259 F\u00fczulid\u0259n La\u00e7\u0131n v\u0259 \u015eu\u015faya q\u0259d\u0259r a\u011f\u0131r d\u00f6y\u00fc\u015f yolu ke\u00e7diyi bildirilir. Qeyd ed\u0259k ki, M\u00fcdafi\u0259 Nazirliyinin yayd\u0131\u011f\u0131 m\u0259lumatda qeyd olunur ki, mart\u0131n 30-da Xocav\u0259nd rayonu&hellip;","_links":{"self":[{"href":"https:\/\/arantv.az\/index.php?rest_route=\/wp\/v2\/posts\/320784"}],"collection":[{"href":"https:\/\/arantv.az\/index.php?rest_route=\/wp\/v2\/posts"}],"about":[{"href":"https:\/\/arantv.az\/index.php?rest_route=\/wp\/v2\/types\/post"}],"author":[{"embeddable":true,"href":"https:\/\/arantv.az\/index.php?rest_route=\/wp\/v2\/users\/2"}],"replies":[{"embeddable":true,"href":"https:\/\/arantv.az\/index.php?rest_route=%2Fwp%2Fv2%2Fcomments&post=320784"}],"version-history":[{"count":0,"href":"https:\/\/arantv.az\/index.php?rest_route=\/wp\/v2\/posts\/320784\/revisions"}],"wp:featuredmedia":[{"embeddable":true,"href":"https:\/\/arantv.az\/index.php?rest_route=\/wp\/v2\/media\/320785"}],"wp:attachment":[{"href":"https:\/\/arantv.az\/index.php?rest_route=%2Fwp%2Fv2%2Fmedia&parent=320784"}],"wp:term":[{"taxonomy":"category","embeddable":true,"href":"https:\/\/arantv.az\/index.php?rest_route=%2Fwp%2Fv2%2Fcategories&post=320784"},{"taxonomy":"post_tag","embeddable":true,"href":"https:\/\/arantv.az\/index.php?rest_route=%2Fwp%2Fv2%2Ftags&post=320784"}],"curies":[{"name":"wp","href":"https:\/\/api.w.org\/{rel}","templated":true}]}}