{"id":320787,"date":"2021-03-31T10:42:03","date_gmt":"2021-03-31T07:42:03","guid":{"rendered":"https:\/\/arantv.az\/?p=320787"},"modified":"2021-03-31T10:42:03","modified_gmt":"2021-03-31T07:42:03","slug":"susa-fuzuli-yolunda-tapilan-minalarla-bagli-aciqlama","status":"publish","type":"post","link":"https:\/\/arantv.az\/?p=320787","title":{"rendered":"\u015eu\u015fa-F\u00fczuli yolunda tap\u0131lan minalarla ba\u011fl\u0131 A\u00c7IQLAMA"},"content":{"rendered":"<p>\u201c\u0130\u015f\u011faldan azad olunan \u0259razil\u0259rd\u0259 mina t\u0259mizl\u0259m\u0259 \u0259m\u0259liyyatlar\u0131 \u00fc\u00e7 \u00fcsulla apar\u0131l\u0131r: mexaniki, \u0259ll\u0259 v\u0259 x\u00fcsusi t\u0259lim g\u00f6r\u0259n itl\u0259r vasit\u0259sil\u0259. X\u00fcsusi t\u0259lim ke\u00e7\u0259n itl\u0259r ANAMA m\u00fct\u0259x\u0259ssisl\u0259ri t\u0259r\u0259find\u0259n haz\u0131rlan\u0131b. \u018fvv\u0259ll\u0259r bu c\u00fcr itl\u0259r xaricd\u0259n &#8211; AB\u015e, Bosniya v\u0259 dig\u0259r \u00f6lk\u0259l\u0259rd\u0259n al\u0131n\u0131rd\u0131. Art\u0131q bu itl\u0259r yerli kinoloji m\u0259rk\u0259zd\u0259 haz\u0131rlan\u0131r. Bir itin mina t\u0259mizl\u0259m\u0259 \u00fczr\u0259 ixtisasla\u015fmas\u0131na 12-24 ay vaxt s\u0259rf edilir. \u018fvv\u0259l\u0259r bu itl\u0259r xaricd\u0259n 17-22 min dollara al\u0131n\u0131rd\u0131. Haz\u0131rda G\u00f6yg\u00f6l Regional T\u0259lim M\u0259rk\u0259zind\u0259ki itl\u0259rin seleksiyas\u0131 h\u0259yata ke\u00e7irilir\u201d.<\/p>\n<p>\u201cReport\u201dun x\u0259b\u0259rin\u0259 g\u00f6r\u0259, bunu jurnalistl\u0259r\u0259 a\u00e7\u0131qlamas\u0131nda \u018frazil\u0259rin Minalardan T\u0259mizl\u0259nm\u0259si \u00fczr\u0259 Milli Agentliyinin (ANAMA) n\u00fcmay\u0259nd\u0259si M\u0259d\u0259t M\u0259mm\u0259dov deyib.<\/p>\n<div id=\"AdviadNativeVideo0\" class=\"AdviadNativeVideo\"><\/div>\n<p>M.M\u0259mm\u0259dovun s\u00f6zl\u0259rin\u0259 g\u00f6r\u0259, \u015eu\u015fa-F\u00fczuli yolunun 17-ci kilometrliyind\u0259 F\u00fczuli rayonunun Alxanl\u0131-Seyid\u0259hm\u0259dli k\u0259ndl\u0259ri \u0259razisind\u0259n ke\u00e7\u0259n hiss\u0259sind\u0259 t\u0259mizl\u0259m\u0259 i\u015fl\u0259ri apar\u0131l\u0131r:<\/p>\n<p>\u201cBu zamana kimi \u0259razid\u0259n 5 \u0259d\u0259d h\u0259rbi sursat, 207 tank \u0259leyhin\u0259 mina, 168 \u0259d\u0259d piyada \u0259leyhin\u0259 mina tap\u0131l\u0131b\u201d.<\/p>\n","protected":false},"excerpt":{"rendered":"<p>\u201c\u0130\u015f\u011faldan azad olunan \u0259razil\u0259rd\u0259 mina t\u0259mizl\u0259m\u0259 \u0259m\u0259liyyatlar\u0131 \u00fc\u00e7 \u00fcsulla apar\u0131l\u0131r: mexaniki, \u0259ll\u0259 v\u0259 x\u00fcsusi t\u0259lim g\u00f6r\u0259n itl\u0259r vasit\u0259sil\u0259. X\u00fcsusi t\u0259lim ke\u00e7\u0259n itl\u0259r ANAMA m\u00fct\u0259x\u0259ssisl\u0259ri t\u0259r\u0259find\u0259n haz\u0131rlan\u0131b. \u018fvv\u0259ll\u0259r bu c\u00fcr itl\u0259r xaricd\u0259n &#8211; AB\u015e, Bosniya v\u0259 dig\u0259r \u00f6lk\u0259l\u0259rd\u0259n al\u0131n\u0131rd\u0131. Art\u0131q bu itl\u0259r yerli kinoloji m\u0259rk\u0259zd\u0259 haz\u0131rlan\u0131r. Bir itin mina t\u0259mizl\u0259m\u0259 \u00fczr\u0259 ixtisasla\u015fmas\u0131na 12-24 ay vaxt s\u0259rf edilir. \u018fvv\u0259l\u0259r bu itl\u0259r xaricd\u0259n 17-22 min dollara al\u0131n\u0131rd\u0131. Haz\u0131rda G\u00f6yg\u00f6l Regional T\u0259lim M\u0259rk\u0259zind\u0259ki itl\u0259rin seleksiyas\u0131 h\u0259yata ke\u00e7irilir\u201d. \u201cReport\u201dun x\u0259b\u0259rin\u0259 g\u00f6r\u0259, bunu jurnalistl\u0259r\u0259 a\u00e7\u0131qlamas\u0131nda \u018frazil\u0259rin Minalardan T\u0259mizl\u0259nm\u0259si \u00fczr\u0259 Milli Agentliyinin (ANAMA) n\u00fcmay\u0259nd\u0259si M\u0259d\u0259t M\u0259mm\u0259dov deyib.&hellip;<\/p>\n","protected":false},"author":2,"featured_media":279353,"comment_status":"closed","ping_status":"closed","sticky":false,"template":"","format":"standard","meta":{"om_disable_all_campaigns":false,"_monsterinsights_skip_tracking":false,"_monsterinsights_sitenote_active":false,"_monsterinsights_sitenote_note":"","_monsterinsights_sitenote_category":0},"categories":[10],"tags":[],"aioseo_notices":[],"gutentor_comment":0,"rttpg_featured_image_url":{"full":["https:\/\/arantv.az\/wp-content\/uploads\/2021\/01\/trend_mina_saper_260121_34.jpg",617,465,false],"landscape":["https:\/\/arantv.az\/wp-content\/uploads\/2021\/01\/trend_mina_saper_260121_34.jpg",617,465,false],"portraits":["https:\/\/arantv.az\/wp-content\/uploads\/2021\/01\/trend_mina_saper_260121_34.jpg",617,465,false],"thumbnail":["https:\/\/arantv.az\/wp-content\/uploads\/2021\/01\/trend_mina_saper_260121_34-150x150.jpg",150,150,true],"medium":["https:\/\/arantv.az\/wp-content\/uploads\/2021\/01\/trend_mina_saper_260121_34-300x226.jpg",300,226,true],"large":["https:\/\/arantv.az\/wp-content\/uploads\/2021\/01\/trend_mina_saper_260121_34.jpg",617,465,false],"1536x1536":["https:\/\/arantv.az\/wp-content\/uploads\/2021\/01\/trend_mina_saper_260121_34.jpg",617,465,false],"2048x2048":["https:\/\/arantv.az\/wp-content\/uploads\/2021\/01\/trend_mina_saper_260121_34.jpg",617,465,false],"post-thumbnail":["https:\/\/arantv.az\/wp-content\/uploads\/2021\/01\/trend_mina_saper_260121_34-240x172.jpg",240,172,true],"advps-thumb-one":["https:\/\/arantv.az\/wp-content\/uploads\/2021\/01\/trend_mina_saper_260121_34.jpg",617,465,false]},"rttpg_author":{"display_name":"V\u00fcsal Rafiqo\u011flu","author_link":"https:\/\/arantv.az\/?author=2"},"rttpg_comment":0,"rttpg_category":"<a href=\"https:\/\/arantv.az\/?cat=10\" rel=\"category\">C\u0259bh\u0259d\u0259n X\u0259b\u0259r<\/a>","rttpg_excerpt":"\u201c\u0130\u015f\u011faldan azad olunan \u0259razil\u0259rd\u0259 mina t\u0259mizl\u0259m\u0259 \u0259m\u0259liyyatlar\u0131 \u00fc\u00e7 \u00fcsulla apar\u0131l\u0131r: mexaniki, \u0259ll\u0259 v\u0259 x\u00fcsusi t\u0259lim g\u00f6r\u0259n itl\u0259r vasit\u0259sil\u0259. X\u00fcsusi t\u0259lim ke\u00e7\u0259n itl\u0259r ANAMA m\u00fct\u0259x\u0259ssisl\u0259ri t\u0259r\u0259find\u0259n haz\u0131rlan\u0131b. \u018fvv\u0259ll\u0259r bu c\u00fcr itl\u0259r xaricd\u0259n &#8211; AB\u015e, Bosniya v\u0259 dig\u0259r \u00f6lk\u0259l\u0259rd\u0259n al\u0131n\u0131rd\u0131. Art\u0131q bu itl\u0259r yerli kinoloji m\u0259rk\u0259zd\u0259 haz\u0131rlan\u0131r. Bir itin mina t\u0259mizl\u0259m\u0259 \u00fczr\u0259 ixtisasla\u015fmas\u0131na 12-24 ay vaxt s\u0259rf&hellip;","_links":{"self":[{"href":"https:\/\/arantv.az\/index.php?rest_route=\/wp\/v2\/posts\/320787"}],"collection":[{"href":"https:\/\/arantv.az\/index.php?rest_route=\/wp\/v2\/posts"}],"about":[{"href":"https:\/\/arantv.az\/index.php?rest_route=\/wp\/v2\/types\/post"}],"author":[{"embeddable":true,"href":"https:\/\/arantv.az\/index.php?rest_route=\/wp\/v2\/users\/2"}],"replies":[{"embeddable":true,"href":"https:\/\/arantv.az\/index.php?rest_route=%2Fwp%2Fv2%2Fcomments&post=320787"}],"version-history":[{"count":0,"href":"https:\/\/arantv.az\/index.php?rest_route=\/wp\/v2\/posts\/320787\/revisions"}],"wp:featuredmedia":[{"embeddable":true,"href":"https:\/\/arantv.az\/index.php?rest_route=\/wp\/v2\/media\/279353"}],"wp:attachment":[{"href":"https:\/\/arantv.az\/index.php?rest_route=%2Fwp%2Fv2%2Fmedia&parent=320787"}],"wp:term":[{"taxonomy":"category","embeddable":true,"href":"https:\/\/arantv.az\/index.php?rest_route=%2Fwp%2Fv2%2Fcategories&post=320787"},{"taxonomy":"post_tag","embeddable":true,"href":"https:\/\/arantv.az\/index.php?rest_route=%2Fwp%2Fv2%2Ftags&post=320787"}],"curies":[{"name":"wp","href":"https:\/\/api.w.org\/{rel}","templated":true}]}}