{"id":320796,"date":"2021-03-31T10:51:35","date_gmt":"2021-03-31T07:51:35","guid":{"rendered":"https:\/\/arantv.az\/?p=320796"},"modified":"2021-03-31T10:51:35","modified_gmt":"2021-03-31T07:51:35","slug":"ceyhun-bayramov-mart-soyqirimi-il%c9%99-bagli-cagiris-etdi-foto","status":"publish","type":"post","link":"https:\/\/arantv.az\/?p=320796","title":{"rendered":"Ceyhun Bayramov Mart soyq\u0131r\u0131m\u0131 il\u0259 ba\u011fl\u0131 ca\u011f\u0131r\u0131\u015f etdi &#8211; FOTO"},"content":{"rendered":"<article class=\"news\">\n<div class=\"news-inner\">\n<p>Az\u0259rbaycan Xarici \u0130\u015fl\u0259r naziri Ceyhun Bayramov Erm\u0259nistan\u0131n t\u00f6r\u0259tdiyi soyq\u0131r\u0131mlara qar\u015f\u0131 s\u0259ssiz qalmama\u011fa \u00e7a\u011f\u0131r\u0131\u015f edib.<\/p>\n<div id=\"AdviadNativeVideo0\" class=\"AdviadNativeVideo\"><\/div>\n<p>Bu bar\u0259d\u0259 o \u201cTwitter\u201d hesab\u0131nda payla\u015f\u0131m edib.<\/p>\n<p>\u201cMart soyq\u0131r\u0131m\u0131 qurbanlar\u0131n\u0131 xat\u0131rlayaraq, bu g\u00fcn\u0259 q\u0259d\u0259r az\u0259rbaycanl\u0131lara qar\u015f\u0131 Erm\u0259nistan t\u0259r\u0259find\u0259n\u00a0q\u0259sd\u0259n t\u00f6r\u0259dil\u0259n\u00a0soyq\u0131r\u0131m\u0131 siyas\u0259tini, insanl\u0131\u011fa qar\u015f\u0131 cinay\u0259tl\u0259ri v\u0259 etnik t\u0259mizl\u0259m\u0259ni q\u0131nay\u0131r\u0131q v\u0259 bu c\u00fcr qeyri-insani cinay\u0259tl\u0259rin t\u0259krarlanmamas\u0131 \u00fc\u00e7\u00fcn Erm\u0259nistan\u0131n c\u0259zas\u0131z qalmas\u0131n\u0131n dayand\u0131r\u0131lmas\u0131n\u0131n vacibliyini bir daha vur\u011fulay\u0131r\u0131q\u201d.<\/p>\n<div>\n<div class=\"twitter-tweet twitter-tweet-rendered\"><iframe id=\"twitter-widget-0\" class=\"\" title=\"Twitter Tweet\" src=\"https:\/\/platform.twitter.com\/embed\/Tweet.html?creatorScreenName=oxuaz&amp;dnt=false&amp;embedId=twitter-widget-0&amp;frame=false&amp;hideCard=false&amp;hideThread=false&amp;id=1377142866250661889&amp;lang=en&amp;origin=https%3A%2F%2Foxu.az%2Fpolitics%2F480373&amp;siteScreenName=oxuaz&amp;theme=light&amp;widgetsVersion=e1ffbdb%3A1614796141937&amp;width=550px\" frameborder=\"0\" scrolling=\"no\" allowfullscreen=\"allowfullscreen\" data-tweet-id=\"1377142866250661889\" data-mce-fragment=\"1\"><\/iframe><\/div>\n<\/div>\n<\/div>\n<\/article>\n<h2 class=\"news-share-title\"><\/h2>\n","protected":false},"excerpt":{"rendered":"<p>Az\u0259rbaycan Xarici \u0130\u015fl\u0259r naziri Ceyhun Bayramov Erm\u0259nistan\u0131n t\u00f6r\u0259tdiyi soyq\u0131r\u0131mlara qar\u015f\u0131 s\u0259ssiz qalmama\u011fa \u00e7a\u011f\u0131r\u0131\u015f edib. Bu bar\u0259d\u0259 o \u201cTwitter\u201d hesab\u0131nda payla\u015f\u0131m edib. \u201cMart soyq\u0131r\u0131m\u0131 qurbanlar\u0131n\u0131 xat\u0131rlayaraq, bu g\u00fcn\u0259 q\u0259d\u0259r az\u0259rbaycanl\u0131lara qar\u015f\u0131 Erm\u0259nistan t\u0259r\u0259find\u0259n\u00a0q\u0259sd\u0259n t\u00f6r\u0259dil\u0259n\u00a0soyq\u0131r\u0131m\u0131 siyas\u0259tini, insanl\u0131\u011fa qar\u015f\u0131 cinay\u0259tl\u0259ri v\u0259 etnik t\u0259mizl\u0259m\u0259ni q\u0131nay\u0131r\u0131q v\u0259 bu c\u00fcr qeyri-insani cinay\u0259tl\u0259rin t\u0259krarlanmamas\u0131 \u00fc\u00e7\u00fcn Erm\u0259nistan\u0131n c\u0259zas\u0131z qalmas\u0131n\u0131n dayand\u0131r\u0131lmas\u0131n\u0131n vacibliyini bir daha vur\u011fulay\u0131r\u0131q\u201d.<\/p>\n","protected":false},"author":2,"featured_media":56132,"comment_status":"closed","ping_status":"closed","sticky":false,"template":"","format":"standard","meta":{"om_disable_all_campaigns":false,"_monsterinsights_skip_tracking":false,"_monsterinsights_sitenote_active":false,"_monsterinsights_sitenote_note":"","_monsterinsights_sitenote_category":0},"categories":[4],"tags":[],"aioseo_notices":[],"gutentor_comment":0,"rttpg_featured_image_url":{"full":["https:\/\/arantv.az\/wp-content\/uploads\/2019\/05\/ceyhun_bayramov.jpg",800,600,false],"landscape":["https:\/\/arantv.az\/wp-content\/uploads\/2019\/05\/ceyhun_bayramov.jpg",800,600,false],"portraits":["https:\/\/arantv.az\/wp-content\/uploads\/2019\/05\/ceyhun_bayramov.jpg",800,600,false],"thumbnail":["https:\/\/arantv.az\/wp-content\/uploads\/2019\/05\/ceyhun_bayramov-150x150.jpg",150,150,true],"medium":["https:\/\/arantv.az\/wp-content\/uploads\/2019\/05\/ceyhun_bayramov-300x225.jpg",300,225,true],"large":["https:\/\/arantv.az\/wp-content\/uploads\/2019\/05\/ceyhun_bayramov.jpg",640,480,false],"1536x1536":["https:\/\/arantv.az\/wp-content\/uploads\/2019\/05\/ceyhun_bayramov.jpg",800,600,false],"2048x2048":["https:\/\/arantv.az\/wp-content\/uploads\/2019\/05\/ceyhun_bayramov.jpg",800,600,false],"post-thumbnail":["https:\/\/arantv.az\/wp-content\/uploads\/2019\/05\/ceyhun_bayramov-240x172.jpg",240,172,true],"advps-thumb-one":["https:\/\/arantv.az\/wp-content\/uploads\/2019\/05\/ceyhun_bayramov.jpg",800,600,false]},"rttpg_author":{"display_name":"V\u00fcsal Rafiqo\u011flu","author_link":"https:\/\/arantv.az\/?author=2"},"rttpg_comment":0,"rttpg_category":"<a href=\"https:\/\/arantv.az\/?cat=4\" rel=\"category\">Siyas\u0259t<\/a>","rttpg_excerpt":"Az\u0259rbaycan Xarici \u0130\u015fl\u0259r naziri Ceyhun Bayramov Erm\u0259nistan\u0131n t\u00f6r\u0259tdiyi soyq\u0131r\u0131mlara qar\u015f\u0131 s\u0259ssiz qalmama\u011fa \u00e7a\u011f\u0131r\u0131\u015f edib. Bu bar\u0259d\u0259 o \u201cTwitter\u201d hesab\u0131nda payla\u015f\u0131m edib. \u201cMart soyq\u0131r\u0131m\u0131 qurbanlar\u0131n\u0131 xat\u0131rlayaraq, bu g\u00fcn\u0259 q\u0259d\u0259r az\u0259rbaycanl\u0131lara qar\u015f\u0131 Erm\u0259nistan t\u0259r\u0259find\u0259n\u00a0q\u0259sd\u0259n t\u00f6r\u0259dil\u0259n\u00a0soyq\u0131r\u0131m\u0131 siyas\u0259tini, insanl\u0131\u011fa qar\u015f\u0131 cinay\u0259tl\u0259ri v\u0259 etnik t\u0259mizl\u0259m\u0259ni q\u0131nay\u0131r\u0131q v\u0259 bu c\u00fcr qeyri-insani cinay\u0259tl\u0259rin t\u0259krarlanmamas\u0131 \u00fc\u00e7\u00fcn Erm\u0259nistan\u0131n c\u0259zas\u0131z qalmas\u0131n\u0131n dayand\u0131r\u0131lmas\u0131n\u0131n vacibliyini bir daha&hellip;","_links":{"self":[{"href":"https:\/\/arantv.az\/index.php?rest_route=\/wp\/v2\/posts\/320796"}],"collection":[{"href":"https:\/\/arantv.az\/index.php?rest_route=\/wp\/v2\/posts"}],"about":[{"href":"https:\/\/arantv.az\/index.php?rest_route=\/wp\/v2\/types\/post"}],"author":[{"embeddable":true,"href":"https:\/\/arantv.az\/index.php?rest_route=\/wp\/v2\/users\/2"}],"replies":[{"embeddable":true,"href":"https:\/\/arantv.az\/index.php?rest_route=%2Fwp%2Fv2%2Fcomments&post=320796"}],"version-history":[{"count":0,"href":"https:\/\/arantv.az\/index.php?rest_route=\/wp\/v2\/posts\/320796\/revisions"}],"wp:featuredmedia":[{"embeddable":true,"href":"https:\/\/arantv.az\/index.php?rest_route=\/wp\/v2\/media\/56132"}],"wp:attachment":[{"href":"https:\/\/arantv.az\/index.php?rest_route=%2Fwp%2Fv2%2Fmedia&parent=320796"}],"wp:term":[{"taxonomy":"category","embeddable":true,"href":"https:\/\/arantv.az\/index.php?rest_route=%2Fwp%2Fv2%2Fcategories&post=320796"},{"taxonomy":"post_tag","embeddable":true,"href":"https:\/\/arantv.az\/index.php?rest_route=%2Fwp%2Fv2%2Ftags&post=320796"}],"curies":[{"name":"wp","href":"https:\/\/api.w.org\/{rel}","templated":true}]}}