{"id":320801,"date":"2021-03-31T10:53:06","date_gmt":"2021-03-31T07:53:06","guid":{"rendered":"https:\/\/arantv.az\/?p=320801"},"modified":"2021-03-31T10:53:06","modified_gmt":"2021-03-31T07:53:06","slug":"x%c9%99rit%c9%99-olmadigi-ucun-minalari-askar-etm%c9%99k-c%c9%99tindir-anama","status":"publish","type":"post","link":"https:\/\/arantv.az\/?p=320801","title":{"rendered":"X\u0259rit\u0259 olmad\u0131\u011f\u0131 \u00fc\u00e7\u00fcn, minalar\u0131 a\u015fkar etm\u0259k \u00e7\u0259tindir &#8211; ANAMA"},"content":{"rendered":"<p><strong>Minalanm\u0131\u015f sah\u0259l\u0259rin x\u0259rit\u0259si olmad\u0131\u011f\u0131 \u00fc\u00e7\u00fcn, minalar\u0131 a\u015fkar etm\u0259k \u00e7\u0259tindir.<\/strong><\/p>\n<p><strong>ARANTV.AZ\u00a0<\/strong> <a href=\"https:\/\/az.trend.az\/\" target=\"_blank\" rel=\"noopener\">Trend<\/a>-\u0259 istinad\u0259n bildirir ki,\u00a0bunu jurnalistl\u0259r\u0259 a\u00e7\u0131qlamas\u0131nda Az\u0259rbaycan Minat\u0259mizl\u0259m\u0259 Agentliyinin (ANAMA) n\u00fcmay\u0259nd\u0259si M\u0259d\u0259d M\u0259mm\u0259dov deyib.<\/p>\n<p>O qeyd edib ki, d\u00fc\u015fm\u0259n h\u0259l\u0259 d\u0259 o x\u0259rit\u0259l\u0259ri Az\u0259rbaycan h\u00f6kum\u0259tin\u0259 t\u0259hvil verm\u0259yib:<\/p>\n<p>&#8220;Azad olunmu\u015f \u0259razil\u0259rin minalardan t\u0259mizl\u0259nm\u0259si m\u0259s\u0259l\u0259si \u0259n aktual m\u0259s\u0259l\u0259l\u0259rd\u0259ndir v\u0259 h\u00f6kum\u0259t t\u0259r\u0259find\u0259n daim diqq\u0259td\u0259 saxlan\u0131l\u0131r. Erm\u0259nistan t\u0259r\u0259fi is\u0259 minalanm\u0131\u015f sah\u0259l\u0259rin x\u0259rit\u0259sini biz\u0259 t\u0259qdim etm\u0259yib. Bu s\u0259b\u0259bd\u0259n minalanm\u0131\u015f x\u0259tl\u0259ri a\u015fkara \u00e7\u0131xarmaq \u00e7\u0259tindir&#8221;.<\/p>\n","protected":false},"excerpt":{"rendered":"<p>Minalanm\u0131\u015f sah\u0259l\u0259rin x\u0259rit\u0259si olmad\u0131\u011f\u0131 \u00fc\u00e7\u00fcn, minalar\u0131 a\u015fkar etm\u0259k \u00e7\u0259tindir. ARANTV.AZ\u00a0 Trend-\u0259 istinad\u0259n bildirir ki,\u00a0bunu jurnalistl\u0259r\u0259 a\u00e7\u0131qlamas\u0131nda Az\u0259rbaycan Minat\u0259mizl\u0259m\u0259 Agentliyinin (ANAMA) n\u00fcmay\u0259nd\u0259si M\u0259d\u0259d M\u0259mm\u0259dov deyib. O qeyd edib ki, d\u00fc\u015fm\u0259n h\u0259l\u0259 d\u0259 o x\u0259rit\u0259l\u0259ri Az\u0259rbaycan h\u00f6kum\u0259tin\u0259 t\u0259hvil verm\u0259yib: &#8220;Azad olunmu\u015f \u0259razil\u0259rin minalardan t\u0259mizl\u0259nm\u0259si m\u0259s\u0259l\u0259si \u0259n aktual m\u0259s\u0259l\u0259l\u0259rd\u0259ndir v\u0259 h\u00f6kum\u0259t t\u0259r\u0259find\u0259n daim diqq\u0259td\u0259 saxlan\u0131l\u0131r. Erm\u0259nistan t\u0259r\u0259fi is\u0259 minalanm\u0131\u015f sah\u0259l\u0259rin x\u0259rit\u0259sini biz\u0259 t\u0259qdim etm\u0259yib. Bu s\u0259b\u0259bd\u0259n minalanm\u0131\u015f x\u0259tl\u0259ri a\u015fkara \u00e7\u0131xarmaq \u00e7\u0259tindir&#8221;.<\/p>\n","protected":false},"author":2,"featured_media":320802,"comment_status":"closed","ping_status":"closed","sticky":false,"template":"","format":"standard","meta":{"om_disable_all_campaigns":false,"_monsterinsights_skip_tracking":false,"_monsterinsights_sitenote_active":false,"_monsterinsights_sitenote_note":"","_monsterinsights_sitenote_category":0},"categories":[26],"tags":[],"aioseo_notices":[],"gutentor_comment":0,"rttpg_featured_image_url":{"full":["https:\/\/arantv.az\/wp-content\/uploads\/2021\/03\/935187.jpg",800,600,false],"landscape":["https:\/\/arantv.az\/wp-content\/uploads\/2021\/03\/935187.jpg",800,600,false],"portraits":["https:\/\/arantv.az\/wp-content\/uploads\/2021\/03\/935187.jpg",800,600,false],"thumbnail":["https:\/\/arantv.az\/wp-content\/uploads\/2021\/03\/935187-150x150.jpg",150,150,true],"medium":["https:\/\/arantv.az\/wp-content\/uploads\/2021\/03\/935187-300x225.jpg",300,225,true],"large":["https:\/\/arantv.az\/wp-content\/uploads\/2021\/03\/935187.jpg",640,480,false],"1536x1536":["https:\/\/arantv.az\/wp-content\/uploads\/2021\/03\/935187.jpg",800,600,false],"2048x2048":["https:\/\/arantv.az\/wp-content\/uploads\/2021\/03\/935187.jpg",800,600,false],"post-thumbnail":["https:\/\/arantv.az\/wp-content\/uploads\/2021\/03\/935187-240x172.jpg",240,172,true],"advps-thumb-one":["https:\/\/arantv.az\/wp-content\/uploads\/2021\/03\/935187.jpg",800,600,false]},"rttpg_author":{"display_name":"V\u00fcsal Rafiqo\u011flu","author_link":"https:\/\/arantv.az\/?author=2"},"rttpg_comment":0,"rttpg_category":"<a href=\"https:\/\/arantv.az\/?cat=26\" rel=\"category\">Sosial<\/a>","rttpg_excerpt":"Minalanm\u0131\u015f sah\u0259l\u0259rin x\u0259rit\u0259si olmad\u0131\u011f\u0131 \u00fc\u00e7\u00fcn, minalar\u0131 a\u015fkar etm\u0259k \u00e7\u0259tindir. ARANTV.AZ\u00a0 Trend-\u0259 istinad\u0259n bildirir ki,\u00a0bunu jurnalistl\u0259r\u0259 a\u00e7\u0131qlamas\u0131nda Az\u0259rbaycan Minat\u0259mizl\u0259m\u0259 Agentliyinin (ANAMA) n\u00fcmay\u0259nd\u0259si M\u0259d\u0259d M\u0259mm\u0259dov deyib. O qeyd edib ki, d\u00fc\u015fm\u0259n h\u0259l\u0259 d\u0259 o x\u0259rit\u0259l\u0259ri Az\u0259rbaycan h\u00f6kum\u0259tin\u0259 t\u0259hvil verm\u0259yib: &#8220;Azad olunmu\u015f \u0259razil\u0259rin minalardan t\u0259mizl\u0259nm\u0259si m\u0259s\u0259l\u0259si \u0259n aktual m\u0259s\u0259l\u0259l\u0259rd\u0259ndir v\u0259 h\u00f6kum\u0259t t\u0259r\u0259find\u0259n daim diqq\u0259td\u0259 saxlan\u0131l\u0131r. Erm\u0259nistan t\u0259r\u0259fi is\u0259&hellip;","_links":{"self":[{"href":"https:\/\/arantv.az\/index.php?rest_route=\/wp\/v2\/posts\/320801"}],"collection":[{"href":"https:\/\/arantv.az\/index.php?rest_route=\/wp\/v2\/posts"}],"about":[{"href":"https:\/\/arantv.az\/index.php?rest_route=\/wp\/v2\/types\/post"}],"author":[{"embeddable":true,"href":"https:\/\/arantv.az\/index.php?rest_route=\/wp\/v2\/users\/2"}],"replies":[{"embeddable":true,"href":"https:\/\/arantv.az\/index.php?rest_route=%2Fwp%2Fv2%2Fcomments&post=320801"}],"version-history":[{"count":0,"href":"https:\/\/arantv.az\/index.php?rest_route=\/wp\/v2\/posts\/320801\/revisions"}],"wp:featuredmedia":[{"embeddable":true,"href":"https:\/\/arantv.az\/index.php?rest_route=\/wp\/v2\/media\/320802"}],"wp:attachment":[{"href":"https:\/\/arantv.az\/index.php?rest_route=%2Fwp%2Fv2%2Fmedia&parent=320801"}],"wp:term":[{"taxonomy":"category","embeddable":true,"href":"https:\/\/arantv.az\/index.php?rest_route=%2Fwp%2Fv2%2Fcategories&post=320801"},{"taxonomy":"post_tag","embeddable":true,"href":"https:\/\/arantv.az\/index.php?rest_route=%2Fwp%2Fv2%2Ftags&post=320801"}],"curies":[{"name":"wp","href":"https:\/\/api.w.org\/{rel}","templated":true}]}}