{"id":320820,"date":"2021-03-31T11:05:37","date_gmt":"2021-03-31T08:05:37","guid":{"rendered":"https:\/\/arantv.az\/?p=320820"},"modified":"2021-03-31T11:05:37","modified_gmt":"2021-03-31T08:05:37","slug":"sarkisyan-seckid%c9%99-onu-d%c9%99st%c9%99kl%c9%99y%c9%99c%c9%99k","status":"publish","type":"post","link":"https:\/\/arantv.az\/?p=320820","title":{"rendered":"Sarkisyan se\u00e7kid\u0259 onu d\u0259st\u0259kl\u0259y\u0259c\u0259k"},"content":{"rendered":"<p><strong>Erm\u0259nistan\u0131n ke\u00e7mi\u015f Prezidenti Serj Sarkisyan yax\u0131n \u0259traf\u0131na erk\u0259n parlament se\u00e7kil\u0259rind\u0259 Robert Ko\u00e7aryan\u0131 d\u0259st\u0259kl\u0259m\u0259y\u0259c\u0259yini bildirib.<\/strong><\/p>\n<p><strong>ARANTV.AZ\u00a0<\/strong> qafqazinfo-ya istinad\u0259n x\u0259b\u0259r verir ki, bu bar\u0259d\u0259 &#8220;Joxovurd&#8221; q\u0259zeti \u00f6z m\u0259nb\u0259l\u0259rin\u0259 istinad\u0259n m\u0259lumat verib.<\/p>\n<p>N\u0259\u015fr qeyd edir ki, Sarkisyan &#8220;V\u0259t\u0259n&#8221; partiyas\u0131n\u0131n lideri, Milli T\u0259hl\u00fck\u0259sizlik Xidm\u0259tinin ke\u00e7mi\u015f r\u0259hb\u0259ri Artur Vanetsyana d\u0259st\u0259k olmaq niyy\u0259tind\u0259dir.<\/p>\n<p>\u00dcst\u0259lik, Erm\u0259nistan\u0131n ke\u00e7mi\u015f liderl\u0259rinin son iclas\u0131nda Sarkisyan Ko\u00e7aryana se\u00e7ki kampaniyas\u0131 d\u00f6vr\u00fcnd\u0259 onu d\u0259st\u0259kl\u0259m\u0259y\u0259c\u0259yini a\u00e7\u0131q \u015f\u0259kild\u0259 bildirib.<\/p>\n<p>&#8220;M\u0259nb\u0259l\u0259rd\u0259n biz\u0259 m\u0259lum oldu\u011fu kimi, &#8220;Respublika&#8221; partiyas\u0131n\u0131n tan\u0131nm\u0131\u015f n\u00fcmay\u0259nd\u0259l\u0259ri Serj Sarkisyan\u0131n se\u00e7kil\u0259r\u0259 qat\u0131lmayaca\u011f\u0131 t\u0259qdird\u0259, Robert Ko\u00e7aryan\u0131n r\u0259hb\u0259rlik etdiyi siyah\u0131ya daxil olacaqlar\u0131n\u0131 a\u00e7\u0131qlay\u0131blar&#8221;,- dey\u0259 q\u0259zet qeyd edib.&#8221;Joxovurd&#8221;\u00a0 yaz\u0131r ki, bu m\u0259lumatlar respublika\u00e7\u0131lar\u0131n aras\u0131ndak\u0131 par\u00e7alanman\u0131 g\u00f6st\u0259rir. Bel\u0259 ki, respublika\u00e7\u0131lar\u0131n bir hiss\u0259si h\u0259r\u0259k\u0259tl\u0259rini v\u0259 planlar\u0131n\u0131 a\u00e7\u0131q \u015f\u0259kild\u0259 m\u00fczakir\u0259 etm\u0259y\u0259n Serj Sarkisyandan naraz\u0131l\u0131qlar\u0131n\u0131 bildiribl\u0259r.<\/p>\n","protected":false},"excerpt":{"rendered":"<p>Erm\u0259nistan\u0131n ke\u00e7mi\u015f Prezidenti Serj Sarkisyan yax\u0131n \u0259traf\u0131na erk\u0259n parlament se\u00e7kil\u0259rind\u0259 Robert Ko\u00e7aryan\u0131 d\u0259st\u0259kl\u0259m\u0259y\u0259c\u0259yini bildirib. ARANTV.AZ\u00a0 qafqazinfo-ya istinad\u0259n x\u0259b\u0259r verir ki, bu bar\u0259d\u0259 &#8220;Joxovurd&#8221; q\u0259zeti \u00f6z m\u0259nb\u0259l\u0259rin\u0259 istinad\u0259n m\u0259lumat verib. N\u0259\u015fr qeyd edir ki, Sarkisyan &#8220;V\u0259t\u0259n&#8221; partiyas\u0131n\u0131n lideri, Milli T\u0259hl\u00fck\u0259sizlik Xidm\u0259tinin ke\u00e7mi\u015f r\u0259hb\u0259ri Artur Vanetsyana d\u0259st\u0259k olmaq niyy\u0259tind\u0259dir. \u00dcst\u0259lik, Erm\u0259nistan\u0131n ke\u00e7mi\u015f liderl\u0259rinin son iclas\u0131nda Sarkisyan Ko\u00e7aryana se\u00e7ki kampaniyas\u0131 d\u00f6vr\u00fcnd\u0259 onu d\u0259st\u0259kl\u0259m\u0259y\u0259c\u0259yini a\u00e7\u0131q \u015f\u0259kild\u0259 bildirib. &#8220;M\u0259nb\u0259l\u0259rd\u0259n biz\u0259 m\u0259lum oldu\u011fu kimi, &#8220;Respublika&#8221; partiyas\u0131n\u0131n tan\u0131nm\u0131\u015f n\u00fcmay\u0259nd\u0259l\u0259ri Serj Sarkisyan\u0131n se\u00e7kil\u0259r\u0259 qat\u0131lmayaca\u011f\u0131 t\u0259qdird\u0259, Robert Ko\u00e7aryan\u0131n r\u0259hb\u0259rlik etdiyi siyah\u0131ya daxil olacaqlar\u0131n\u0131 a\u00e7\u0131qlay\u0131blar&#8221;,- dey\u0259 q\u0259zet qeyd edib.&#8221;Joxovurd&#8221;\u00a0 yaz\u0131r&hellip;<\/p>\n","protected":false},"author":2,"featured_media":320821,"comment_status":"closed","ping_status":"closed","sticky":false,"template":"","format":"standard","meta":{"om_disable_all_campaigns":false,"_monsterinsights_skip_tracking":false,"_monsterinsights_sitenote_active":false,"_monsterinsights_sitenote_note":"","_monsterinsights_sitenote_category":0},"categories":[7],"tags":[],"aioseo_notices":[],"gutentor_comment":0,"rttpg_featured_image_url":{"full":["https:\/\/arantv.az\/wp-content\/uploads\/2021\/03\/935147.jpg",800,600,false],"landscape":["https:\/\/arantv.az\/wp-content\/uploads\/2021\/03\/935147.jpg",800,600,false],"portraits":["https:\/\/arantv.az\/wp-content\/uploads\/2021\/03\/935147.jpg",800,600,false],"thumbnail":["https:\/\/arantv.az\/wp-content\/uploads\/2021\/03\/935147-150x150.jpg",150,150,true],"medium":["https:\/\/arantv.az\/wp-content\/uploads\/2021\/03\/935147-300x225.jpg",300,225,true],"large":["https:\/\/arantv.az\/wp-content\/uploads\/2021\/03\/935147.jpg",640,480,false],"1536x1536":["https:\/\/arantv.az\/wp-content\/uploads\/2021\/03\/935147.jpg",800,600,false],"2048x2048":["https:\/\/arantv.az\/wp-content\/uploads\/2021\/03\/935147.jpg",800,600,false],"post-thumbnail":["https:\/\/arantv.az\/wp-content\/uploads\/2021\/03\/935147-240x172.jpg",240,172,true],"advps-thumb-one":["https:\/\/arantv.az\/wp-content\/uploads\/2021\/03\/935147.jpg",800,600,false]},"rttpg_author":{"display_name":"V\u00fcsal Rafiqo\u011flu","author_link":"https:\/\/arantv.az\/?author=2"},"rttpg_comment":0,"rttpg_category":"<a href=\"https:\/\/arantv.az\/?cat=7\" rel=\"category\">D\u00fcnya<\/a>","rttpg_excerpt":"Erm\u0259nistan\u0131n ke\u00e7mi\u015f Prezidenti Serj Sarkisyan yax\u0131n \u0259traf\u0131na erk\u0259n parlament se\u00e7kil\u0259rind\u0259 Robert Ko\u00e7aryan\u0131 d\u0259st\u0259kl\u0259m\u0259y\u0259c\u0259yini bildirib. ARANTV.AZ\u00a0 qafqazinfo-ya istinad\u0259n x\u0259b\u0259r verir ki, bu bar\u0259d\u0259 &#8220;Joxovurd&#8221; q\u0259zeti \u00f6z m\u0259nb\u0259l\u0259rin\u0259 istinad\u0259n m\u0259lumat verib. N\u0259\u015fr qeyd edir ki, Sarkisyan &#8220;V\u0259t\u0259n&#8221; partiyas\u0131n\u0131n lideri, Milli T\u0259hl\u00fck\u0259sizlik Xidm\u0259tinin ke\u00e7mi\u015f r\u0259hb\u0259ri Artur Vanetsyana d\u0259st\u0259k olmaq niyy\u0259tind\u0259dir. \u00dcst\u0259lik, Erm\u0259nistan\u0131n ke\u00e7mi\u015f liderl\u0259rinin son iclas\u0131nda Sarkisyan Ko\u00e7aryana&hellip;","_links":{"self":[{"href":"https:\/\/arantv.az\/index.php?rest_route=\/wp\/v2\/posts\/320820"}],"collection":[{"href":"https:\/\/arantv.az\/index.php?rest_route=\/wp\/v2\/posts"}],"about":[{"href":"https:\/\/arantv.az\/index.php?rest_route=\/wp\/v2\/types\/post"}],"author":[{"embeddable":true,"href":"https:\/\/arantv.az\/index.php?rest_route=\/wp\/v2\/users\/2"}],"replies":[{"embeddable":true,"href":"https:\/\/arantv.az\/index.php?rest_route=%2Fwp%2Fv2%2Fcomments&post=320820"}],"version-history":[{"count":0,"href":"https:\/\/arantv.az\/index.php?rest_route=\/wp\/v2\/posts\/320820\/revisions"}],"wp:featuredmedia":[{"embeddable":true,"href":"https:\/\/arantv.az\/index.php?rest_route=\/wp\/v2\/media\/320821"}],"wp:attachment":[{"href":"https:\/\/arantv.az\/index.php?rest_route=%2Fwp%2Fv2%2Fmedia&parent=320820"}],"wp:term":[{"taxonomy":"category","embeddable":true,"href":"https:\/\/arantv.az\/index.php?rest_route=%2Fwp%2Fv2%2Fcategories&post=320820"},{"taxonomy":"post_tag","embeddable":true,"href":"https:\/\/arantv.az\/index.php?rest_route=%2Fwp%2Fv2%2Ftags&post=320820"}],"curies":[{"name":"wp","href":"https:\/\/api.w.org\/{rel}","templated":true}]}}