{"id":320823,"date":"2021-03-31T11:06:29","date_gmt":"2021-03-31T08:06:29","guid":{"rendered":"https:\/\/arantv.az\/?p=320823"},"modified":"2021-03-31T11:06:29","modified_gmt":"2021-03-31T08:06:29","slug":"turk-surasinin-bas-katibi-az%c9%99rbaycanlilarin-soyqirimi-gunu-il%c9%99-bagli-b%c9%99yanat-yayib","status":"publish","type":"post","link":"https:\/\/arantv.az\/?p=320823","title":{"rendered":"T\u00fcrk \u015euras\u0131n\u0131n Ba\u015f katibi Az\u0259rbaycanl\u0131lar\u0131n Soyq\u0131r\u0131m\u0131 G\u00fcn\u00fc il\u0259 ba\u011fl\u0131 b\u0259yanat yay\u0131b"},"content":{"rendered":"<p>T\u00fcrkdilli D\u00f6vl\u0259tl\u0259rin \u018fm\u0259kda\u015fl\u0131q \u015euras\u0131n\u0131n (T\u00fcrk \u015euras\u0131) Ba\u015f katibi Ba\u011fdad Amreyev 31 mart &#8211; Az\u0259rbaycanl\u0131lar\u0131n Soyq\u0131r\u0131m\u0131 G\u00fcn\u00fc il\u0259 ba\u011fl\u0131 b\u0259yanat yay\u0131b.<\/p>\n<p><strong>ARANTV.AZ<\/strong> APA-ya istinad\u0259n bildirir ki, bu bar\u0259d\u0259 t\u0259\u015fkilat\u0131n sayt\u0131nda m\u0259lumat verilib.<\/p>\n<p>&#8220;31 mart &#8211; Az\u0259rbaycanl\u0131lar\u0131n Soyq\u0131r\u0131m\u0131 G\u00fcn\u00fc 1918-ci ild\u0259 \u015eamax\u0131, Quba, Z\u0259ng\u0259zur, Qaraba\u011f v\u0259 Nax\u00e7\u0131van b\u00f6lg\u0259l\u0259rind\u0259 erm\u0259ni d\u0259st\u0259l\u0259ri t\u0259r\u0259find\u0259n Az\u0259rbaycan xalq\u0131na qar\u015f\u0131 t\u00f6r\u0259dilmi\u015f qanl\u0131 soyq\u0131r\u0131m\u0131n xatir\u0259sini \u0259ks etdirir.<\/p>\n<p>Az\u0259rbaycan xalq\u0131n\u0131n \u00fcmummilli lideri Heyd\u0259r \u018fliyev beyn\u0259lxalq ictimaiyy\u0259tin diqq\u0259tini yax\u0131n ke\u00e7mi\u015fd\u0259 ba\u015f vermi\u015f bu m\u0259lun hadis\u0259l\u0259r\u0259 c\u0259lb etm\u0259k v\u0259 az\u0259rbaycanl\u0131lara qar\u015f\u0131 b\u00fct\u00fcn q\u0131r\u011f\u0131nlar\u0131 bir g\u00fcnd\u0259 simvolla\u015fd\u0131rmaq \u00fc\u00e7\u00fcn 1998-ci ilin mart\u0131nda F\u0259rman imzalay\u0131b. Bu F\u0259rmanla 31 Mart &#8211; Az\u0259rbaycanl\u0131lar\u0131n Soyq\u0131r\u0131m\u0131 G\u00fcn\u00fc elan edilib v\u0259 bel\u0259likl\u0259 soyq\u0131r\u0131m\u0131 qurbanlar\u0131n\u0131n xatir\u0259si Az\u0259rbaycan c\u0259miyy\u0259tinin yadda\u015f\u0131nda daim qorunub saxlan\u0131l\u0131b. Bu g\u00fcn Az\u0259rbaycan xalq\u0131 v\u0259 h\u00f6kum\u0259ti soyq\u0131r\u0131m\u0131 qurbanlar\u0131n\u0131 yad edir v\u0259 d\u00fcnya ictimaiyy\u0259tini bu d\u0259h\u015f\u0259tli \u0259m\u0259ll\u0259ri tan\u0131ma\u011fa \u00e7a\u011f\u0131r\u0131r.<\/p>\n<p>Az\u0259rbaycanl\u0131 qarda\u015flar\u0131m\u0131zla birlikd\u0259 bu hadis\u0259l\u0259r zaman\u0131 h\u0259yat\u0131n\u0131 itir\u0259n b\u00fct\u00fcn \u015f\u0259hidl\u0259ri yad edir\u0259m v\u0259 bir daha t\u0259krar etm\u0259k ist\u0259yir\u0259m ki, T\u00fcrk \u015euras\u0131 olaraq b\u00f6lg\u0259mizd\u0259 v\u0259 onun xaricind\u0259 s\u00fclh v\u0259 \u0259min-amanl\u0131\u011f\u0131 t\u0259min etm\u0259k \u00fc\u00e7\u00fcn var g\u00fcc\u00fcm\u00fczl\u0259 \u00e7al\u0131\u015faca\u011f\u0131q&#8221;, &#8211; dey\u0259 Ba\u015f katibin b\u0259yanat\u0131nda qeyd olunub.<\/p>\n","protected":false},"excerpt":{"rendered":"<p>T\u00fcrkdilli D\u00f6vl\u0259tl\u0259rin \u018fm\u0259kda\u015fl\u0131q \u015euras\u0131n\u0131n (T\u00fcrk \u015euras\u0131) Ba\u015f katibi Ba\u011fdad Amreyev 31 mart &#8211; Az\u0259rbaycanl\u0131lar\u0131n Soyq\u0131r\u0131m\u0131 G\u00fcn\u00fc il\u0259 ba\u011fl\u0131 b\u0259yanat yay\u0131b. ARANTV.AZ APA-ya istinad\u0259n bildirir ki, bu bar\u0259d\u0259 t\u0259\u015fkilat\u0131n sayt\u0131nda m\u0259lumat verilib. &#8220;31 mart &#8211; Az\u0259rbaycanl\u0131lar\u0131n Soyq\u0131r\u0131m\u0131 G\u00fcn\u00fc 1918-ci ild\u0259 \u015eamax\u0131, Quba, Z\u0259ng\u0259zur, Qaraba\u011f v\u0259 Nax\u00e7\u0131van b\u00f6lg\u0259l\u0259rind\u0259 erm\u0259ni d\u0259st\u0259l\u0259ri t\u0259r\u0259find\u0259n Az\u0259rbaycan xalq\u0131na qar\u015f\u0131 t\u00f6r\u0259dilmi\u015f qanl\u0131 soyq\u0131r\u0131m\u0131n xatir\u0259sini \u0259ks etdirir. Az\u0259rbaycan xalq\u0131n\u0131n \u00fcmummilli lideri Heyd\u0259r \u018fliyev beyn\u0259lxalq ictimaiyy\u0259tin diqq\u0259tini yax\u0131n ke\u00e7mi\u015fd\u0259 ba\u015f vermi\u015f bu m\u0259lun hadis\u0259l\u0259r\u0259 c\u0259lb etm\u0259k v\u0259 az\u0259rbaycanl\u0131lara qar\u015f\u0131 b\u00fct\u00fcn q\u0131r\u011f\u0131nlar\u0131 bir g\u00fcnd\u0259 simvolla\u015fd\u0131rmaq \u00fc\u00e7\u00fcn 1998-ci ilin mart\u0131nda F\u0259rman imzalay\u0131b.&hellip;<\/p>\n","protected":false},"author":2,"featured_media":320824,"comment_status":"closed","ping_status":"closed","sticky":false,"template":"","format":"standard","meta":{"om_disable_all_campaigns":false,"_monsterinsights_skip_tracking":false,"_monsterinsights_sitenote_active":false,"_monsterinsights_sitenote_note":"","_monsterinsights_sitenote_category":0},"categories":[19],"tags":[],"aioseo_notices":[],"gutentor_comment":0,"rttpg_featured_image_url":{"full":["https:\/\/arantv.az\/wp-content\/uploads\/2021\/03\/935192.jpg",800,600,false],"landscape":["https:\/\/arantv.az\/wp-content\/uploads\/2021\/03\/935192.jpg",800,600,false],"portraits":["https:\/\/arantv.az\/wp-content\/uploads\/2021\/03\/935192.jpg",800,600,false],"thumbnail":["https:\/\/arantv.az\/wp-content\/uploads\/2021\/03\/935192-150x150.jpg",150,150,true],"medium":["https:\/\/arantv.az\/wp-content\/uploads\/2021\/03\/935192-300x225.jpg",300,225,true],"large":["https:\/\/arantv.az\/wp-content\/uploads\/2021\/03\/935192.jpg",640,480,false],"1536x1536":["https:\/\/arantv.az\/wp-content\/uploads\/2021\/03\/935192.jpg",800,600,false],"2048x2048":["https:\/\/arantv.az\/wp-content\/uploads\/2021\/03\/935192.jpg",800,600,false],"post-thumbnail":["https:\/\/arantv.az\/wp-content\/uploads\/2021\/03\/935192-240x172.jpg",240,172,true],"advps-thumb-one":["https:\/\/arantv.az\/wp-content\/uploads\/2021\/03\/935192.jpg",800,600,false]},"rttpg_author":{"display_name":"V\u00fcsal Rafiqo\u011flu","author_link":"https:\/\/arantv.az\/?author=2"},"rttpg_comment":0,"rttpg_category":"<a href=\"https:\/\/arantv.az\/?cat=19\" rel=\"category\">G\u00fcnd\u0259m<\/a>","rttpg_excerpt":"T\u00fcrkdilli D\u00f6vl\u0259tl\u0259rin \u018fm\u0259kda\u015fl\u0131q \u015euras\u0131n\u0131n (T\u00fcrk \u015euras\u0131) Ba\u015f katibi Ba\u011fdad Amreyev 31 mart &#8211; Az\u0259rbaycanl\u0131lar\u0131n Soyq\u0131r\u0131m\u0131 G\u00fcn\u00fc il\u0259 ba\u011fl\u0131 b\u0259yanat yay\u0131b. ARANTV.AZ APA-ya istinad\u0259n bildirir ki, bu bar\u0259d\u0259 t\u0259\u015fkilat\u0131n sayt\u0131nda m\u0259lumat verilib. &#8220;31 mart &#8211; Az\u0259rbaycanl\u0131lar\u0131n Soyq\u0131r\u0131m\u0131 G\u00fcn\u00fc 1918-ci ild\u0259 \u015eamax\u0131, Quba, Z\u0259ng\u0259zur, Qaraba\u011f v\u0259 Nax\u00e7\u0131van b\u00f6lg\u0259l\u0259rind\u0259 erm\u0259ni d\u0259st\u0259l\u0259ri t\u0259r\u0259find\u0259n Az\u0259rbaycan xalq\u0131na qar\u015f\u0131 t\u00f6r\u0259dilmi\u015f qanl\u0131 soyq\u0131r\u0131m\u0131n&hellip;","_links":{"self":[{"href":"https:\/\/arantv.az\/index.php?rest_route=\/wp\/v2\/posts\/320823"}],"collection":[{"href":"https:\/\/arantv.az\/index.php?rest_route=\/wp\/v2\/posts"}],"about":[{"href":"https:\/\/arantv.az\/index.php?rest_route=\/wp\/v2\/types\/post"}],"author":[{"embeddable":true,"href":"https:\/\/arantv.az\/index.php?rest_route=\/wp\/v2\/users\/2"}],"replies":[{"embeddable":true,"href":"https:\/\/arantv.az\/index.php?rest_route=%2Fwp%2Fv2%2Fcomments&post=320823"}],"version-history":[{"count":0,"href":"https:\/\/arantv.az\/index.php?rest_route=\/wp\/v2\/posts\/320823\/revisions"}],"wp:featuredmedia":[{"embeddable":true,"href":"https:\/\/arantv.az\/index.php?rest_route=\/wp\/v2\/media\/320824"}],"wp:attachment":[{"href":"https:\/\/arantv.az\/index.php?rest_route=%2Fwp%2Fv2%2Fmedia&parent=320823"}],"wp:term":[{"taxonomy":"category","embeddable":true,"href":"https:\/\/arantv.az\/index.php?rest_route=%2Fwp%2Fv2%2Fcategories&post=320823"},{"taxonomy":"post_tag","embeddable":true,"href":"https:\/\/arantv.az\/index.php?rest_route=%2Fwp%2Fv2%2Ftags&post=320823"}],"curies":[{"name":"wp","href":"https:\/\/api.w.org\/{rel}","templated":true}]}}