{"id":321103,"date":"2021-03-31T18:58:01","date_gmt":"2021-03-31T15:58:01","guid":{"rendered":"https:\/\/arantv.az\/?p=321103"},"modified":"2021-03-31T18:58:01","modified_gmt":"2021-03-31T15:58:01","slug":"%c9%99rdogan-turk-surasinin-novb%c9%99ti-zirv%c9%99-gorusunun-tarixini-aciqladi","status":"publish","type":"post","link":"https:\/\/arantv.az\/?p=321103","title":{"rendered":"\u018frdo\u011fan T\u00fcrk \u015euras\u0131n\u0131n n\u00f6vb\u0259ti zirv\u0259 g\u00f6r\u00fc\u015f\u00fcn\u00fcn tarixini a\u00e7\u0131qlad\u0131"},"content":{"rendered":"<p>T\u00fcrkiy\u0259 Prezidenti R\u0259c\u0259b Tayyib \u018frdo\u011fan T\u00fcrk \u015euras\u0131n\u0131n s\u0259kkizinci zirv\u0259 g\u00f6r\u00fc\u015f\u00fcn\u00fcn ke\u00e7iril\u0259c\u0259yi tarixi a\u00e7\u0131qlay\u0131b.<\/p>\n<div id=\"AdviadNativeVideo0\" class=\"AdviadNativeVideo\"><\/div>\n<p>Bu bar\u0259d\u0259 T\u00fcrkiy\u0259 lideri T\u00fcrk \u015euras\u0131 liderl\u0259rinin qeyri-formal g\u00f6r\u00fc\u015f\u00fcnd\u0259 \u00e7\u0131x\u0131\u015f\u0131 zaman\u0131 bildirib.<\/p>\n<p>\u201cT\u00fcrk \u015euras\u0131n\u0131n s\u0259kkizinci zirv\u0259sini pandemiya \u015f\u0259rtl\u0259rinin imkan verdiyi \u00f6l\u00e7\u00fcd\u0259 12 noyabr 2021-ci ild\u0259 \u0130stanbulda t\u0259\u015fkil etm\u0259y\u0259 \u00fcmid edirik\u201d, &#8211; dey\u0259 R.T.\u018frdo\u011fan bildirib.<\/p>\n","protected":false},"excerpt":{"rendered":"<p>T\u00fcrkiy\u0259 Prezidenti R\u0259c\u0259b Tayyib \u018frdo\u011fan T\u00fcrk \u015euras\u0131n\u0131n s\u0259kkizinci zirv\u0259 g\u00f6r\u00fc\u015f\u00fcn\u00fcn ke\u00e7iril\u0259c\u0259yi tarixi a\u00e7\u0131qlay\u0131b. Bu bar\u0259d\u0259 T\u00fcrkiy\u0259 lideri T\u00fcrk \u015euras\u0131 liderl\u0259rinin qeyri-formal g\u00f6r\u00fc\u015f\u00fcnd\u0259 \u00e7\u0131x\u0131\u015f\u0131 zaman\u0131 bildirib. \u201cT\u00fcrk \u015euras\u0131n\u0131n s\u0259kkizinci zirv\u0259sini pandemiya \u015f\u0259rtl\u0259rinin imkan verdiyi \u00f6l\u00e7\u00fcd\u0259 12 noyabr 2021-ci ild\u0259 \u0130stanbulda t\u0259\u015fkil etm\u0259y\u0259 \u00fcmid edirik\u201d, &#8211; dey\u0259 R.T.\u018frdo\u011fan bildirib.<\/p>\n","protected":false},"author":2,"featured_media":321104,"comment_status":"closed","ping_status":"closed","sticky":false,"template":"","format":"standard","meta":{"om_disable_all_campaigns":false,"_monsterinsights_skip_tracking":false,"_monsterinsights_sitenote_active":false,"_monsterinsights_sitenote_note":"","_monsterinsights_sitenote_category":0},"categories":[4],"tags":[],"aioseo_notices":[],"gutentor_comment":0,"rttpg_featured_image_url":{"full":["https:\/\/arantv.az\/wp-content\/uploads\/2021\/03\/receb_erdogan.jpg",620,426,false],"landscape":["https:\/\/arantv.az\/wp-content\/uploads\/2021\/03\/receb_erdogan.jpg",620,426,false],"portraits":["https:\/\/arantv.az\/wp-content\/uploads\/2021\/03\/receb_erdogan.jpg",620,426,false],"thumbnail":["https:\/\/arantv.az\/wp-content\/uploads\/2021\/03\/receb_erdogan-150x150.jpg",150,150,true],"medium":["https:\/\/arantv.az\/wp-content\/uploads\/2021\/03\/receb_erdogan-300x206.jpg",300,206,true],"large":["https:\/\/arantv.az\/wp-content\/uploads\/2021\/03\/receb_erdogan.jpg",620,426,false],"1536x1536":["https:\/\/arantv.az\/wp-content\/uploads\/2021\/03\/receb_erdogan.jpg",620,426,false],"2048x2048":["https:\/\/arantv.az\/wp-content\/uploads\/2021\/03\/receb_erdogan.jpg",620,426,false],"post-thumbnail":["https:\/\/arantv.az\/wp-content\/uploads\/2021\/03\/receb_erdogan-240x172.jpg",240,172,true],"advps-thumb-one":["https:\/\/arantv.az\/wp-content\/uploads\/2021\/03\/receb_erdogan.jpg",620,426,false]},"rttpg_author":{"display_name":"V\u00fcsal Rafiqo\u011flu","author_link":"https:\/\/arantv.az\/?author=2"},"rttpg_comment":0,"rttpg_category":"<a href=\"https:\/\/arantv.az\/?cat=4\" rel=\"category\">Siyas\u0259t<\/a>","rttpg_excerpt":"T\u00fcrkiy\u0259 Prezidenti R\u0259c\u0259b Tayyib \u018frdo\u011fan T\u00fcrk \u015euras\u0131n\u0131n s\u0259kkizinci zirv\u0259 g\u00f6r\u00fc\u015f\u00fcn\u00fcn ke\u00e7iril\u0259c\u0259yi tarixi a\u00e7\u0131qlay\u0131b. Bu bar\u0259d\u0259 T\u00fcrkiy\u0259 lideri T\u00fcrk \u015euras\u0131 liderl\u0259rinin qeyri-formal g\u00f6r\u00fc\u015f\u00fcnd\u0259 \u00e7\u0131x\u0131\u015f\u0131 zaman\u0131 bildirib. \u201cT\u00fcrk \u015euras\u0131n\u0131n s\u0259kkizinci zirv\u0259sini pandemiya \u015f\u0259rtl\u0259rinin imkan verdiyi \u00f6l\u00e7\u00fcd\u0259 12 noyabr 2021-ci ild\u0259 \u0130stanbulda t\u0259\u015fkil etm\u0259y\u0259 \u00fcmid edirik\u201d, &#8211; dey\u0259 R.T.\u018frdo\u011fan bildirib.","_links":{"self":[{"href":"https:\/\/arantv.az\/index.php?rest_route=\/wp\/v2\/posts\/321103"}],"collection":[{"href":"https:\/\/arantv.az\/index.php?rest_route=\/wp\/v2\/posts"}],"about":[{"href":"https:\/\/arantv.az\/index.php?rest_route=\/wp\/v2\/types\/post"}],"author":[{"embeddable":true,"href":"https:\/\/arantv.az\/index.php?rest_route=\/wp\/v2\/users\/2"}],"replies":[{"embeddable":true,"href":"https:\/\/arantv.az\/index.php?rest_route=%2Fwp%2Fv2%2Fcomments&post=321103"}],"version-history":[{"count":0,"href":"https:\/\/arantv.az\/index.php?rest_route=\/wp\/v2\/posts\/321103\/revisions"}],"wp:featuredmedia":[{"embeddable":true,"href":"https:\/\/arantv.az\/index.php?rest_route=\/wp\/v2\/media\/321104"}],"wp:attachment":[{"href":"https:\/\/arantv.az\/index.php?rest_route=%2Fwp%2Fv2%2Fmedia&parent=321103"}],"wp:term":[{"taxonomy":"category","embeddable":true,"href":"https:\/\/arantv.az\/index.php?rest_route=%2Fwp%2Fv2%2Fcategories&post=321103"},{"taxonomy":"post_tag","embeddable":true,"href":"https:\/\/arantv.az\/index.php?rest_route=%2Fwp%2Fv2%2Ftags&post=321103"}],"curies":[{"name":"wp","href":"https:\/\/api.w.org\/{rel}","templated":true}]}}