{"id":321107,"date":"2021-03-31T18:58:51","date_gmt":"2021-03-31T15:58:51","guid":{"rendered":"https:\/\/arantv.az\/?p=321107"},"modified":"2021-03-31T18:58:51","modified_gmt":"2021-03-31T15:58:51","slug":"r%c9%99c%c9%99b-tayyib-%c9%99rdogan-ilham-%c9%99liyevi-antalyaya-d%c9%99v%c9%99t-etdi","status":"publish","type":"post","link":"https:\/\/arantv.az\/?p=321107","title":{"rendered":"R\u0259c\u0259b Tayyib \u018frdo\u011fan \u0130lham \u018fliyevi Antalyaya d\u0259v\u0259t etdi"},"content":{"rendered":"<p>\u201cSiz d\u0259y\u0259rli qarda\u015flar\u0131m\u0131 iyun ay\u0131nda t\u0259\u015fkil ed\u0259c\u0259yimiz Antalya Diplomatiya forumuna x\u00fcsusil\u0259 d\u0259v\u0259t edir\u0259m\u201d.<\/p>\n<p>Bu s\u00f6zl\u0259ri T\u00fcrkiy\u0259 Prezidenti R\u0259c\u0259b Tayyib \u018frdo\u011fan T\u00fcrk \u015euras\u0131 liderl\u0259rinin qeyri-formal g\u00f6r\u00fc\u015f\u00fcnd\u0259 \u00e7\u0131x\u0131\u015f\u0131 zaman\u0131 bildirib.<\/p>\n<div id=\"AdviadNativeVideo0\" class=\"AdviadNativeVideo\"><\/div>\n<p>\u201cForumumuz qlobal v\u0259 regional m\u0259s\u0259l\u0259l\u0259r haqq\u0131nda s\u0259mimi v\u0259 h\u0259rt\u0259r\u0259fli fikir m\u00fcbadil\u0259si apar\u0131lmas\u0131na t\u00f6hf\u0259 ver\u0259c\u0259kdir. H\u0259r birinizin i\u015ftirak\u0131ndan b\u00f6y\u00fck m\u0259mnunluq duyaca\u011f\u0131q\u201d, &#8211; dey\u0259 \u018frdo\u011fan bildirib.<\/p>\n<p>T\u00fcrk \u015euras\u0131 liderl\u0259rinin qeyri-formal g\u00f6r\u00fc\u015f\u00fcnd\u0259\u00a0Az\u0259rbaycan Prezidenti \u0130lham \u018fliyev d\u0259 i\u015ftirak edir.<\/p>\n","protected":false},"excerpt":{"rendered":"<p>\u201cSiz d\u0259y\u0259rli qarda\u015flar\u0131m\u0131 iyun ay\u0131nda t\u0259\u015fkil ed\u0259c\u0259yimiz Antalya Diplomatiya forumuna x\u00fcsusil\u0259 d\u0259v\u0259t edir\u0259m\u201d. Bu s\u00f6zl\u0259ri T\u00fcrkiy\u0259 Prezidenti R\u0259c\u0259b Tayyib \u018frdo\u011fan T\u00fcrk \u015euras\u0131 liderl\u0259rinin qeyri-formal g\u00f6r\u00fc\u015f\u00fcnd\u0259 \u00e7\u0131x\u0131\u015f\u0131 zaman\u0131 bildirib. \u201cForumumuz qlobal v\u0259 regional m\u0259s\u0259l\u0259l\u0259r haqq\u0131nda s\u0259mimi v\u0259 h\u0259rt\u0259r\u0259fli fikir m\u00fcbadil\u0259si apar\u0131lmas\u0131na t\u00f6hf\u0259 ver\u0259c\u0259kdir. H\u0259r birinizin i\u015ftirak\u0131ndan b\u00f6y\u00fck m\u0259mnunluq duyaca\u011f\u0131q\u201d, &#8211; dey\u0259 \u018frdo\u011fan bildirib. T\u00fcrk \u015euras\u0131 liderl\u0259rinin qeyri-formal g\u00f6r\u00fc\u015f\u00fcnd\u0259\u00a0Az\u0259rbaycan Prezidenti \u0130lham \u018fliyev d\u0259 i\u015ftirak edir.<\/p>\n","protected":false},"author":2,"featured_media":321108,"comment_status":"closed","ping_status":"closed","sticky":false,"template":"","format":"standard","meta":{"om_disable_all_campaigns":false,"_monsterinsights_skip_tracking":false,"_monsterinsights_sitenote_active":false,"_monsterinsights_sitenote_note":"","_monsterinsights_sitenote_category":0},"categories":[4],"tags":[],"aioseo_notices":[],"gutentor_comment":0,"rttpg_featured_image_url":{"full":["https:\/\/arantv.az\/wp-content\/uploads\/2021\/03\/3247c129-dd77-3434-b2b0-6f7982f390d8_850.jpg",620,387,false],"landscape":["https:\/\/arantv.az\/wp-content\/uploads\/2021\/03\/3247c129-dd77-3434-b2b0-6f7982f390d8_850.jpg",620,387,false],"portraits":["https:\/\/arantv.az\/wp-content\/uploads\/2021\/03\/3247c129-dd77-3434-b2b0-6f7982f390d8_850.jpg",620,387,false],"thumbnail":["https:\/\/arantv.az\/wp-content\/uploads\/2021\/03\/3247c129-dd77-3434-b2b0-6f7982f390d8_850-150x150.jpg",150,150,true],"medium":["https:\/\/arantv.az\/wp-content\/uploads\/2021\/03\/3247c129-dd77-3434-b2b0-6f7982f390d8_850-300x187.jpg",300,187,true],"large":["https:\/\/arantv.az\/wp-content\/uploads\/2021\/03\/3247c129-dd77-3434-b2b0-6f7982f390d8_850.jpg",620,387,false],"1536x1536":["https:\/\/arantv.az\/wp-content\/uploads\/2021\/03\/3247c129-dd77-3434-b2b0-6f7982f390d8_850.jpg",620,387,false],"2048x2048":["https:\/\/arantv.az\/wp-content\/uploads\/2021\/03\/3247c129-dd77-3434-b2b0-6f7982f390d8_850.jpg",620,387,false],"post-thumbnail":["https:\/\/arantv.az\/wp-content\/uploads\/2021\/03\/3247c129-dd77-3434-b2b0-6f7982f390d8_850-240x172.jpg",240,172,true],"advps-thumb-one":["https:\/\/arantv.az\/wp-content\/uploads\/2021\/03\/3247c129-dd77-3434-b2b0-6f7982f390d8_850.jpg",620,387,false]},"rttpg_author":{"display_name":"V\u00fcsal Rafiqo\u011flu","author_link":"https:\/\/arantv.az\/?author=2"},"rttpg_comment":0,"rttpg_category":"<a href=\"https:\/\/arantv.az\/?cat=4\" rel=\"category\">Siyas\u0259t<\/a>","rttpg_excerpt":"\u201cSiz d\u0259y\u0259rli qarda\u015flar\u0131m\u0131 iyun ay\u0131nda t\u0259\u015fkil ed\u0259c\u0259yimiz Antalya Diplomatiya forumuna x\u00fcsusil\u0259 d\u0259v\u0259t edir\u0259m\u201d. Bu s\u00f6zl\u0259ri T\u00fcrkiy\u0259 Prezidenti R\u0259c\u0259b Tayyib \u018frdo\u011fan T\u00fcrk \u015euras\u0131 liderl\u0259rinin qeyri-formal g\u00f6r\u00fc\u015f\u00fcnd\u0259 \u00e7\u0131x\u0131\u015f\u0131 zaman\u0131 bildirib. \u201cForumumuz qlobal v\u0259 regional m\u0259s\u0259l\u0259l\u0259r haqq\u0131nda s\u0259mimi v\u0259 h\u0259rt\u0259r\u0259fli fikir m\u00fcbadil\u0259si apar\u0131lmas\u0131na t\u00f6hf\u0259 ver\u0259c\u0259kdir. H\u0259r birinizin i\u015ftirak\u0131ndan b\u00f6y\u00fck m\u0259mnunluq duyaca\u011f\u0131q\u201d, &#8211; dey\u0259 \u018frdo\u011fan bildirib. T\u00fcrk \u015euras\u0131 liderl\u0259rinin&hellip;","_links":{"self":[{"href":"https:\/\/arantv.az\/index.php?rest_route=\/wp\/v2\/posts\/321107"}],"collection":[{"href":"https:\/\/arantv.az\/index.php?rest_route=\/wp\/v2\/posts"}],"about":[{"href":"https:\/\/arantv.az\/index.php?rest_route=\/wp\/v2\/types\/post"}],"author":[{"embeddable":true,"href":"https:\/\/arantv.az\/index.php?rest_route=\/wp\/v2\/users\/2"}],"replies":[{"embeddable":true,"href":"https:\/\/arantv.az\/index.php?rest_route=%2Fwp%2Fv2%2Fcomments&post=321107"}],"version-history":[{"count":0,"href":"https:\/\/arantv.az\/index.php?rest_route=\/wp\/v2\/posts\/321107\/revisions"}],"wp:featuredmedia":[{"embeddable":true,"href":"https:\/\/arantv.az\/index.php?rest_route=\/wp\/v2\/media\/321108"}],"wp:attachment":[{"href":"https:\/\/arantv.az\/index.php?rest_route=%2Fwp%2Fv2%2Fmedia&parent=321107"}],"wp:term":[{"taxonomy":"category","embeddable":true,"href":"https:\/\/arantv.az\/index.php?rest_route=%2Fwp%2Fv2%2Fcategories&post=321107"},{"taxonomy":"post_tag","embeddable":true,"href":"https:\/\/arantv.az\/index.php?rest_route=%2Fwp%2Fv2%2Ftags&post=321107"}],"curies":[{"name":"wp","href":"https:\/\/api.w.org\/{rel}","templated":true}]}}