{"id":321110,"date":"2021-03-31T19:00:46","date_gmt":"2021-03-31T16:00:46","guid":{"rendered":"https:\/\/arantv.az\/?p=321110"},"modified":"2021-03-31T19:00:46","modified_gmt":"2021-03-31T16:00:46","slug":"nazir-aciq-s%c9%99ma-altinda-qurulacaq-isgal-muzeyind%c9%99n-danisdi","status":"publish","type":"post","link":"https:\/\/arantv.az\/?p=321110","title":{"rendered":"Nazir a\u00e7\u0131q s\u0259ma alt\u0131nda qurulacaq i\u015f\u011fal muzeyind\u0259n DANI\u015eDI"},"content":{"rendered":"<p>\u201c\u0130\u015f\u011faldan azad edilmi\u015f \u0259razil\u0259rd\u0259ki muzey v\u0259 abid\u0259l\u0259rin b\u0259rpas\u0131 il\u0259 ba\u011fl\u0131 layih\u0259l\u0259ndirm\u0259 prosesind\u0259yik. Bu proses\u0259 birinci A\u011fdam rayonundan ba\u015flay\u0131r\u0131q\u201d.<\/p>\n<p><strong>ARANTV.AZ-<\/strong>\u0131n m\u0259lumat\u0131na g\u00f6r\u0259, bunu jurnalistl\u0259r\u0259 a\u00e7\u0131qlamas\u0131nda M\u0259d\u0259niyy\u0259t naziri Anar K\u0259rimov bildirib.<\/p>\n<p>Onun s\u00f6zl\u0259rin\u0259 g\u00f6r\u0259, bu sah\u0259y\u0259 beyn\u0259lxalq ekspertl\u0259r c\u0259lb edilib.<\/p>\n<p>\u201cPrezident \u0130lham \u018fliyevin d\u0259 elan etdiyi kimi, A\u011fdamda a\u00e7\u0131q s\u0259mada i\u015f\u011fal muzeyinin layih\u0259l\u0259ndirilm\u0259si prosesind\u0259yik. M\u0259qs\u0259dimiz ondan ibar\u0259tdir ki, insanlar a\u00e7\u0131q s\u0259madak\u0131 muzeyd\u0259 da\u011f\u0131nt\u0131lar\u0131n miqyas\u0131n\u0131, erm\u0259ni v\u0259h\u015filiyini v\u0259 xisl\u0259tini g\u00f6r\u0259 bilsin\u201d.<\/p>\n","protected":false},"excerpt":{"rendered":"<p>\u201c\u0130\u015f\u011faldan azad edilmi\u015f \u0259razil\u0259rd\u0259ki muzey v\u0259 abid\u0259l\u0259rin b\u0259rpas\u0131 il\u0259 ba\u011fl\u0131 layih\u0259l\u0259ndirm\u0259 prosesind\u0259yik. Bu proses\u0259 birinci A\u011fdam rayonundan ba\u015flay\u0131r\u0131q\u201d. ARANTV.AZ-\u0131n m\u0259lumat\u0131na g\u00f6r\u0259, bunu jurnalistl\u0259r\u0259 a\u00e7\u0131qlamas\u0131nda M\u0259d\u0259niyy\u0259t naziri Anar K\u0259rimov bildirib. Onun s\u00f6zl\u0259rin\u0259 g\u00f6r\u0259, bu sah\u0259y\u0259 beyn\u0259lxalq ekspertl\u0259r c\u0259lb edilib. \u201cPrezident \u0130lham \u018fliyevin d\u0259 elan etdiyi kimi, A\u011fdamda a\u00e7\u0131q s\u0259mada i\u015f\u011fal muzeyinin layih\u0259l\u0259ndirilm\u0259si prosesind\u0259yik. M\u0259qs\u0259dimiz ondan ibar\u0259tdir ki, insanlar a\u00e7\u0131q s\u0259madak\u0131 muzeyd\u0259 da\u011f\u0131nt\u0131lar\u0131n miqyas\u0131n\u0131, erm\u0259ni v\u0259h\u015filiyini v\u0259 xisl\u0259tini g\u00f6r\u0259 bilsin\u201d.<\/p>\n","protected":false},"author":2,"featured_media":321111,"comment_status":"closed","ping_status":"closed","sticky":false,"template":"","format":"standard","meta":{"om_disable_all_campaigns":false,"_monsterinsights_skip_tracking":false,"_monsterinsights_sitenote_active":false,"_monsterinsights_sitenote_note":"","_monsterinsights_sitenote_category":0},"categories":[26],"tags":[],"aioseo_notices":[],"gutentor_comment":0,"rttpg_featured_image_url":{"full":["https:\/\/arantv.az\/wp-content\/uploads\/2021\/03\/aA_dam.jpg",620,414,false],"landscape":["https:\/\/arantv.az\/wp-content\/uploads\/2021\/03\/aA_dam.jpg",620,414,false],"portraits":["https:\/\/arantv.az\/wp-content\/uploads\/2021\/03\/aA_dam.jpg",620,414,false],"thumbnail":["https:\/\/arantv.az\/wp-content\/uploads\/2021\/03\/aA_dam-150x150.jpg",150,150,true],"medium":["https:\/\/arantv.az\/wp-content\/uploads\/2021\/03\/aA_dam-300x200.jpg",300,200,true],"large":["https:\/\/arantv.az\/wp-content\/uploads\/2021\/03\/aA_dam.jpg",620,414,false],"1536x1536":["https:\/\/arantv.az\/wp-content\/uploads\/2021\/03\/aA_dam.jpg",620,414,false],"2048x2048":["https:\/\/arantv.az\/wp-content\/uploads\/2021\/03\/aA_dam.jpg",620,414,false],"post-thumbnail":["https:\/\/arantv.az\/wp-content\/uploads\/2021\/03\/aA_dam-240x172.jpg",240,172,true],"advps-thumb-one":["https:\/\/arantv.az\/wp-content\/uploads\/2021\/03\/aA_dam.jpg",620,414,false]},"rttpg_author":{"display_name":"V\u00fcsal Rafiqo\u011flu","author_link":"https:\/\/arantv.az\/?author=2"},"rttpg_comment":0,"rttpg_category":"<a href=\"https:\/\/arantv.az\/?cat=26\" rel=\"category\">Sosial<\/a>","rttpg_excerpt":"\u201c\u0130\u015f\u011faldan azad edilmi\u015f \u0259razil\u0259rd\u0259ki muzey v\u0259 abid\u0259l\u0259rin b\u0259rpas\u0131 il\u0259 ba\u011fl\u0131 layih\u0259l\u0259ndirm\u0259 prosesind\u0259yik. Bu proses\u0259 birinci A\u011fdam rayonundan ba\u015flay\u0131r\u0131q\u201d. ARANTV.AZ-\u0131n m\u0259lumat\u0131na g\u00f6r\u0259, bunu jurnalistl\u0259r\u0259 a\u00e7\u0131qlamas\u0131nda M\u0259d\u0259niyy\u0259t naziri Anar K\u0259rimov bildirib. Onun s\u00f6zl\u0259rin\u0259 g\u00f6r\u0259, bu sah\u0259y\u0259 beyn\u0259lxalq ekspertl\u0259r c\u0259lb edilib. \u201cPrezident \u0130lham \u018fliyevin d\u0259 elan etdiyi kimi, A\u011fdamda a\u00e7\u0131q s\u0259mada i\u015f\u011fal muzeyinin layih\u0259l\u0259ndirilm\u0259si prosesind\u0259yik. M\u0259qs\u0259dimiz ondan ibar\u0259tdir&hellip;","_links":{"self":[{"href":"https:\/\/arantv.az\/index.php?rest_route=\/wp\/v2\/posts\/321110"}],"collection":[{"href":"https:\/\/arantv.az\/index.php?rest_route=\/wp\/v2\/posts"}],"about":[{"href":"https:\/\/arantv.az\/index.php?rest_route=\/wp\/v2\/types\/post"}],"author":[{"embeddable":true,"href":"https:\/\/arantv.az\/index.php?rest_route=\/wp\/v2\/users\/2"}],"replies":[{"embeddable":true,"href":"https:\/\/arantv.az\/index.php?rest_route=%2Fwp%2Fv2%2Fcomments&post=321110"}],"version-history":[{"count":0,"href":"https:\/\/arantv.az\/index.php?rest_route=\/wp\/v2\/posts\/321110\/revisions"}],"wp:featuredmedia":[{"embeddable":true,"href":"https:\/\/arantv.az\/index.php?rest_route=\/wp\/v2\/media\/321111"}],"wp:attachment":[{"href":"https:\/\/arantv.az\/index.php?rest_route=%2Fwp%2Fv2%2Fmedia&parent=321110"}],"wp:term":[{"taxonomy":"category","embeddable":true,"href":"https:\/\/arantv.az\/index.php?rest_route=%2Fwp%2Fv2%2Fcategories&post=321110"},{"taxonomy":"post_tag","embeddable":true,"href":"https:\/\/arantv.az\/index.php?rest_route=%2Fwp%2Fv2%2Ftags&post=321110"}],"curies":[{"name":"wp","href":"https:\/\/api.w.org\/{rel}","templated":true}]}}