{"id":321116,"date":"2021-03-31T19:03:59","date_gmt":"2021-03-31T16:03:59","guid":{"rendered":"https:\/\/arantv.az\/?p=321116"},"modified":"2021-03-31T19:03:59","modified_gmt":"2021-03-31T16:03:59","slug":"%c9%99rdogan-az%c9%99rbaycanin-yaninda-olmagimiz-on%c9%99mlidir","status":"publish","type":"post","link":"https:\/\/arantv.az\/?p=321116","title":{"rendered":"\u018frdo\u011fan: \u201cAz\u0259rbaycan\u0131n yan\u0131nda olma\u011f\u0131m\u0131z \u00f6n\u0259mlidir\u201d"},"content":{"rendered":"<p>T\u00fcrkiy\u0259 Prezidenti R\u0259c\u0259b Tayyib \u018frdo\u011fan T\u00fcrk \u015euras\u0131 liderl\u0259rinin qeyri-formal g\u00f6r\u00fc\u015f\u00fcnd\u0259\u00a0Az\u0259rbaycan\u0131 bir daha Qaraba\u011fda qazand\u0131\u011f\u0131 z\u0259f\u0259r m\u00fcnasib\u0259ti il\u0259 t\u0259brik edib v\u0259 qarda\u015f \u00f6lk\u0259nin d\u00f6vl\u0259timiz\u0259 d\u0259st\u0259yini vur\u011fulay\u0131b.<\/p>\n<p>\u201cB\u00fct\u00fcn az\u0259rbaycanl\u0131 qarda\u015flar\u0131m\u0131, \u0259ziz qarda\u015f\u0131m \u0130lham \u018fliyevi \u0259vv\u0259l Qaraba\u011fdak\u0131 q\u0259l\u0259b\u0259sin\u0259 g\u00f6r\u0259 t\u0259brik edir\u0259m\u201d, &#8211; dey\u0259 \u018frdo\u011fan bildirib.<\/p>\n<div id=\"AdviadNativeVideo0\" class=\"AdviadNativeVideo\"><\/div>\n<p>O qeyd edib ki, Qaraba\u011f b\u00f6lg\u0259sind\u0259 67 m\u0259scidd\u0259n 63-\u00fc da\u011f\u0131d\u0131l\u0131b. Bundan ba\u015fqa, kils\u0259l\u0259r d\u0259 m\u0259hv edilib:<\/p>\n<p>\u201cQaraba\u011fdak\u0131 t\u00fcrk irsinin qorunmas\u0131 v\u0259 b\u0259rpas\u0131 \u00fc\u00e7\u00fcn b\u00fct\u00fcn vasit\u0259l\u0259rimizl\u0259 Az\u0259rbaycan\u0131n yan\u0131nda olma\u011f\u0131m\u0131z \u00f6n\u0259m k\u0259sb edir\u201d.<\/p>\n<p>O, T\u00fcrkiy\u0259nin b\u00f6lg\u0259nin dir\u00e7\u0259lm\u0259si \u00fc\u00e7\u00fcn b\u00fct\u00fcn k\u00f6\u00e7k\u00fcnl\u0259rin evl\u0259rin\u0259 qay\u0131tmas\u0131na \u00e7al\u0131\u015faca\u011f\u0131n\u0131 vur\u011fulay\u0131b.<\/p>\n","protected":false},"excerpt":{"rendered":"<p>T\u00fcrkiy\u0259 Prezidenti R\u0259c\u0259b Tayyib \u018frdo\u011fan T\u00fcrk \u015euras\u0131 liderl\u0259rinin qeyri-formal g\u00f6r\u00fc\u015f\u00fcnd\u0259\u00a0Az\u0259rbaycan\u0131 bir daha Qaraba\u011fda qazand\u0131\u011f\u0131 z\u0259f\u0259r m\u00fcnasib\u0259ti il\u0259 t\u0259brik edib v\u0259 qarda\u015f \u00f6lk\u0259nin d\u00f6vl\u0259timiz\u0259 d\u0259st\u0259yini vur\u011fulay\u0131b. \u201cB\u00fct\u00fcn az\u0259rbaycanl\u0131 qarda\u015flar\u0131m\u0131, \u0259ziz qarda\u015f\u0131m \u0130lham \u018fliyevi \u0259vv\u0259l Qaraba\u011fdak\u0131 q\u0259l\u0259b\u0259sin\u0259 g\u00f6r\u0259 t\u0259brik edir\u0259m\u201d, &#8211; dey\u0259 \u018frdo\u011fan bildirib. O qeyd edib ki, Qaraba\u011f b\u00f6lg\u0259sind\u0259 67 m\u0259scidd\u0259n 63-\u00fc da\u011f\u0131d\u0131l\u0131b. Bundan ba\u015fqa, kils\u0259l\u0259r d\u0259 m\u0259hv edilib: \u201cQaraba\u011fdak\u0131 t\u00fcrk irsinin qorunmas\u0131 v\u0259 b\u0259rpas\u0131 \u00fc\u00e7\u00fcn b\u00fct\u00fcn vasit\u0259l\u0259rimizl\u0259 Az\u0259rbaycan\u0131n yan\u0131nda olma\u011f\u0131m\u0131z \u00f6n\u0259m k\u0259sb edir\u201d. O, T\u00fcrkiy\u0259nin b\u00f6lg\u0259nin dir\u00e7\u0259lm\u0259si \u00fc\u00e7\u00fcn b\u00fct\u00fcn k\u00f6\u00e7k\u00fcnl\u0259rin evl\u0259rin\u0259 qay\u0131tmas\u0131na \u00e7al\u0131\u015faca\u011f\u0131n\u0131 vur\u011fulay\u0131b.<\/p>\n","protected":false},"author":2,"featured_media":321117,"comment_status":"closed","ping_status":"closed","sticky":false,"template":"","format":"standard","meta":{"om_disable_all_campaigns":false,"_monsterinsights_skip_tracking":false,"_monsterinsights_sitenote_active":false,"_monsterinsights_sitenote_note":"","_monsterinsights_sitenote_category":0},"categories":[4],"tags":[],"aioseo_notices":[],"gutentor_comment":0,"rttpg_featured_image_url":{"full":["https:\/\/arantv.az\/wp-content\/uploads\/2021\/03\/75fd24e7159415-1.jpg",620,413,false],"landscape":["https:\/\/arantv.az\/wp-content\/uploads\/2021\/03\/75fd24e7159415-1.jpg",620,413,false],"portraits":["https:\/\/arantv.az\/wp-content\/uploads\/2021\/03\/75fd24e7159415-1.jpg",620,413,false],"thumbnail":["https:\/\/arantv.az\/wp-content\/uploads\/2021\/03\/75fd24e7159415-1-150x150.jpg",150,150,true],"medium":["https:\/\/arantv.az\/wp-content\/uploads\/2021\/03\/75fd24e7159415-1-300x200.jpg",300,200,true],"large":["https:\/\/arantv.az\/wp-content\/uploads\/2021\/03\/75fd24e7159415-1.jpg",620,413,false],"1536x1536":["https:\/\/arantv.az\/wp-content\/uploads\/2021\/03\/75fd24e7159415-1.jpg",620,413,false],"2048x2048":["https:\/\/arantv.az\/wp-content\/uploads\/2021\/03\/75fd24e7159415-1.jpg",620,413,false],"post-thumbnail":["https:\/\/arantv.az\/wp-content\/uploads\/2021\/03\/75fd24e7159415-1-240x172.jpg",240,172,true],"advps-thumb-one":["https:\/\/arantv.az\/wp-content\/uploads\/2021\/03\/75fd24e7159415-1.jpg",620,413,false]},"rttpg_author":{"display_name":"V\u00fcsal Rafiqo\u011flu","author_link":"https:\/\/arantv.az\/?author=2"},"rttpg_comment":0,"rttpg_category":"<a href=\"https:\/\/arantv.az\/?cat=4\" rel=\"category\">Siyas\u0259t<\/a>","rttpg_excerpt":"T\u00fcrkiy\u0259 Prezidenti R\u0259c\u0259b Tayyib \u018frdo\u011fan T\u00fcrk \u015euras\u0131 liderl\u0259rinin qeyri-formal g\u00f6r\u00fc\u015f\u00fcnd\u0259\u00a0Az\u0259rbaycan\u0131 bir daha Qaraba\u011fda qazand\u0131\u011f\u0131 z\u0259f\u0259r m\u00fcnasib\u0259ti il\u0259 t\u0259brik edib v\u0259 qarda\u015f \u00f6lk\u0259nin d\u00f6vl\u0259timiz\u0259 d\u0259st\u0259yini vur\u011fulay\u0131b. \u201cB\u00fct\u00fcn az\u0259rbaycanl\u0131 qarda\u015flar\u0131m\u0131, \u0259ziz qarda\u015f\u0131m \u0130lham \u018fliyevi \u0259vv\u0259l Qaraba\u011fdak\u0131 q\u0259l\u0259b\u0259sin\u0259 g\u00f6r\u0259 t\u0259brik edir\u0259m\u201d, &#8211; dey\u0259 \u018frdo\u011fan bildirib. O qeyd edib ki, Qaraba\u011f b\u00f6lg\u0259sind\u0259 67 m\u0259scidd\u0259n 63-\u00fc da\u011f\u0131d\u0131l\u0131b. Bundan ba\u015fqa, kils\u0259l\u0259r&hellip;","_links":{"self":[{"href":"https:\/\/arantv.az\/index.php?rest_route=\/wp\/v2\/posts\/321116"}],"collection":[{"href":"https:\/\/arantv.az\/index.php?rest_route=\/wp\/v2\/posts"}],"about":[{"href":"https:\/\/arantv.az\/index.php?rest_route=\/wp\/v2\/types\/post"}],"author":[{"embeddable":true,"href":"https:\/\/arantv.az\/index.php?rest_route=\/wp\/v2\/users\/2"}],"replies":[{"embeddable":true,"href":"https:\/\/arantv.az\/index.php?rest_route=%2Fwp%2Fv2%2Fcomments&post=321116"}],"version-history":[{"count":0,"href":"https:\/\/arantv.az\/index.php?rest_route=\/wp\/v2\/posts\/321116\/revisions"}],"wp:featuredmedia":[{"embeddable":true,"href":"https:\/\/arantv.az\/index.php?rest_route=\/wp\/v2\/media\/321117"}],"wp:attachment":[{"href":"https:\/\/arantv.az\/index.php?rest_route=%2Fwp%2Fv2%2Fmedia&parent=321116"}],"wp:term":[{"taxonomy":"category","embeddable":true,"href":"https:\/\/arantv.az\/index.php?rest_route=%2Fwp%2Fv2%2Fcategories&post=321116"},{"taxonomy":"post_tag","embeddable":true,"href":"https:\/\/arantv.az\/index.php?rest_route=%2Fwp%2Fv2%2Ftags&post=321116"}],"curies":[{"name":"wp","href":"https:\/\/api.w.org\/{rel}","templated":true}]}}