{"id":321119,"date":"2021-03-31T19:09:07","date_gmt":"2021-03-31T16:09:07","guid":{"rendered":"https:\/\/arantv.az\/?p=321119"},"modified":"2021-03-31T19:09:07","modified_gmt":"2021-03-31T16:09:07","slug":"operativ-q%c9%99rargahin-iclasinda-pandemiya-il%c9%99-bagli-v%c9%99ziyy%c9%99t-v%c9%99-peyv%c9%99ndl%c9%99m%c9%99-prosesi-muzakir%c9%99-olundu-foto","status":"publish","type":"post","link":"https:\/\/arantv.az\/?p=321119","title":{"rendered":"Operativ Q\u0259rargah\u0131n iclas\u0131nda pandemiya il\u0259 ba\u011fl\u0131 v\u0259ziyy\u0259t v\u0259 peyv\u0259ndl\u0259m\u0259 prosesi m\u00fczakir\u0259 olundu &#8211; FOTO"},"content":{"rendered":"<p>Bu g\u00fcn Ba\u015f nazir \u018fli \u018fs\u0259dovun s\u0259drliyi il\u0259 Nazirl\u0259r Kabineti yan\u0131nda Operativ Q\u0259rargah\u0131n n\u00f6vb\u0259ti iclas\u0131 ke\u00e7irilib.<\/p>\n<p>\u0130clasda Q\u0259rargah \u00fczvl\u0259ri, \u015f\u0259h\u0259r v\u0259 rayonlar\u0131n \u0130cra hakimiyy\u0259ti ba\u015f\u00e7\u0131lar\u0131 v\u0259 ba\u015f h\u0259kiml\u0259r i\u015ftirak edibl\u0259r.<\/p>\n<p>\u0130clas zaman\u0131 \u00f6lk\u0259d\u0259 pandemiyaya qar\u015f\u0131 m\u00fcbariz\u0259nin v\u0259ziyy\u0259ti \u2013 yoluxman\u0131n dinamikas\u0131 v\u0259 peyv\u0259ndl\u0259m\u0259 prosesinin gedi\u015fi m\u00fczakir\u0259 olunub.<\/p>\n<div id=\"AdviadNativeVideo0\" class=\"AdviadNativeVideo\"><\/div>\n<p>\u00d6lk\u0259d\u0259 peyv\u0259nd ehtiyat\u0131 il\u0259 ba\u011fl\u0131 v\u0259ziyy\u0259tin q\u0259na\u0259tb\u0259x\u015f oldu\u011fu qeyd edilib.<\/p>\n<p>Peyv\u0259ndl\u0259nm\u0259nin \u0259h\u0259miyy\u0259tin\u0259 dair maarifl\u0259ndirm\u0259 i\u015finin daha da\u00a0 geni\u015fl\u0259ndirilm\u0259si, peyv\u0259nd vurulmas\u0131 prosesinin s\u00fcr\u0259tl\u0259ndirilm\u0259si v\u0259 n\u0259zar\u0259tin g\u00fccl\u0259ndirilm\u0259si haqda tap\u015f\u0131r\u0131qlar verilib.<\/p>\n<p>&nbsp;<\/p>\n<div class=\"gallery\">\n<div class=\"gallery-i\"><img src=\"https:\/\/cdn.oxu.az\/uploads\/W1siZiIsIjIwMjEvMDMvMzEvMTkvMjgvMTkvMzMzYmE1NGMtMmU3NC00NTJkLTg0MzYtMjNkYWI3ZTIzZTE5LzE2Njg4NDQ3Ml84MTQwNTMxNjU4NTI4MzRfNzMzNTg4MjgxMzYxOTE0MjE5MV9uLmpwZyJdLFsicCIsImVuY29kZSIsImpwZyIsIi1xdWFsaXR5IDgwIl0sWyJwIiwidGh1bWIiLCI1OTB4NTkwXHUwMDNlIl1d?sha=f2baa6da42663a10\" alt=\"\" \/><\/div>\n<\/div>\n","protected":false},"excerpt":{"rendered":"<p>Bu g\u00fcn Ba\u015f nazir \u018fli \u018fs\u0259dovun s\u0259drliyi il\u0259 Nazirl\u0259r Kabineti yan\u0131nda Operativ Q\u0259rargah\u0131n n\u00f6vb\u0259ti iclas\u0131 ke\u00e7irilib. \u0130clasda Q\u0259rargah \u00fczvl\u0259ri, \u015f\u0259h\u0259r v\u0259 rayonlar\u0131n \u0130cra hakimiyy\u0259ti ba\u015f\u00e7\u0131lar\u0131 v\u0259 ba\u015f h\u0259kiml\u0259r i\u015ftirak edibl\u0259r. \u0130clas zaman\u0131 \u00f6lk\u0259d\u0259 pandemiyaya qar\u015f\u0131 m\u00fcbariz\u0259nin v\u0259ziyy\u0259ti \u2013 yoluxman\u0131n dinamikas\u0131 v\u0259 peyv\u0259ndl\u0259m\u0259 prosesinin gedi\u015fi m\u00fczakir\u0259 olunub. \u00d6lk\u0259d\u0259 peyv\u0259nd ehtiyat\u0131 il\u0259 ba\u011fl\u0131 v\u0259ziyy\u0259tin q\u0259na\u0259tb\u0259x\u015f oldu\u011fu qeyd edilib. Peyv\u0259ndl\u0259nm\u0259nin \u0259h\u0259miyy\u0259tin\u0259 dair maarifl\u0259ndirm\u0259 i\u015finin daha da\u00a0 geni\u015fl\u0259ndirilm\u0259si, peyv\u0259nd vurulmas\u0131 prosesinin s\u00fcr\u0259tl\u0259ndirilm\u0259si v\u0259 n\u0259zar\u0259tin g\u00fccl\u0259ndirilm\u0259si haqda tap\u015f\u0131r\u0131qlar verilib. &nbsp;<\/p>\n","protected":false},"author":2,"featured_media":321120,"comment_status":"closed","ping_status":"closed","sticky":false,"template":"","format":"standard","meta":{"om_disable_all_campaigns":false,"_monsterinsights_skip_tracking":false,"_monsterinsights_sitenote_active":false,"_monsterinsights_sitenote_note":"","_monsterinsights_sitenote_category":0},"categories":[26],"tags":[],"aioseo_notices":[],"gutentor_comment":0,"rttpg_featured_image_url":{"full":["https:\/\/arantv.az\/wp-content\/uploads\/2021\/03\/165277399_753634132188229_6839175716945318985_n.jpg",620,413,false],"landscape":["https:\/\/arantv.az\/wp-content\/uploads\/2021\/03\/165277399_753634132188229_6839175716945318985_n.jpg",620,413,false],"portraits":["https:\/\/arantv.az\/wp-content\/uploads\/2021\/03\/165277399_753634132188229_6839175716945318985_n.jpg",620,413,false],"thumbnail":["https:\/\/arantv.az\/wp-content\/uploads\/2021\/03\/165277399_753634132188229_6839175716945318985_n-150x150.jpg",150,150,true],"medium":["https:\/\/arantv.az\/wp-content\/uploads\/2021\/03\/165277399_753634132188229_6839175716945318985_n-300x200.jpg",300,200,true],"large":["https:\/\/arantv.az\/wp-content\/uploads\/2021\/03\/165277399_753634132188229_6839175716945318985_n.jpg",620,413,false],"1536x1536":["https:\/\/arantv.az\/wp-content\/uploads\/2021\/03\/165277399_753634132188229_6839175716945318985_n.jpg",620,413,false],"2048x2048":["https:\/\/arantv.az\/wp-content\/uploads\/2021\/03\/165277399_753634132188229_6839175716945318985_n.jpg",620,413,false],"post-thumbnail":["https:\/\/arantv.az\/wp-content\/uploads\/2021\/03\/165277399_753634132188229_6839175716945318985_n-240x172.jpg",240,172,true],"advps-thumb-one":["https:\/\/arantv.az\/wp-content\/uploads\/2021\/03\/165277399_753634132188229_6839175716945318985_n.jpg",620,413,false]},"rttpg_author":{"display_name":"V\u00fcsal Rafiqo\u011flu","author_link":"https:\/\/arantv.az\/?author=2"},"rttpg_comment":0,"rttpg_category":"<a href=\"https:\/\/arantv.az\/?cat=26\" rel=\"category\">Sosial<\/a>","rttpg_excerpt":"Bu g\u00fcn Ba\u015f nazir \u018fli \u018fs\u0259dovun s\u0259drliyi il\u0259 Nazirl\u0259r Kabineti yan\u0131nda Operativ Q\u0259rargah\u0131n n\u00f6vb\u0259ti iclas\u0131 ke\u00e7irilib. \u0130clasda Q\u0259rargah \u00fczvl\u0259ri, \u015f\u0259h\u0259r v\u0259 rayonlar\u0131n \u0130cra hakimiyy\u0259ti ba\u015f\u00e7\u0131lar\u0131 v\u0259 ba\u015f h\u0259kiml\u0259r i\u015ftirak edibl\u0259r. \u0130clas zaman\u0131 \u00f6lk\u0259d\u0259 pandemiyaya qar\u015f\u0131 m\u00fcbariz\u0259nin v\u0259ziyy\u0259ti \u2013 yoluxman\u0131n dinamikas\u0131 v\u0259 peyv\u0259ndl\u0259m\u0259 prosesinin gedi\u015fi m\u00fczakir\u0259 olunub. \u00d6lk\u0259d\u0259 peyv\u0259nd ehtiyat\u0131 il\u0259 ba\u011fl\u0131 v\u0259ziyy\u0259tin q\u0259na\u0259tb\u0259x\u015f oldu\u011fu qeyd&hellip;","_links":{"self":[{"href":"https:\/\/arantv.az\/index.php?rest_route=\/wp\/v2\/posts\/321119"}],"collection":[{"href":"https:\/\/arantv.az\/index.php?rest_route=\/wp\/v2\/posts"}],"about":[{"href":"https:\/\/arantv.az\/index.php?rest_route=\/wp\/v2\/types\/post"}],"author":[{"embeddable":true,"href":"https:\/\/arantv.az\/index.php?rest_route=\/wp\/v2\/users\/2"}],"replies":[{"embeddable":true,"href":"https:\/\/arantv.az\/index.php?rest_route=%2Fwp%2Fv2%2Fcomments&post=321119"}],"version-history":[{"count":0,"href":"https:\/\/arantv.az\/index.php?rest_route=\/wp\/v2\/posts\/321119\/revisions"}],"wp:featuredmedia":[{"embeddable":true,"href":"https:\/\/arantv.az\/index.php?rest_route=\/wp\/v2\/media\/321120"}],"wp:attachment":[{"href":"https:\/\/arantv.az\/index.php?rest_route=%2Fwp%2Fv2%2Fmedia&parent=321119"}],"wp:term":[{"taxonomy":"category","embeddable":true,"href":"https:\/\/arantv.az\/index.php?rest_route=%2Fwp%2Fv2%2Fcategories&post=321119"},{"taxonomy":"post_tag","embeddable":true,"href":"https:\/\/arantv.az\/index.php?rest_route=%2Fwp%2Fv2%2Ftags&post=321119"}],"curies":[{"name":"wp","href":"https:\/\/api.w.org\/{rel}","templated":true}]}}