{"id":321147,"date":"2021-03-31T20:24:00","date_gmt":"2021-03-31T17:24:00","guid":{"rendered":"https:\/\/arantv.az\/?p=321147"},"modified":"2021-03-31T20:24:00","modified_gmt":"2021-03-31T17:24:00","slug":"dunya-az%c9%99rbaycanlilari-soyqirimi-qurbanlarini-yad-edib-foto","status":"publish","type":"post","link":"https:\/\/arantv.az\/?p=321147","title":{"rendered":"D\u00fcnya az\u0259rbaycanl\u0131lar\u0131 soyq\u0131r\u0131m\u0131 qurbanlar\u0131n\u0131 yad edib \u2013 FOTO"},"content":{"rendered":"<p>Diasporla \u0130\u015f \u00fczr\u0259 D\u00f6vl\u0259t Komit\u0259si \u201c31 mart &#8211; Az\u0259rbaycanl\u0131lar\u0131n soyq\u0131r\u0131m\u0131 h\u0259qiq\u0259tl\u0259rinin d\u00fcnya ictimaiyy\u0259tin\u0259 \u00e7atd\u0131r\u0131lmas\u0131: h\u00fcquqi v\u0259 tarixi bax\u0131\u015f\u201d m\u00f6vzusunda beyn\u0259lxalq videokonfrans t\u0259\u015fkil edib.<\/p>\n<p>Bu bar\u0259d\u0259 Diasporla \u0130\u015f \u00fczr\u0259 D\u00f6vl\u0259t Komit\u0259si m\u0259lumat yay\u0131b.<\/p>\n<p>Bildirilib ki, 48 \u00f6lk\u0259d\u0259n 150-d\u0259n \u00e7ox soyda\u015f\u0131m\u0131z\u0131n i\u015ftirak etdiyi konfransda soyq\u0131r\u0131m\u0131 qurbanlar\u0131n\u0131n v\u0259 \u015f\u0259hidl\u0259rin xatir\u0259si ehtiramla yad edilib, soyq\u0131r\u0131m\u0131na aid video\u00e7arx n\u00fcmayi\u015f etdirilib.<\/p>\n<div id=\"AdviadNativeVideo0\" class=\"AdviadNativeVideo\"><\/div>\n<p>\u00c7\u0131x\u0131\u015f\u0131na Prezident \u0130lham \u018fliyevin \u201cB\u00fcg\u00fcnk\u00fc Erm\u0259nistan d\u00f6vl\u0259ti tarixi Az\u0259rbaycan torpaqlar\u0131nda yaran\u0131b. Bu tarixi h\u0259qiq\u0259tdir\u201d s\u00f6zl\u0259ri il\u0259 ba\u015flayan Komit\u0259 s\u0259dri Fuad Muradov soyq\u0131r\u0131m\u0131 tarixin\u0259 n\u0259z\u0259r salmaqla yana\u015f\u0131, 30 ildir i\u015f\u011fal alt\u0131nda qalan torpaqlar\u0131m\u0131z\u0131n azad olunmas\u0131, 44 g\u00fcnl\u00fck m\u00fcharib\u0259 d\u00f6n\u0259mind\u0259 apar\u0131lan informasiya sava\u015f\u0131nda diasporumuzun f\u0259all\u0131\u011f\u0131 v\u0259 f\u0259dakarl\u0131\u011f\u0131 bar\u0259d\u0259 dan\u0131\u015f\u0131b, informasiya sava\u015f\u0131nda q\u0259hr\u0259manl\u0131q g\u00f6st\u0259r\u0259n soyda\u015flar\u0131m\u0131za t\u0259\u015f\u0259kk\u00fcr\u00fcn\u00fc bildirib.<\/p>\n<p>Milli M\u0259clisin s\u0259dr m\u00fcavini, tarix \u00fczr\u0259 elml\u0259r doktoru, professor F\u0259zail \u0130brahimli \u00f6z \u00e7\u0131x\u0131\u015f\u0131nda qeyd edib ki, y\u00fcz ild\u0259n art\u0131qd\u0131r ki, soyq\u0131r\u0131ma m\u0259ruz qalan h\u0259r bir az\u0259rbaycanl\u0131n\u0131n bu g\u00fcn qisas\u0131 al\u0131n\u0131b, onlar\u0131n ruhu art\u0131q \u015fadd\u0131r. Bak\u0131 D\u00f6vl\u0259t Universitetinin h\u00fcquq fak\u00fclt\u0259sinin dekan\u0131, h\u00fcquq \u00fczr\u0259 elml\u0259r doktoru, professor \u018fmir \u018fliyev 31 mart 1918-ci il hadis\u0259l\u0259ri v\u0259 Xocal\u0131 soyq\u0131r\u0131m\u0131 bar\u0259d\u0259 m\u00fcf\u0259ss\u0259l m\u0259lumat verib, d\u00fcnyada s\u00fclh v\u0259 sabitliy\u0259 nail olmaq \u00fc\u00e7\u00fcn erm\u0259ni fa\u015fizminin beyn\u0259lxalq dair\u0259l\u0259r\u0259 \u00e7atd\u0131r\u0131lmas\u0131n\u0131n daim aktual oldu\u011funu, beyn\u0259lxalq cinay\u0259tl\u0259rin tarixinin, zaman\u0131n olmad\u0131\u011f\u0131n\u0131 v\u0259 onlar\u0131n m\u00fctl\u0259q cavab\u0131n\u0131n veril\u0259c\u0259yini diqq\u0259t\u0259 \u00e7atd\u0131r\u0131b.<\/p>\n<p>Konfransa xaricd\u0259n qo\u015fulan az\u0259rbaycanl\u0131 aliml\u0259r, i\u015f adamlar\u0131, m\u00fcxt\u0259lif sferalarda t\u0259msil olunan diaspor n\u00fcmay\u0259nd\u0259l\u0259ri il\u0259 geni\u015f fikir m\u00fcbadil\u0259si apar\u0131l\u0131b, erm\u0259nil\u0259rin v\u0259 onlar\u0131n havadarlar\u0131n\u0131n dayanmadan i\u015fl\u0259y\u0259n t\u0259bli\u011fat ma\u015f\u0131n\u0131n\u0131 susdurmaq, xalq\u0131m\u0131za qar\u015f\u0131 h\u0259yata ke\u00e7iril\u0259n d\u00fc\u015fm\u0259n\u00e7ilik siyas\u0259tinin v\u0259 t\u0259xribatlar\u0131n qar\u015f\u0131s\u0131n\u0131 almaq \u00fc\u00e7\u00fcn h\u0259r birimizin siyasi, ideoloji v\u0259 elmi c\u0259h\u0259td\u0259n haz\u0131rl\u0131ql\u0131 olmal\u0131 oldu\u011fumuz bir daha vur\u011fulan\u0131b.<\/p>\n<p>&nbsp;<\/p>\n<div class=\"gallery\">\n<div class=\"gallery-i\"><img src=\"https:\/\/cdn.oxu.az\/uploads\/W1siZiIsIjIwMjEvMDMvMzEvMTkvNDQvMzMvMGQ5NmJjYTMtNzY1OS00OGZhLWJmY2EtYzY1MDk2Y2M0NTExLzEgKDIpLmpwZyJdLFsicCIsImVuY29kZSIsImpwZyIsIi1xdWFsaXR5IDgwIl0sWyJwIiwidGh1bWIiLCI1OTB4NTkwXHUwMDNlIl1d?sha=f193b9703cd291d4\" alt=\"\" \/><\/div>\n<\/div>\n","protected":false},"excerpt":{"rendered":"<p>Diasporla \u0130\u015f \u00fczr\u0259 D\u00f6vl\u0259t Komit\u0259si \u201c31 mart &#8211; Az\u0259rbaycanl\u0131lar\u0131n soyq\u0131r\u0131m\u0131 h\u0259qiq\u0259tl\u0259rinin d\u00fcnya ictimaiyy\u0259tin\u0259 \u00e7atd\u0131r\u0131lmas\u0131: h\u00fcquqi v\u0259 tarixi bax\u0131\u015f\u201d m\u00f6vzusunda beyn\u0259lxalq videokonfrans t\u0259\u015fkil edib. Bu bar\u0259d\u0259 Diasporla \u0130\u015f \u00fczr\u0259 D\u00f6vl\u0259t Komit\u0259si m\u0259lumat yay\u0131b. Bildirilib ki, 48 \u00f6lk\u0259d\u0259n 150-d\u0259n \u00e7ox soyda\u015f\u0131m\u0131z\u0131n i\u015ftirak etdiyi konfransda soyq\u0131r\u0131m\u0131 qurbanlar\u0131n\u0131n v\u0259 \u015f\u0259hidl\u0259rin xatir\u0259si ehtiramla yad edilib, soyq\u0131r\u0131m\u0131na aid video\u00e7arx n\u00fcmayi\u015f etdirilib. \u00c7\u0131x\u0131\u015f\u0131na Prezident \u0130lham \u018fliyevin \u201cB\u00fcg\u00fcnk\u00fc Erm\u0259nistan d\u00f6vl\u0259ti tarixi Az\u0259rbaycan torpaqlar\u0131nda yaran\u0131b. Bu tarixi h\u0259qiq\u0259tdir\u201d s\u00f6zl\u0259ri il\u0259 ba\u015flayan Komit\u0259 s\u0259dri Fuad Muradov soyq\u0131r\u0131m\u0131 tarixin\u0259 n\u0259z\u0259r salmaqla yana\u015f\u0131, 30 ildir i\u015f\u011fal alt\u0131nda qalan torpaqlar\u0131m\u0131z\u0131n azad olunmas\u0131, 44&hellip;<\/p>\n","protected":false},"author":2,"featured_media":321148,"comment_status":"closed","ping_status":"closed","sticky":false,"template":"","format":"standard","meta":{"om_disable_all_campaigns":false,"_monsterinsights_skip_tracking":false,"_monsterinsights_sitenote_active":false,"_monsterinsights_sitenote_note":"","_monsterinsights_sitenote_category":0},"categories":[26],"tags":[],"aioseo_notices":[],"gutentor_comment":0,"rttpg_featured_image_url":{"full":["https:\/\/arantv.az\/wp-content\/uploads\/2021\/03\/46-35_1544785878.jpg",620,372,false],"landscape":["https:\/\/arantv.az\/wp-content\/uploads\/2021\/03\/46-35_1544785878.jpg",620,372,false],"portraits":["https:\/\/arantv.az\/wp-content\/uploads\/2021\/03\/46-35_1544785878.jpg",620,372,false],"thumbnail":["https:\/\/arantv.az\/wp-content\/uploads\/2021\/03\/46-35_1544785878-150x150.jpg",150,150,true],"medium":["https:\/\/arantv.az\/wp-content\/uploads\/2021\/03\/46-35_1544785878-300x180.jpg",300,180,true],"large":["https:\/\/arantv.az\/wp-content\/uploads\/2021\/03\/46-35_1544785878.jpg",620,372,false],"1536x1536":["https:\/\/arantv.az\/wp-content\/uploads\/2021\/03\/46-35_1544785878.jpg",620,372,false],"2048x2048":["https:\/\/arantv.az\/wp-content\/uploads\/2021\/03\/46-35_1544785878.jpg",620,372,false],"post-thumbnail":["https:\/\/arantv.az\/wp-content\/uploads\/2021\/03\/46-35_1544785878-240x172.jpg",240,172,true],"advps-thumb-one":["https:\/\/arantv.az\/wp-content\/uploads\/2021\/03\/46-35_1544785878.jpg",620,372,false]},"rttpg_author":{"display_name":"V\u00fcsal Rafiqo\u011flu","author_link":"https:\/\/arantv.az\/?author=2"},"rttpg_comment":0,"rttpg_category":"<a href=\"https:\/\/arantv.az\/?cat=26\" rel=\"category\">Sosial<\/a>","rttpg_excerpt":"Diasporla \u0130\u015f \u00fczr\u0259 D\u00f6vl\u0259t Komit\u0259si \u201c31 mart &#8211; Az\u0259rbaycanl\u0131lar\u0131n soyq\u0131r\u0131m\u0131 h\u0259qiq\u0259tl\u0259rinin d\u00fcnya ictimaiyy\u0259tin\u0259 \u00e7atd\u0131r\u0131lmas\u0131: h\u00fcquqi v\u0259 tarixi bax\u0131\u015f\u201d m\u00f6vzusunda beyn\u0259lxalq videokonfrans t\u0259\u015fkil edib. Bu bar\u0259d\u0259 Diasporla \u0130\u015f \u00fczr\u0259 D\u00f6vl\u0259t Komit\u0259si m\u0259lumat yay\u0131b. Bildirilib ki, 48 \u00f6lk\u0259d\u0259n 150-d\u0259n \u00e7ox soyda\u015f\u0131m\u0131z\u0131n i\u015ftirak etdiyi konfransda soyq\u0131r\u0131m\u0131 qurbanlar\u0131n\u0131n v\u0259 \u015f\u0259hidl\u0259rin xatir\u0259si ehtiramla yad edilib, soyq\u0131r\u0131m\u0131na aid video\u00e7arx n\u00fcmayi\u015f etdirilib.&hellip;","_links":{"self":[{"href":"https:\/\/arantv.az\/index.php?rest_route=\/wp\/v2\/posts\/321147"}],"collection":[{"href":"https:\/\/arantv.az\/index.php?rest_route=\/wp\/v2\/posts"}],"about":[{"href":"https:\/\/arantv.az\/index.php?rest_route=\/wp\/v2\/types\/post"}],"author":[{"embeddable":true,"href":"https:\/\/arantv.az\/index.php?rest_route=\/wp\/v2\/users\/2"}],"replies":[{"embeddable":true,"href":"https:\/\/arantv.az\/index.php?rest_route=%2Fwp%2Fv2%2Fcomments&post=321147"}],"version-history":[{"count":0,"href":"https:\/\/arantv.az\/index.php?rest_route=\/wp\/v2\/posts\/321147\/revisions"}],"wp:featuredmedia":[{"embeddable":true,"href":"https:\/\/arantv.az\/index.php?rest_route=\/wp\/v2\/media\/321148"}],"wp:attachment":[{"href":"https:\/\/arantv.az\/index.php?rest_route=%2Fwp%2Fv2%2Fmedia&parent=321147"}],"wp:term":[{"taxonomy":"category","embeddable":true,"href":"https:\/\/arantv.az\/index.php?rest_route=%2Fwp%2Fv2%2Fcategories&post=321147"},{"taxonomy":"post_tag","embeddable":true,"href":"https:\/\/arantv.az\/index.php?rest_route=%2Fwp%2Fv2%2Ftags&post=321147"}],"curies":[{"name":"wp","href":"https:\/\/api.w.org\/{rel}","templated":true}]}}