{"id":321205,"date":"2021-04-01T08:09:55","date_gmt":"2021-04-01T05:09:55","guid":{"rendered":"https:\/\/arantv.az\/?p=321205"},"modified":"2021-04-01T08:09:55","modified_gmt":"2021-04-01T05:09:55","slug":"aprelin-3-d%c9%99n-s%c9%99rt-karantin-rejimi-t%c9%99tbiq-edil%c9%99c%c9%99k-makron","status":"publish","type":"post","link":"https:\/\/arantv.az\/?p=321205","title":{"rendered":"&#8220;Aprelin 3-d\u0259n s\u0259rt karantin rejimi t\u0259tbiq edil\u0259c\u0259k&#8221; &#8211; Makron"},"content":{"rendered":"<p><strong>Fransa Prezidenti Emmanuel Makron xalqa m\u00fcraci\u0259ti zaman\u0131 aprelin 3-d\u0259n etibar\u0259n \u00f6lk\u0259nin b\u00fct\u00fcn b\u00f6lg\u0259l\u0259rind\u0259 s\u0259rt karantin rejiminin t\u0259tbiq edil\u0259c\u0259yini elan edib.\u00a0<\/strong><\/p>\n<p><strong>ARANTV.AZ<\/strong> APA-ya istinad\u0259n bildirir ki, rejim\u0259 uy\u011fun olaraq, b\u00fct\u00fcn t\u0259hsil m\u00fc\u0259ssis\u0259l\u0259ri \u00fc\u00e7 h\u0259ft\u0259 ba\u011flanacaq.<\/p>\n<p>Ax\u015fam saat 19:00-dan s\u0259h\u0259r 6:00-a q\u0259d\u0259r komendant saat\u0131 q\u00fcvv\u0259d\u0259 olacaq. G\u0259l\u0259n h\u0259ft\u0259d\u0259n b\u00f6lg\u0259l\u0259r aras\u0131 s\u0259yah\u0259tl\u0259r qada\u011fan edil\u0259c\u0259k. \u015e\u0259h\u0259r sakinl\u0259rin\u0259 evl\u0259rind\u0259n 10 km-d\u0259k uzaqla\u015fmas\u0131na icaz\u0259 verilir.<\/p>\n<p>Qeyd ed\u0259k ki, prezidentin f\u0259rman\u0131na \u0259sas\u0259n, m\u0259hdudla\u015fd\u0131r\u0131c\u0131 t\u0259dbirl\u0259rin \u0259m\u0259l olunmas\u0131na ciddi n\u0259zar\u0259t edil\u0259c\u0259k.<\/p>\n","protected":false},"excerpt":{"rendered":"<p>Fransa Prezidenti Emmanuel Makron xalqa m\u00fcraci\u0259ti zaman\u0131 aprelin 3-d\u0259n etibar\u0259n \u00f6lk\u0259nin b\u00fct\u00fcn b\u00f6lg\u0259l\u0259rind\u0259 s\u0259rt karantin rejiminin t\u0259tbiq edil\u0259c\u0259yini elan edib.\u00a0 ARANTV.AZ APA-ya istinad\u0259n bildirir ki, rejim\u0259 uy\u011fun olaraq, b\u00fct\u00fcn t\u0259hsil m\u00fc\u0259ssis\u0259l\u0259ri \u00fc\u00e7 h\u0259ft\u0259 ba\u011flanacaq. Ax\u015fam saat 19:00-dan s\u0259h\u0259r 6:00-a q\u0259d\u0259r komendant saat\u0131 q\u00fcvv\u0259d\u0259 olacaq. G\u0259l\u0259n h\u0259ft\u0259d\u0259n b\u00f6lg\u0259l\u0259r aras\u0131 s\u0259yah\u0259tl\u0259r qada\u011fan edil\u0259c\u0259k. \u015e\u0259h\u0259r sakinl\u0259rin\u0259 evl\u0259rind\u0259n 10 km-d\u0259k uzaqla\u015fmas\u0131na icaz\u0259 verilir. Qeyd ed\u0259k ki, prezidentin f\u0259rman\u0131na \u0259sas\u0259n, m\u0259hdudla\u015fd\u0131r\u0131c\u0131 t\u0259dbirl\u0259rin \u0259m\u0259l olunmas\u0131na ciddi n\u0259zar\u0259t edil\u0259c\u0259k.<\/p>\n","protected":false},"author":2,"featured_media":321206,"comment_status":"closed","ping_status":"closed","sticky":false,"template":"","format":"standard","meta":{"om_disable_all_campaigns":false,"_monsterinsights_skip_tracking":false,"_monsterinsights_sitenote_active":false,"_monsterinsights_sitenote_note":"","_monsterinsights_sitenote_category":0},"categories":[7],"tags":[],"aioseo_notices":[],"gutentor_comment":0,"rttpg_featured_image_url":{"full":["https:\/\/arantv.az\/wp-content\/uploads\/2021\/04\/935477.jpg",800,600,false],"landscape":["https:\/\/arantv.az\/wp-content\/uploads\/2021\/04\/935477.jpg",800,600,false],"portraits":["https:\/\/arantv.az\/wp-content\/uploads\/2021\/04\/935477.jpg",800,600,false],"thumbnail":["https:\/\/arantv.az\/wp-content\/uploads\/2021\/04\/935477-150x150.jpg",150,150,true],"medium":["https:\/\/arantv.az\/wp-content\/uploads\/2021\/04\/935477-300x225.jpg",300,225,true],"large":["https:\/\/arantv.az\/wp-content\/uploads\/2021\/04\/935477.jpg",640,480,false],"1536x1536":["https:\/\/arantv.az\/wp-content\/uploads\/2021\/04\/935477.jpg",800,600,false],"2048x2048":["https:\/\/arantv.az\/wp-content\/uploads\/2021\/04\/935477.jpg",800,600,false],"post-thumbnail":["https:\/\/arantv.az\/wp-content\/uploads\/2021\/04\/935477-240x172.jpg",240,172,true],"advps-thumb-one":["https:\/\/arantv.az\/wp-content\/uploads\/2021\/04\/935477.jpg",800,600,false]},"rttpg_author":{"display_name":"V\u00fcsal Rafiqo\u011flu","author_link":"https:\/\/arantv.az\/?author=2"},"rttpg_comment":0,"rttpg_category":"<a href=\"https:\/\/arantv.az\/?cat=7\" rel=\"category\">D\u00fcnya<\/a>","rttpg_excerpt":"Fransa Prezidenti Emmanuel Makron xalqa m\u00fcraci\u0259ti zaman\u0131 aprelin 3-d\u0259n etibar\u0259n \u00f6lk\u0259nin b\u00fct\u00fcn b\u00f6lg\u0259l\u0259rind\u0259 s\u0259rt karantin rejiminin t\u0259tbiq edil\u0259c\u0259yini elan edib.\u00a0 ARANTV.AZ APA-ya istinad\u0259n bildirir ki, rejim\u0259 uy\u011fun olaraq, b\u00fct\u00fcn t\u0259hsil m\u00fc\u0259ssis\u0259l\u0259ri \u00fc\u00e7 h\u0259ft\u0259 ba\u011flanacaq. Ax\u015fam saat 19:00-dan s\u0259h\u0259r 6:00-a q\u0259d\u0259r komendant saat\u0131 q\u00fcvv\u0259d\u0259 olacaq. G\u0259l\u0259n h\u0259ft\u0259d\u0259n b\u00f6lg\u0259l\u0259r aras\u0131 s\u0259yah\u0259tl\u0259r qada\u011fan edil\u0259c\u0259k. \u015e\u0259h\u0259r sakinl\u0259rin\u0259 evl\u0259rind\u0259n 10&hellip;","_links":{"self":[{"href":"https:\/\/arantv.az\/index.php?rest_route=\/wp\/v2\/posts\/321205"}],"collection":[{"href":"https:\/\/arantv.az\/index.php?rest_route=\/wp\/v2\/posts"}],"about":[{"href":"https:\/\/arantv.az\/index.php?rest_route=\/wp\/v2\/types\/post"}],"author":[{"embeddable":true,"href":"https:\/\/arantv.az\/index.php?rest_route=\/wp\/v2\/users\/2"}],"replies":[{"embeddable":true,"href":"https:\/\/arantv.az\/index.php?rest_route=%2Fwp%2Fv2%2Fcomments&post=321205"}],"version-history":[{"count":0,"href":"https:\/\/arantv.az\/index.php?rest_route=\/wp\/v2\/posts\/321205\/revisions"}],"wp:featuredmedia":[{"embeddable":true,"href":"https:\/\/arantv.az\/index.php?rest_route=\/wp\/v2\/media\/321206"}],"wp:attachment":[{"href":"https:\/\/arantv.az\/index.php?rest_route=%2Fwp%2Fv2%2Fmedia&parent=321205"}],"wp:term":[{"taxonomy":"category","embeddable":true,"href":"https:\/\/arantv.az\/index.php?rest_route=%2Fwp%2Fv2%2Fcategories&post=321205"},{"taxonomy":"post_tag","embeddable":true,"href":"https:\/\/arantv.az\/index.php?rest_route=%2Fwp%2Fv2%2Ftags&post=321205"}],"curies":[{"name":"wp","href":"https:\/\/api.w.org\/{rel}","templated":true}]}}