{"id":321331,"date":"2021-04-01T10:43:44","date_gmt":"2021-04-01T07:43:44","guid":{"rendered":"https:\/\/arantv.az\/?p=321331"},"modified":"2021-04-01T10:43:44","modified_gmt":"2021-04-01T07:43:44","slug":"avropa-vaksinasiya-il%c9%99-bagli-qarsiya-qoydugu-h%c9%99d%c9%99fl%c9%99rin-hec-birin%c9%99-catmayib-el-pais","status":"publish","type":"post","link":"https:\/\/arantv.az\/?p=321331","title":{"rendered":"Avropa vaksinasiya il\u0259 ba\u011fl\u0131 qar\u015f\u0131ya qoydu\u011fu h\u0259d\u0259fl\u0259rin he\u00e7 birin\u0259 \u00e7atmay\u0131b &#8211; &#8220;El Pais&#8221;"},"content":{"rendered":"<p>Avropa \u0130ttiffaq\u0131 \u0259halinin koronavirusa qar\u015f\u0131 vaksinasiyas\u0131 il\u0259 ba\u011fl\u0131 bu ilin birinci r\u00fcb\u00fc \u00fczr\u0259 qar\u015f\u0131ya qoydu\u011fu h\u0259d\u0259fl\u0259rin he\u00e7 birin\u0259 \u00e7atmay\u0131b.<\/p>\n<p><strong>ARANTV.AZ\u00a0<\/strong> <a href=\"https:\/\/az.trend.az\/\" target=\"_blank\" rel=\"noopener\">Trend<\/a>-\u0259 istinad\u0259n bildirir ki,\u00a0bu bar\u0259d\u0259 \u0130spaniyan\u0131n &#8220;El Pais&#8221; q\u0259zeti yaz\u0131r.<\/p>\n<p>Qeyd olunur ki, Br\u00fcssel mart\u0131n 31-d\u0259k A\u0130 \u0259razisind\u0259 80 ya\u015fdan yuxar\u0131 \u0259halinin v\u0259 tibb i\u015f\u00e7il\u0259rinin 80 faizini peyv\u0259ndl\u0259m\u0259yi planla\u015fd\u0131r\u0131rd\u0131.<\/p>\n<p>Q\u0259zet yaz\u0131r ki, A\u0130 he\u00e7 bir halda m\u0259qs\u0259din\u0259 \u00e7atmay\u0131b. Bu g\u00fcn\u0259d\u0259k 80 ya\u015fdan yuxar\u0131 \u0259halinin yaln\u0131z 27 faizi, tibb i\u015f\u00e7il\u0259rinin 50 faiz\u0259 yax\u0131n\u0131 peyv\u0259nd olunub.<\/p>\n<p>Eyni zamanda koronavirus vaksini dozalar\u0131n\u0131n paylanmas\u0131 \u00fczr\u0259 planla\u015fd\u0131r\u0131lan c\u0259dv\u0259l\u0259 \u0259m\u0259l olunmay\u0131b.<\/p>\n<p>Qeyd ed\u0259k ki, A\u0130 \u00f6lk\u0259l\u0259rind\u0259 vaksinasiya \u00f6t\u0259n ilin dekabr\u0131ndan ba\u015flay\u0131b. Haz\u0131rda Avropa \u0130ttifaq\u0131nda 4 koronavirus vaksini t\u0259sdiq olunub.<\/p>\n","protected":false},"excerpt":{"rendered":"<p>Avropa \u0130ttiffaq\u0131 \u0259halinin koronavirusa qar\u015f\u0131 vaksinasiyas\u0131 il\u0259 ba\u011fl\u0131 bu ilin birinci r\u00fcb\u00fc \u00fczr\u0259 qar\u015f\u0131ya qoydu\u011fu h\u0259d\u0259fl\u0259rin he\u00e7 birin\u0259 \u00e7atmay\u0131b. ARANTV.AZ\u00a0 Trend-\u0259 istinad\u0259n bildirir ki,\u00a0bu bar\u0259d\u0259 \u0130spaniyan\u0131n &#8220;El Pais&#8221; q\u0259zeti yaz\u0131r. Qeyd olunur ki, Br\u00fcssel mart\u0131n 31-d\u0259k A\u0130 \u0259razisind\u0259 80 ya\u015fdan yuxar\u0131 \u0259halinin v\u0259 tibb i\u015f\u00e7il\u0259rinin 80 faizini peyv\u0259ndl\u0259m\u0259yi planla\u015fd\u0131r\u0131rd\u0131. Q\u0259zet yaz\u0131r ki, A\u0130 he\u00e7 bir halda m\u0259qs\u0259din\u0259 \u00e7atmay\u0131b. Bu g\u00fcn\u0259d\u0259k 80 ya\u015fdan yuxar\u0131 \u0259halinin yaln\u0131z 27 faizi, tibb i\u015f\u00e7il\u0259rinin 50 faiz\u0259 yax\u0131n\u0131 peyv\u0259nd olunub. Eyni zamanda koronavirus vaksini dozalar\u0131n\u0131n paylanmas\u0131 \u00fczr\u0259 planla\u015fd\u0131r\u0131lan c\u0259dv\u0259l\u0259 \u0259m\u0259l olunmay\u0131b. Qeyd ed\u0259k ki, A\u0130 \u00f6lk\u0259l\u0259rind\u0259&hellip;<\/p>\n","protected":false},"author":2,"featured_media":321332,"comment_status":"closed","ping_status":"closed","sticky":false,"template":"","format":"standard","meta":{"om_disable_all_campaigns":false,"_monsterinsights_skip_tracking":false,"_monsterinsights_sitenote_active":false,"_monsterinsights_sitenote_note":"","_monsterinsights_sitenote_category":0},"categories":[7],"tags":[],"aioseo_notices":[],"gutentor_comment":0,"rttpg_featured_image_url":{"full":["https:\/\/arantv.az\/wp-content\/uploads\/2021\/04\/935518.jpg",800,600,false],"landscape":["https:\/\/arantv.az\/wp-content\/uploads\/2021\/04\/935518.jpg",800,600,false],"portraits":["https:\/\/arantv.az\/wp-content\/uploads\/2021\/04\/935518.jpg",800,600,false],"thumbnail":["https:\/\/arantv.az\/wp-content\/uploads\/2021\/04\/935518-150x150.jpg",150,150,true],"medium":["https:\/\/arantv.az\/wp-content\/uploads\/2021\/04\/935518-300x225.jpg",300,225,true],"large":["https:\/\/arantv.az\/wp-content\/uploads\/2021\/04\/935518.jpg",640,480,false],"1536x1536":["https:\/\/arantv.az\/wp-content\/uploads\/2021\/04\/935518.jpg",800,600,false],"2048x2048":["https:\/\/arantv.az\/wp-content\/uploads\/2021\/04\/935518.jpg",800,600,false],"post-thumbnail":["https:\/\/arantv.az\/wp-content\/uploads\/2021\/04\/935518-240x172.jpg",240,172,true],"advps-thumb-one":["https:\/\/arantv.az\/wp-content\/uploads\/2021\/04\/935518.jpg",800,600,false]},"rttpg_author":{"display_name":"V\u00fcsal Rafiqo\u011flu","author_link":"https:\/\/arantv.az\/?author=2"},"rttpg_comment":0,"rttpg_category":"<a href=\"https:\/\/arantv.az\/?cat=7\" rel=\"category\">D\u00fcnya<\/a>","rttpg_excerpt":"Avropa \u0130ttiffaq\u0131 \u0259halinin koronavirusa qar\u015f\u0131 vaksinasiyas\u0131 il\u0259 ba\u011fl\u0131 bu ilin birinci r\u00fcb\u00fc \u00fczr\u0259 qar\u015f\u0131ya qoydu\u011fu h\u0259d\u0259fl\u0259rin he\u00e7 birin\u0259 \u00e7atmay\u0131b. ARANTV.AZ\u00a0 Trend-\u0259 istinad\u0259n bildirir ki,\u00a0bu bar\u0259d\u0259 \u0130spaniyan\u0131n &#8220;El Pais&#8221; q\u0259zeti yaz\u0131r. Qeyd olunur ki, Br\u00fcssel mart\u0131n 31-d\u0259k A\u0130 \u0259razisind\u0259 80 ya\u015fdan yuxar\u0131 \u0259halinin v\u0259 tibb i\u015f\u00e7il\u0259rinin 80 faizini peyv\u0259ndl\u0259m\u0259yi planla\u015fd\u0131r\u0131rd\u0131. Q\u0259zet yaz\u0131r ki, A\u0130 he\u00e7 bir&hellip;","_links":{"self":[{"href":"https:\/\/arantv.az\/index.php?rest_route=\/wp\/v2\/posts\/321331"}],"collection":[{"href":"https:\/\/arantv.az\/index.php?rest_route=\/wp\/v2\/posts"}],"about":[{"href":"https:\/\/arantv.az\/index.php?rest_route=\/wp\/v2\/types\/post"}],"author":[{"embeddable":true,"href":"https:\/\/arantv.az\/index.php?rest_route=\/wp\/v2\/users\/2"}],"replies":[{"embeddable":true,"href":"https:\/\/arantv.az\/index.php?rest_route=%2Fwp%2Fv2%2Fcomments&post=321331"}],"version-history":[{"count":0,"href":"https:\/\/arantv.az\/index.php?rest_route=\/wp\/v2\/posts\/321331\/revisions"}],"wp:featuredmedia":[{"embeddable":true,"href":"https:\/\/arantv.az\/index.php?rest_route=\/wp\/v2\/media\/321332"}],"wp:attachment":[{"href":"https:\/\/arantv.az\/index.php?rest_route=%2Fwp%2Fv2%2Fmedia&parent=321331"}],"wp:term":[{"taxonomy":"category","embeddable":true,"href":"https:\/\/arantv.az\/index.php?rest_route=%2Fwp%2Fv2%2Fcategories&post=321331"},{"taxonomy":"post_tag","embeddable":true,"href":"https:\/\/arantv.az\/index.php?rest_route=%2Fwp%2Fv2%2Ftags&post=321331"}],"curies":[{"name":"wp","href":"https:\/\/api.w.org\/{rel}","templated":true}]}}