{"id":321340,"date":"2021-04-01T10:47:36","date_gmt":"2021-04-01T07:47:36","guid":{"rendered":"https:\/\/arantv.az\/?p=321340"},"modified":"2021-04-01T10:47:36","modified_gmt":"2021-04-01T07:47:36","slug":"naxcivanda-televiziya-v%c9%99-radio-verilisl%c9%99ri-qsc-y%c9%99-s%c9%99dr-t%c9%99yin-edildi","status":"publish","type":"post","link":"https:\/\/arantv.az\/?p=321340","title":{"rendered":"Nax\u00e7\u0131vanda Televiziya v\u0259 Radio Verili\u015fl\u0259ri QSC-y\u0259 s\u0259dr t\u0259yin edildi"},"content":{"rendered":"<p>Nax\u00e7\u0131van Muxtar Respublikas\u0131 Ali M\u0259clisinin S\u0259dri Vasif Tal\u0131bov aprelin 1-d\u0259 Sahil Tahirlinin \u201cNax\u00e7\u0131van Muxtar Respublikas\u0131 Televiziya v\u0259 Radio Verili\u015fl\u0259ri\u201d Qapal\u0131 S\u0259hmdar C\u0259miyy\u0259tinin s\u0259dri t\u0259yin edilm\u0259si haqq\u0131nda F\u0259rman imzalay\u0131b.<\/p>\n<p>Bu bar\u0259d\u0259\u00a0\u201cNuh\u00e7\u0131xan \u0130nformasiya Agentliyi\u201d m\u0259lumat yay\u0131b.<\/p>\n<p>Qeyd ed\u0259k ki, Nax\u00e7\u0131van Muxtar Respublikas\u0131 Ali M\u0259clisinin S\u0259dri Vasif Tal\u0131bov mart\u0131n 17-d\u0259 Nax\u00e7\u0131van Muxtar Respublikas\u0131 D\u00f6vl\u0259t Televiziya v\u0259 Radio Verili\u015fl\u0259ri Komit\u0259sinin \u0259sas\u0131nda \u201cNax\u00e7\u0131van Muxtar Respublikas\u0131 Televiziya v\u0259 Radio Verili\u015fl\u0259ri\u201d Qapal\u0131 S\u0259hmdar C\u0259miyy\u0259tinin yarad\u0131lmas\u0131 haqq\u0131nda F\u0259rman imzalay\u0131b. Sahil Tahirli bug\u00fcnk\u00fc\u00a0t\u0259yinatad\u0259k Nax\u00e7\u0131van Muxtar Respublikas\u0131 D\u00f6vl\u0259t Televiziya v\u0259 Radio Verili\u015fl\u0259ri Komit\u0259sinin s\u0259dri v\u0259zif\u0259sind\u0259 \u00e7al\u0131\u015f\u0131b.<\/p>\n<p>O, 2006-c\u0131 ild\u0259 \u201c\u015e\u0259rq qap\u0131s\u0131\u201d q\u0259zeti redaksiyas\u0131nda \u0130ctimai-Siyasi M\u0259s\u0259l\u0259l\u0259r \u015e\u00f6b\u0259sinin m\u00fcdiri v\u0259zif\u0259sind\u0259 i\u015fl\u0259yib. 2006-2007-ci ill\u0259rd\u0259 Nax\u00e7\u0131van Muxtar Respublikas\u0131 Ali M\u0259clisi Aparat\u0131n\u0131n M\u0259tbuat v\u0259 \u0130ctimaiyy\u0259tl\u0259 \u018flaq\u0259l\u0259r \u015e\u00f6b\u0259sind\u0259 m\u0259sl\u0259h\u0259t\u00e7i, 2007-ci ild\u0259n 2011-ci il\u0259d\u0259k Nax\u00e7\u0131van Muxtar Respublikas\u0131n\u0131n Televiziya v\u0259 Radio \u015euras\u0131n\u0131n s\u0259dri v\u0259zif\u0259sind\u0259 \u00e7al\u0131\u015f\u0131b.<\/p>\n<p>2011-ci ild\u0259 Nax\u00e7\u0131van Muxtar Respublikas\u0131 Ali M\u0259clisi Aparat\u0131n\u0131n M\u0259tbuat v\u0259 \u0130ctimaiyy\u0259tl\u0259 \u018flaq\u0259l\u0259r \u015e\u00f6b\u0259sinin m\u00fcdiri t\u0259yin edilib. 27 mart 2013-c\u00fc ild\u0259n Nax\u00e7\u0131van Muxtar Respublikas\u0131 D\u00f6vl\u0259t Televiziya v\u0259 Radio Verili\u015fl\u0259ri Komit\u0259sinin s\u0259dri v\u0259zif\u0259sind\u0259 \u00e7al\u0131\u015f\u0131b.<\/p>\n","protected":false},"excerpt":{"rendered":"<p>Nax\u00e7\u0131van Muxtar Respublikas\u0131 Ali M\u0259clisinin S\u0259dri Vasif Tal\u0131bov aprelin 1-d\u0259 Sahil Tahirlinin \u201cNax\u00e7\u0131van Muxtar Respublikas\u0131 Televiziya v\u0259 Radio Verili\u015fl\u0259ri\u201d Qapal\u0131 S\u0259hmdar C\u0259miyy\u0259tinin s\u0259dri t\u0259yin edilm\u0259si haqq\u0131nda F\u0259rman imzalay\u0131b. Bu bar\u0259d\u0259\u00a0\u201cNuh\u00e7\u0131xan \u0130nformasiya Agentliyi\u201d m\u0259lumat yay\u0131b. Qeyd ed\u0259k ki, Nax\u00e7\u0131van Muxtar Respublikas\u0131 Ali M\u0259clisinin S\u0259dri Vasif Tal\u0131bov mart\u0131n 17-d\u0259 Nax\u00e7\u0131van Muxtar Respublikas\u0131 D\u00f6vl\u0259t Televiziya v\u0259 Radio Verili\u015fl\u0259ri Komit\u0259sinin \u0259sas\u0131nda \u201cNax\u00e7\u0131van Muxtar Respublikas\u0131 Televiziya v\u0259 Radio Verili\u015fl\u0259ri\u201d Qapal\u0131 S\u0259hmdar C\u0259miyy\u0259tinin yarad\u0131lmas\u0131 haqq\u0131nda F\u0259rman imzalay\u0131b. Sahil Tahirli bug\u00fcnk\u00fc\u00a0t\u0259yinatad\u0259k Nax\u00e7\u0131van Muxtar Respublikas\u0131 D\u00f6vl\u0259t Televiziya v\u0259 Radio Verili\u015fl\u0259ri Komit\u0259sinin s\u0259dri v\u0259zif\u0259sind\u0259 \u00e7al\u0131\u015f\u0131b. O, 2006-c\u0131 ild\u0259 \u201c\u015e\u0259rq&hellip;<\/p>\n","protected":false},"author":2,"featured_media":321341,"comment_status":"closed","ping_status":"closed","sticky":false,"template":"","format":"standard","meta":{"om_disable_all_campaigns":false,"_monsterinsights_skip_tracking":false,"_monsterinsights_sitenote_active":false,"_monsterinsights_sitenote_note":"","_monsterinsights_sitenote_category":0},"categories":[26],"tags":[],"aioseo_notices":[],"gutentor_comment":0,"rttpg_featured_image_url":{"full":["https:\/\/arantv.az\/wp-content\/uploads\/2021\/04\/409257661.jpg",620,335,false],"landscape":["https:\/\/arantv.az\/wp-content\/uploads\/2021\/04\/409257661.jpg",620,335,false],"portraits":["https:\/\/arantv.az\/wp-content\/uploads\/2021\/04\/409257661.jpg",620,335,false],"thumbnail":["https:\/\/arantv.az\/wp-content\/uploads\/2021\/04\/409257661-150x150.jpg",150,150,true],"medium":["https:\/\/arantv.az\/wp-content\/uploads\/2021\/04\/409257661-300x162.jpg",300,162,true],"large":["https:\/\/arantv.az\/wp-content\/uploads\/2021\/04\/409257661.jpg",620,335,false],"1536x1536":["https:\/\/arantv.az\/wp-content\/uploads\/2021\/04\/409257661.jpg",620,335,false],"2048x2048":["https:\/\/arantv.az\/wp-content\/uploads\/2021\/04\/409257661.jpg",620,335,false],"post-thumbnail":["https:\/\/arantv.az\/wp-content\/uploads\/2021\/04\/409257661-240x172.jpg",240,172,true],"advps-thumb-one":["https:\/\/arantv.az\/wp-content\/uploads\/2021\/04\/409257661.jpg",620,335,false]},"rttpg_author":{"display_name":"V\u00fcsal Rafiqo\u011flu","author_link":"https:\/\/arantv.az\/?author=2"},"rttpg_comment":0,"rttpg_category":"<a href=\"https:\/\/arantv.az\/?cat=26\" rel=\"category\">Sosial<\/a>","rttpg_excerpt":"Nax\u00e7\u0131van Muxtar Respublikas\u0131 Ali M\u0259clisinin S\u0259dri Vasif Tal\u0131bov aprelin 1-d\u0259 Sahil Tahirlinin \u201cNax\u00e7\u0131van Muxtar Respublikas\u0131 Televiziya v\u0259 Radio Verili\u015fl\u0259ri\u201d Qapal\u0131 S\u0259hmdar C\u0259miyy\u0259tinin s\u0259dri t\u0259yin edilm\u0259si haqq\u0131nda F\u0259rman imzalay\u0131b. Bu bar\u0259d\u0259\u00a0\u201cNuh\u00e7\u0131xan \u0130nformasiya Agentliyi\u201d m\u0259lumat yay\u0131b. Qeyd ed\u0259k ki, Nax\u00e7\u0131van Muxtar Respublikas\u0131 Ali M\u0259clisinin S\u0259dri Vasif Tal\u0131bov mart\u0131n 17-d\u0259 Nax\u00e7\u0131van Muxtar Respublikas\u0131 D\u00f6vl\u0259t Televiziya v\u0259 Radio Verili\u015fl\u0259ri&hellip;","_links":{"self":[{"href":"https:\/\/arantv.az\/index.php?rest_route=\/wp\/v2\/posts\/321340"}],"collection":[{"href":"https:\/\/arantv.az\/index.php?rest_route=\/wp\/v2\/posts"}],"about":[{"href":"https:\/\/arantv.az\/index.php?rest_route=\/wp\/v2\/types\/post"}],"author":[{"embeddable":true,"href":"https:\/\/arantv.az\/index.php?rest_route=\/wp\/v2\/users\/2"}],"replies":[{"embeddable":true,"href":"https:\/\/arantv.az\/index.php?rest_route=%2Fwp%2Fv2%2Fcomments&post=321340"}],"version-history":[{"count":0,"href":"https:\/\/arantv.az\/index.php?rest_route=\/wp\/v2\/posts\/321340\/revisions"}],"wp:featuredmedia":[{"embeddable":true,"href":"https:\/\/arantv.az\/index.php?rest_route=\/wp\/v2\/media\/321341"}],"wp:attachment":[{"href":"https:\/\/arantv.az\/index.php?rest_route=%2Fwp%2Fv2%2Fmedia&parent=321340"}],"wp:term":[{"taxonomy":"category","embeddable":true,"href":"https:\/\/arantv.az\/index.php?rest_route=%2Fwp%2Fv2%2Fcategories&post=321340"},{"taxonomy":"post_tag","embeddable":true,"href":"https:\/\/arantv.az\/index.php?rest_route=%2Fwp%2Fv2%2Ftags&post=321340"}],"curies":[{"name":"wp","href":"https:\/\/api.w.org\/{rel}","templated":true}]}}