{"id":321349,"date":"2021-04-01T10:57:14","date_gmt":"2021-04-01T07:57:14","guid":{"rendered":"https:\/\/arantv.az\/?p=321349"},"modified":"2021-04-01T10:57:14","modified_gmt":"2021-04-01T07:57:14","slug":"vasif-talibov-sob%c9%99-mudirini-isd%c9%99n-cixardi","status":"publish","type":"post","link":"https:\/\/arantv.az\/?p=321349","title":{"rendered":"Vasif Tal\u0131bov \u015f\u00f6b\u0259 m\u00fcdirini i\u015fd\u0259n \u00e7\u0131xard\u0131"},"content":{"rendered":"<p>Nax\u00e7\u0131van Muxtar Respublikas\u0131 Ali M\u0259clisi Aparat\u0131n\u0131n Humanitar siyas\u0259t m\u0259s\u0259l\u0259l\u0259ri v\u0259 ictimai t\u0259\u015fkilatlarla i\u015f \u015f\u00f6b\u0259sinin m\u00fcdiri i\u015fd\u0259n \u00e7\u0131xar\u0131l\u0131b.<\/p>\n<div id=\"AdviadNativeVideo0\" class=\"AdviadNativeVideo\"><\/div>\n<p><strong>ARANTV.AZ\u00a0<\/strong> x\u0259b\u0259r verir ki, bununla ba\u011fl\u0131 Ali M\u0259clisin s\u0259dri Vasif Tal\u0131bov s\u0259r\u0259ncam imzalay\u0131b.<\/p>\n<p>S\u0259r\u0259ncama \u0259sas\u0259n, Sur\u0259 Namidar q\u0131z\u0131 Seyid Ali M\u0259clis Aparat\u0131n\u0131n Humanitar siyas\u0259t m\u0259s\u0259l\u0259l\u0259ri v\u0259 ictimai t\u0259\u015fkilatlarla i\u015f \u015f\u00f6b\u0259sinin m\u00fcdiri v\u0259zif\u0259sind\u0259n azad edilib.\u201cReport\u201d<\/p>\n","protected":false},"excerpt":{"rendered":"<p>Nax\u00e7\u0131van Muxtar Respublikas\u0131 Ali M\u0259clisi Aparat\u0131n\u0131n Humanitar siyas\u0259t m\u0259s\u0259l\u0259l\u0259ri v\u0259 ictimai t\u0259\u015fkilatlarla i\u015f \u015f\u00f6b\u0259sinin m\u00fcdiri i\u015fd\u0259n \u00e7\u0131xar\u0131l\u0131b. ARANTV.AZ\u00a0 x\u0259b\u0259r verir ki, bununla ba\u011fl\u0131 Ali M\u0259clisin s\u0259dri Vasif Tal\u0131bov s\u0259r\u0259ncam imzalay\u0131b. S\u0259r\u0259ncama \u0259sas\u0259n, Sur\u0259 Namidar q\u0131z\u0131 Seyid Ali M\u0259clis Aparat\u0131n\u0131n Humanitar siyas\u0259t m\u0259s\u0259l\u0259l\u0259ri v\u0259 ictimai t\u0259\u015fkilatlarla i\u015f \u015f\u00f6b\u0259sinin m\u00fcdiri v\u0259zif\u0259sind\u0259n azad edilib.\u201cReport\u201d<\/p>\n","protected":false},"author":2,"featured_media":321350,"comment_status":"closed","ping_status":"closed","sticky":false,"template":"","format":"standard","meta":{"om_disable_all_campaigns":false,"_monsterinsights_skip_tracking":false,"_monsterinsights_sitenote_active":false,"_monsterinsights_sitenote_note":"","_monsterinsights_sitenote_category":0},"categories":[26],"tags":[],"aioseo_notices":[],"gutentor_comment":0,"rttpg_featured_image_url":{"full":["https:\/\/arantv.az\/wp-content\/uploads\/2021\/04\/president_080414_16.jpg",620,452,false],"landscape":["https:\/\/arantv.az\/wp-content\/uploads\/2021\/04\/president_080414_16.jpg",620,452,false],"portraits":["https:\/\/arantv.az\/wp-content\/uploads\/2021\/04\/president_080414_16.jpg",620,452,false],"thumbnail":["https:\/\/arantv.az\/wp-content\/uploads\/2021\/04\/president_080414_16-150x150.jpg",150,150,true],"medium":["https:\/\/arantv.az\/wp-content\/uploads\/2021\/04\/president_080414_16-300x219.jpg",300,219,true],"large":["https:\/\/arantv.az\/wp-content\/uploads\/2021\/04\/president_080414_16.jpg",620,452,false],"1536x1536":["https:\/\/arantv.az\/wp-content\/uploads\/2021\/04\/president_080414_16.jpg",620,452,false],"2048x2048":["https:\/\/arantv.az\/wp-content\/uploads\/2021\/04\/president_080414_16.jpg",620,452,false],"post-thumbnail":["https:\/\/arantv.az\/wp-content\/uploads\/2021\/04\/president_080414_16-240x172.jpg",240,172,true],"advps-thumb-one":["https:\/\/arantv.az\/wp-content\/uploads\/2021\/04\/president_080414_16.jpg",620,452,false]},"rttpg_author":{"display_name":"V\u00fcsal Rafiqo\u011flu","author_link":"https:\/\/arantv.az\/?author=2"},"rttpg_comment":0,"rttpg_category":"<a href=\"https:\/\/arantv.az\/?cat=26\" rel=\"category\">Sosial<\/a>","rttpg_excerpt":"Nax\u00e7\u0131van Muxtar Respublikas\u0131 Ali M\u0259clisi Aparat\u0131n\u0131n Humanitar siyas\u0259t m\u0259s\u0259l\u0259l\u0259ri v\u0259 ictimai t\u0259\u015fkilatlarla i\u015f \u015f\u00f6b\u0259sinin m\u00fcdiri i\u015fd\u0259n \u00e7\u0131xar\u0131l\u0131b. ARANTV.AZ\u00a0 x\u0259b\u0259r verir ki, bununla ba\u011fl\u0131 Ali M\u0259clisin s\u0259dri Vasif Tal\u0131bov s\u0259r\u0259ncam imzalay\u0131b. S\u0259r\u0259ncama \u0259sas\u0259n, Sur\u0259 Namidar q\u0131z\u0131 Seyid Ali M\u0259clis Aparat\u0131n\u0131n Humanitar siyas\u0259t m\u0259s\u0259l\u0259l\u0259ri v\u0259 ictimai t\u0259\u015fkilatlarla i\u015f \u015f\u00f6b\u0259sinin m\u00fcdiri v\u0259zif\u0259sind\u0259n azad edilib.\u201cReport\u201d","_links":{"self":[{"href":"https:\/\/arantv.az\/index.php?rest_route=\/wp\/v2\/posts\/321349"}],"collection":[{"href":"https:\/\/arantv.az\/index.php?rest_route=\/wp\/v2\/posts"}],"about":[{"href":"https:\/\/arantv.az\/index.php?rest_route=\/wp\/v2\/types\/post"}],"author":[{"embeddable":true,"href":"https:\/\/arantv.az\/index.php?rest_route=\/wp\/v2\/users\/2"}],"replies":[{"embeddable":true,"href":"https:\/\/arantv.az\/index.php?rest_route=%2Fwp%2Fv2%2Fcomments&post=321349"}],"version-history":[{"count":0,"href":"https:\/\/arantv.az\/index.php?rest_route=\/wp\/v2\/posts\/321349\/revisions"}],"wp:featuredmedia":[{"embeddable":true,"href":"https:\/\/arantv.az\/index.php?rest_route=\/wp\/v2\/media\/321350"}],"wp:attachment":[{"href":"https:\/\/arantv.az\/index.php?rest_route=%2Fwp%2Fv2%2Fmedia&parent=321349"}],"wp:term":[{"taxonomy":"category","embeddable":true,"href":"https:\/\/arantv.az\/index.php?rest_route=%2Fwp%2Fv2%2Fcategories&post=321349"},{"taxonomy":"post_tag","embeddable":true,"href":"https:\/\/arantv.az\/index.php?rest_route=%2Fwp%2Fv2%2Ftags&post=321349"}],"curies":[{"name":"wp","href":"https:\/\/api.w.org\/{rel}","templated":true}]}}