{"id":321352,"date":"2021-04-01T11:03:11","date_gmt":"2021-04-01T08:03:11","guid":{"rendered":"https:\/\/arantv.az\/?p=321352"},"modified":"2021-04-01T11:03:11","modified_gmt":"2021-04-01T08:03:11","slug":"bas-nazird%c9%99n-%c9%99rzaq-balansinin-t%c9%99rtib-olunmasi-il%c9%99-bagli-q%c9%99rar","status":"publish","type":"post","link":"https:\/\/arantv.az\/?p=321352","title":{"rendered":"Ba\u015f nazird\u0259n \u0259rzaq balans\u0131n\u0131n t\u0259rtib olunmas\u0131 il\u0259 ba\u011fl\u0131 &#8211; Q\u018fRAR"},"content":{"rendered":"<p>\u201c\u018frzaq balans\u0131n\u0131n t\u0259rtib olunmas\u0131 Qaydas\u0131\u201d v\u0259 \u201c\u018frzaq balans\u0131n\u0131n t\u0259rtibi mexanizminin t\u0259kmill\u0259\u015fdirilm\u0259si il\u0259 ba\u011fl\u0131 T\u0259dbirl\u0259r Plan\u0131\u201d t\u0259sdiq edilib.<\/p>\n<p><strong>ARANTV.AZ<\/strong>-\u0131n m\u0259lumat\u0131na g\u00f6r\u0259, bununla ba\u011fl\u0131 Ba\u015f nazir \u018fli \u018fs\u0259dov m\u00fcvafiq\u00a0<a href=\"https:\/\/nk.gov.az\/az\/document\/5229\/\" target=\"_blank\" rel=\"noopener\">q\u0259rar<\/a>\u00a0imzalay\u0131b.<\/p>\n<p>Q\u0259rarla \u0259rzaq balans\u0131n\u0131n t\u0259rtib olunmas\u0131 qaydas\u0131 yeni t\u0259l\u0259bl\u0259r\u0259 uy\u011funla\u015fd\u0131r\u0131l\u0131b v\u0259 t\u0259dbirl\u0259r plan\u0131 \u00fczr\u0259 \u0259rzaq balans\u0131n\u0131n t\u0259rtib olunmas\u0131 mexanizminin t\u0259kmill\u0259\u015fdirilm\u0259si n\u0259z\u0259rd\u0259 tutulub.<\/p>\n<p>H\u0259m\u00e7inin beyn\u0259lxalq t\u0259cr\u00fcb\u0259 \u0259sas\u0131nda \u0259rzaq balans\u0131n\u0131n hesablanmas\u0131 metodologiyas\u0131n\u0131n, istehsal, idxal v\u0259 ixrac olunan bu\u011fdan\u0131n t\u0259yinat\u0131 v\u0259 sinifl\u0259r \u00fczr\u0259 b\u00f6lg\u00fcs\u00fc bar\u0259d\u0259 d\u0259qiq m\u0259lumatlar\u0131 \u0259ld\u0259 etm\u0259k m\u0259qs\u0259dil\u0259 m\u00f6vcud t\u0259snifat sisteml\u0259rinin t\u0259kmill\u0259\u015fdirilm\u0259si, \u201cElektron K\u0259nd T\u0259s\u0259rr\u00fcfat\u0131 \u0130nformasiya Sistemi\u201d vasit\u0259sil\u0259 bu\u011fdan\u0131n istehsal\u0131 v\u0259 anbar qal\u0131qlar\u0131 bar\u0259d\u0259 m\u0259lumatlar\u0131n d\u0259qiql\u0259\u015fdirilm\u0259si il\u0259 ba\u011fl\u0131 m\u00fcvafiq t\u0259dbirl\u0259r h\u0259yata ke\u00e7iril\u0259c\u0259k.<\/p>\n<p>Bununla da \u00f6lk\u0259nin \u0259rzaq t\u0259hl\u00fck\u0259sizliyinin t\u0259min olunmas\u0131 sah\u0259sind\u0259 istifad\u0259 olunan m\u0259lumatlar\u0131n keyfiyy\u0259tinin daha da art\u0131r\u0131lmas\u0131 hesab\u0131na \u0259rzaq m\u0259hsullar\u0131n\u0131n istehsal\u0131 v\u0259 t\u0259chizat\u0131 il\u0259 ba\u011fl\u0131 effektiv q\u0259rarlar\u0131n q\u0259bul edilm\u0259sin\u0259 imkan yaradacaq.<\/p>\n<p>Qeyd ed\u0259k ki, \u201c\u018frzaq balans\u0131n\u0131n t\u0259rtib olunmas\u0131 Qaydas\u0131\u201dn\u0131n t\u0259sdiq edilm\u0259si haqq\u0131nda\u201d Nazirl\u0259r Kabinetinin 2009-cu il 20 noyabr tarixli 181 n\u00f6mr\u0259li q\u0259rar\u0131 is\u0259 l\u0259\u011fv edilib.<\/p>\n","protected":false},"excerpt":{"rendered":"<p>\u201c\u018frzaq balans\u0131n\u0131n t\u0259rtib olunmas\u0131 Qaydas\u0131\u201d v\u0259 \u201c\u018frzaq balans\u0131n\u0131n t\u0259rtibi mexanizminin t\u0259kmill\u0259\u015fdirilm\u0259si il\u0259 ba\u011fl\u0131 T\u0259dbirl\u0259r Plan\u0131\u201d t\u0259sdiq edilib. ARANTV.AZ-\u0131n m\u0259lumat\u0131na g\u00f6r\u0259, bununla ba\u011fl\u0131 Ba\u015f nazir \u018fli \u018fs\u0259dov m\u00fcvafiq\u00a0q\u0259rar\u00a0imzalay\u0131b. Q\u0259rarla \u0259rzaq balans\u0131n\u0131n t\u0259rtib olunmas\u0131 qaydas\u0131 yeni t\u0259l\u0259bl\u0259r\u0259 uy\u011funla\u015fd\u0131r\u0131l\u0131b v\u0259 t\u0259dbirl\u0259r plan\u0131 \u00fczr\u0259 \u0259rzaq balans\u0131n\u0131n t\u0259rtib olunmas\u0131 mexanizminin t\u0259kmill\u0259\u015fdirilm\u0259si n\u0259z\u0259rd\u0259 tutulub. H\u0259m\u00e7inin beyn\u0259lxalq t\u0259cr\u00fcb\u0259 \u0259sas\u0131nda \u0259rzaq balans\u0131n\u0131n hesablanmas\u0131 metodologiyas\u0131n\u0131n, istehsal, idxal v\u0259 ixrac olunan bu\u011fdan\u0131n t\u0259yinat\u0131 v\u0259 sinifl\u0259r \u00fczr\u0259 b\u00f6lg\u00fcs\u00fc bar\u0259d\u0259 d\u0259qiq m\u0259lumatlar\u0131 \u0259ld\u0259 etm\u0259k m\u0259qs\u0259dil\u0259 m\u00f6vcud t\u0259snifat sisteml\u0259rinin t\u0259kmill\u0259\u015fdirilm\u0259si, \u201cElektron K\u0259nd T\u0259s\u0259rr\u00fcfat\u0131 \u0130nformasiya Sistemi\u201d vasit\u0259sil\u0259 bu\u011fdan\u0131n istehsal\u0131 v\u0259 anbar qal\u0131qlar\u0131 bar\u0259d\u0259 m\u0259lumatlar\u0131n&hellip;<\/p>\n","protected":false},"author":2,"featured_media":321353,"comment_status":"closed","ping_status":"closed","sticky":false,"template":"","format":"standard","meta":{"om_disable_all_campaigns":false,"_monsterinsights_skip_tracking":false,"_monsterinsights_sitenote_active":false,"_monsterinsights_sitenote_note":"","_monsterinsights_sitenote_category":0},"categories":[19],"tags":[],"aioseo_notices":[],"gutentor_comment":0,"rttpg_featured_image_url":{"full":["https:\/\/arantv.az\/wp-content\/uploads\/2021\/04\/ali.jpg",620,404,false],"landscape":["https:\/\/arantv.az\/wp-content\/uploads\/2021\/04\/ali.jpg",620,404,false],"portraits":["https:\/\/arantv.az\/wp-content\/uploads\/2021\/04\/ali.jpg",620,404,false],"thumbnail":["https:\/\/arantv.az\/wp-content\/uploads\/2021\/04\/ali-150x150.jpg",150,150,true],"medium":["https:\/\/arantv.az\/wp-content\/uploads\/2021\/04\/ali-300x195.jpg",300,195,true],"large":["https:\/\/arantv.az\/wp-content\/uploads\/2021\/04\/ali.jpg",620,404,false],"1536x1536":["https:\/\/arantv.az\/wp-content\/uploads\/2021\/04\/ali.jpg",620,404,false],"2048x2048":["https:\/\/arantv.az\/wp-content\/uploads\/2021\/04\/ali.jpg",620,404,false],"post-thumbnail":["https:\/\/arantv.az\/wp-content\/uploads\/2021\/04\/ali-240x172.jpg",240,172,true],"advps-thumb-one":["https:\/\/arantv.az\/wp-content\/uploads\/2021\/04\/ali.jpg",620,404,false]},"rttpg_author":{"display_name":"V\u00fcsal Rafiqo\u011flu","author_link":"https:\/\/arantv.az\/?author=2"},"rttpg_comment":0,"rttpg_category":"<a href=\"https:\/\/arantv.az\/?cat=19\" rel=\"category\">G\u00fcnd\u0259m<\/a>","rttpg_excerpt":"\u201c\u018frzaq balans\u0131n\u0131n t\u0259rtib olunmas\u0131 Qaydas\u0131\u201d v\u0259 \u201c\u018frzaq balans\u0131n\u0131n t\u0259rtibi mexanizminin t\u0259kmill\u0259\u015fdirilm\u0259si il\u0259 ba\u011fl\u0131 T\u0259dbirl\u0259r Plan\u0131\u201d t\u0259sdiq edilib. ARANTV.AZ-\u0131n m\u0259lumat\u0131na g\u00f6r\u0259, bununla ba\u011fl\u0131 Ba\u015f nazir \u018fli \u018fs\u0259dov m\u00fcvafiq\u00a0q\u0259rar\u00a0imzalay\u0131b. Q\u0259rarla \u0259rzaq balans\u0131n\u0131n t\u0259rtib olunmas\u0131 qaydas\u0131 yeni t\u0259l\u0259bl\u0259r\u0259 uy\u011funla\u015fd\u0131r\u0131l\u0131b v\u0259 t\u0259dbirl\u0259r plan\u0131 \u00fczr\u0259 \u0259rzaq balans\u0131n\u0131n t\u0259rtib olunmas\u0131 mexanizminin t\u0259kmill\u0259\u015fdirilm\u0259si n\u0259z\u0259rd\u0259 tutulub. H\u0259m\u00e7inin beyn\u0259lxalq t\u0259cr\u00fcb\u0259 \u0259sas\u0131nda \u0259rzaq balans\u0131n\u0131n hesablanmas\u0131&hellip;","_links":{"self":[{"href":"https:\/\/arantv.az\/index.php?rest_route=\/wp\/v2\/posts\/321352"}],"collection":[{"href":"https:\/\/arantv.az\/index.php?rest_route=\/wp\/v2\/posts"}],"about":[{"href":"https:\/\/arantv.az\/index.php?rest_route=\/wp\/v2\/types\/post"}],"author":[{"embeddable":true,"href":"https:\/\/arantv.az\/index.php?rest_route=\/wp\/v2\/users\/2"}],"replies":[{"embeddable":true,"href":"https:\/\/arantv.az\/index.php?rest_route=%2Fwp%2Fv2%2Fcomments&post=321352"}],"version-history":[{"count":0,"href":"https:\/\/arantv.az\/index.php?rest_route=\/wp\/v2\/posts\/321352\/revisions"}],"wp:featuredmedia":[{"embeddable":true,"href":"https:\/\/arantv.az\/index.php?rest_route=\/wp\/v2\/media\/321353"}],"wp:attachment":[{"href":"https:\/\/arantv.az\/index.php?rest_route=%2Fwp%2Fv2%2Fmedia&parent=321352"}],"wp:term":[{"taxonomy":"category","embeddable":true,"href":"https:\/\/arantv.az\/index.php?rest_route=%2Fwp%2Fv2%2Fcategories&post=321352"},{"taxonomy":"post_tag","embeddable":true,"href":"https:\/\/arantv.az\/index.php?rest_route=%2Fwp%2Fv2%2Ftags&post=321352"}],"curies":[{"name":"wp","href":"https:\/\/api.w.org\/{rel}","templated":true}]}}