{"id":321359,"date":"2021-04-01T11:06:45","date_gmt":"2021-04-01T08:06:45","guid":{"rendered":"https:\/\/arantv.az\/?p=321359"},"modified":"2021-04-01T11:06:45","modified_gmt":"2021-04-01T08:06:45","slug":"prezident-ilham-%c9%99liyev-rusiya-hokum%c9%99ti-s%c9%99drinin-muavinini-q%c9%99bul-edib","status":"publish","type":"post","link":"https:\/\/arantv.az\/?p=321359","title":{"rendered":"Prezident \u0130lham \u018fliyev Rusiya H\u00f6kum\u0259ti s\u0259drinin m\u00fcavinini q\u0259bul edib"},"content":{"rendered":"<p>Az\u0259rbaycan Respublikas\u0131n\u0131n Prezidenti \u0130lham \u018fliyev aprelin 1-d\u0259 Rusiya Federasiyas\u0131 H\u00f6kum\u0259ti s\u0259drinin m\u00fcavini Aleksey Over\u00e7uku q\u0259bul edib.<\/p>\n<p><strong>ARANTV.AZ\u00a0<\/strong> x\u0259b\u0259r verir ki, Rusiya H\u00f6kum\u0259ti s\u0259drinin m\u00fcavinini salamlayan <strong>Prezident\u00a0\u0130lham \u018fliyev\u00a0dedi:<\/strong><\/p>\n<p>&#8211; Sizi yenid\u0259n g\u00f6rm\u0259yim\u0259 \u015fadam. Xo\u015f g\u0259lmisiniz. \u00dc\u00e7t\u0259r\u0259fli i\u015f\u00e7i qrupu \u00e7\u0259r\u00e7iv\u0259sind\u0259 i\u015fl\u0259r u\u011furla gedir. \u00c7ox intensiv m\u0259sl\u0259h\u0259tl\u0259\u015fm\u0259l\u0259r apar\u0131l\u0131r. Bu m\u0259s\u0259l\u0259 bar\u0259d\u0259 m\u0259n\u0259 vaxta\u015f\u0131r\u0131 m\u0259ruz\u0259 edirl\u0259r. \u015eadam ki, q\u0259bul edilmi\u015f q\u0259rar\u0131n d\u00fczg\u00fcn olmas\u0131 t\u0259sdiql\u0259nir, \u0259n ba\u015fl\u0131cas\u0131, art\u0131q konkret n\u0259tic\u0259 var.<\/p>\n<p>Bildiyim\u0259 g\u00f6r\u0259, art\u0131q h\u0259m \u0259yani, h\u0259m d\u0259 videokonfrans format\u0131nda be\u015f iclas ke\u00e7irilib. Bel\u0259likl\u0259, m\u00fczakir\u0259 \u00fc\u00e7\u00fcn m\u00f6vzu var v\u0259 bu m\u00f6vzu h\u0259m iqtisadi preferensiyalar, h\u0259m regional \u0259m\u0259kda\u015fl\u0131q, h\u0259m d\u0259 bizim regionda t\u0259hl\u00fck\u0259sizliyin v\u0259 s\u00fclh\u00fcn m\u00f6hk\u0259ml\u0259nm\u0259si bax\u0131m\u0131ndan vacibdir. X\u00fcsus\u0259n ona g\u00f6r\u0259 ki, m\u00fcnaqi\u015f\u0259d\u0259n sonrak\u0131 d\u00f6vrd\u0259 v\u0259ziyy\u0259t b\u00fct\u00f6vl\u00fckd\u0259 m\u00fcsb\u0259t istiqam\u0259td\u0259 inki\u015faf edir, eskalasiya riskl\u0259ri minimald\u0131r. T\u0259bii ki, \u0259m\u0259kda\u015fl\u0131q elementl\u0259ri n\u0259 q\u0259d\u0259r \u00e7ox olsa, t\u0259hl\u00fck\u0259sizlik v\u0259 sabitlik d\u0259 bir o q\u0259d\u0259r m\u00f6hk\u0259m olacaq. Ona g\u00f6r\u0259 d\u0259 biz bu g\u00fcn h\u0259min m\u0259s\u0259l\u0259l\u0259ri m\u00fczakir\u0259 ed\u0259c\u0259k, sonrak\u0131 add\u0131mlar\u0131m\u0131z\u0131 v\u0259 f\u0259aliyy\u0259timizi planla\u015fd\u0131raca\u011f\u0131q. Bir daha xo\u015f g\u0259lmisiniz.<\/p>\n<p>Rusiya H\u00f6kum\u0259ti s\u0259drinin m\u00fcavini\u00a0<strong>Aleksey Over\u00e7uk\u00a0dedi:<\/strong><\/p>\n<p>-Sa\u011f olun, h\u00f6rm\u0259tli \u0130lham Heyd\u0259r o\u011flu. Sizinl\u0259 g\u00f6r\u00fc\u015fm\u0259k, regionda iqtisadi v\u0259 n\u0259qliyyat \u0259laq\u0259l\u0259rinin b\u0259rpas\u0131 \u00fczr\u0259 Ba\u015f nazirl\u0259rin m\u00fcavinl\u0259rinin \u00fc\u00e7t\u0259r\u0259fli i\u015f\u00e7i qrupu \u00e7\u0259r\u00e7iv\u0259sind\u0259 apar\u0131lan i\u015fl\u0259ri m\u00fczakir\u0259 etm\u0259k imkan\u0131na g\u00f6r\u0259 t\u0259\u015f\u0259kk\u00fcr\u00fcm\u00fc bildirm\u0259k ist\u0259yir\u0259m. Siz qeyd etdiyiniz kimi, biz h\u0259m \u0259yani, h\u0259m d\u0259 videokonfrans rabit\u0259si rejimind\u0259 be\u015f d\u0259f\u0259 g\u00f6r\u00fc\u015fm\u00fc\u015f\u00fck. H\u0259qiq\u0259t\u0259n i\u015fimizd\u0259 m\u00fc\u0259yy\u0259n t\u0259r\u0259qqi var v\u0259 s\u0131x \u0259laq\u0259li \u015f\u0259kild\u0259 i\u015fl\u0259yirik. Biz h\u0259m Az\u0259rbaycan t\u0259r\u0259fi, h\u0259m d\u0259 Erm\u0259nistan t\u0259r\u0259fi il\u0259 daim \u0259laq\u0259d\u0259yik. H\u0259qiq\u0259t\u0259n burada \u00e7ox yax\u015f\u0131 \u0259laq\u0259 yarad\u0131l\u0131b.<\/p>\n","protected":false},"excerpt":{"rendered":"<p>Az\u0259rbaycan Respublikas\u0131n\u0131n Prezidenti \u0130lham \u018fliyev aprelin 1-d\u0259 Rusiya Federasiyas\u0131 H\u00f6kum\u0259ti s\u0259drinin m\u00fcavini Aleksey Over\u00e7uku q\u0259bul edib. ARANTV.AZ\u00a0 x\u0259b\u0259r verir ki, Rusiya H\u00f6kum\u0259ti s\u0259drinin m\u00fcavinini salamlayan Prezident\u00a0\u0130lham \u018fliyev\u00a0dedi: &#8211; Sizi yenid\u0259n g\u00f6rm\u0259yim\u0259 \u015fadam. Xo\u015f g\u0259lmisiniz. \u00dc\u00e7t\u0259r\u0259fli i\u015f\u00e7i qrupu \u00e7\u0259r\u00e7iv\u0259sind\u0259 i\u015fl\u0259r u\u011furla gedir. \u00c7ox intensiv m\u0259sl\u0259h\u0259tl\u0259\u015fm\u0259l\u0259r apar\u0131l\u0131r. Bu m\u0259s\u0259l\u0259 bar\u0259d\u0259 m\u0259n\u0259 vaxta\u015f\u0131r\u0131 m\u0259ruz\u0259 edirl\u0259r. \u015eadam ki, q\u0259bul edilmi\u015f q\u0259rar\u0131n d\u00fczg\u00fcn olmas\u0131 t\u0259sdiql\u0259nir, \u0259n ba\u015fl\u0131cas\u0131, art\u0131q konkret n\u0259tic\u0259 var. Bildiyim\u0259 g\u00f6r\u0259, art\u0131q h\u0259m \u0259yani, h\u0259m d\u0259 videokonfrans format\u0131nda be\u015f iclas ke\u00e7irilib. Bel\u0259likl\u0259, m\u00fczakir\u0259 \u00fc\u00e7\u00fcn m\u00f6vzu var v\u0259 bu m\u00f6vzu h\u0259m iqtisadi preferensiyalar, h\u0259m&hellip;<\/p>\n","protected":false},"author":2,"featured_media":321360,"comment_status":"closed","ping_status":"closed","sticky":false,"template":"","format":"standard","meta":{"om_disable_all_campaigns":false,"_monsterinsights_skip_tracking":false,"_monsterinsights_sitenote_active":false,"_monsterinsights_sitenote_note":"","_monsterinsights_sitenote_category":0},"categories":[4],"tags":[],"aioseo_notices":[],"gutentor_comment":0,"rttpg_featured_image_url":{"full":["https:\/\/arantv.az\/wp-content\/uploads\/2021\/04\/c90070e1160944587511941945410238910.jpg",975,540,false],"landscape":["https:\/\/arantv.az\/wp-content\/uploads\/2021\/04\/c90070e1160944587511941945410238910.jpg",975,540,false],"portraits":["https:\/\/arantv.az\/wp-content\/uploads\/2021\/04\/c90070e1160944587511941945410238910.jpg",975,540,false],"thumbnail":["https:\/\/arantv.az\/wp-content\/uploads\/2021\/04\/c90070e1160944587511941945410238910-150x150.jpg",150,150,true],"medium":["https:\/\/arantv.az\/wp-content\/uploads\/2021\/04\/c90070e1160944587511941945410238910-300x166.jpg",300,166,true],"large":["https:\/\/arantv.az\/wp-content\/uploads\/2021\/04\/c90070e1160944587511941945410238910.jpg",640,354,false],"1536x1536":["https:\/\/arantv.az\/wp-content\/uploads\/2021\/04\/c90070e1160944587511941945410238910.jpg",975,540,false],"2048x2048":["https:\/\/arantv.az\/wp-content\/uploads\/2021\/04\/c90070e1160944587511941945410238910.jpg",975,540,false],"post-thumbnail":["https:\/\/arantv.az\/wp-content\/uploads\/2021\/04\/c90070e1160944587511941945410238910-240x172.jpg",240,172,true],"advps-thumb-one":["https:\/\/arantv.az\/wp-content\/uploads\/2021\/04\/c90070e1160944587511941945410238910.jpg",975,540,false]},"rttpg_author":{"display_name":"V\u00fcsal Rafiqo\u011flu","author_link":"https:\/\/arantv.az\/?author=2"},"rttpg_comment":0,"rttpg_category":"<a href=\"https:\/\/arantv.az\/?cat=4\" rel=\"category\">Siyas\u0259t<\/a>","rttpg_excerpt":"Az\u0259rbaycan Respublikas\u0131n\u0131n Prezidenti \u0130lham \u018fliyev aprelin 1-d\u0259 Rusiya Federasiyas\u0131 H\u00f6kum\u0259ti s\u0259drinin m\u00fcavini Aleksey Over\u00e7uku q\u0259bul edib. ARANTV.AZ\u00a0 x\u0259b\u0259r verir ki, Rusiya H\u00f6kum\u0259ti s\u0259drinin m\u00fcavinini salamlayan Prezident\u00a0\u0130lham \u018fliyev\u00a0dedi: &#8211; Sizi yenid\u0259n g\u00f6rm\u0259yim\u0259 \u015fadam. Xo\u015f g\u0259lmisiniz. \u00dc\u00e7t\u0259r\u0259fli i\u015f\u00e7i qrupu \u00e7\u0259r\u00e7iv\u0259sind\u0259 i\u015fl\u0259r u\u011furla gedir. \u00c7ox intensiv m\u0259sl\u0259h\u0259tl\u0259\u015fm\u0259l\u0259r apar\u0131l\u0131r. Bu m\u0259s\u0259l\u0259 bar\u0259d\u0259 m\u0259n\u0259 vaxta\u015f\u0131r\u0131 m\u0259ruz\u0259 edirl\u0259r. \u015eadam ki, q\u0259bul&hellip;","_links":{"self":[{"href":"https:\/\/arantv.az\/index.php?rest_route=\/wp\/v2\/posts\/321359"}],"collection":[{"href":"https:\/\/arantv.az\/index.php?rest_route=\/wp\/v2\/posts"}],"about":[{"href":"https:\/\/arantv.az\/index.php?rest_route=\/wp\/v2\/types\/post"}],"author":[{"embeddable":true,"href":"https:\/\/arantv.az\/index.php?rest_route=\/wp\/v2\/users\/2"}],"replies":[{"embeddable":true,"href":"https:\/\/arantv.az\/index.php?rest_route=%2Fwp%2Fv2%2Fcomments&post=321359"}],"version-history":[{"count":0,"href":"https:\/\/arantv.az\/index.php?rest_route=\/wp\/v2\/posts\/321359\/revisions"}],"wp:featuredmedia":[{"embeddable":true,"href":"https:\/\/arantv.az\/index.php?rest_route=\/wp\/v2\/media\/321360"}],"wp:attachment":[{"href":"https:\/\/arantv.az\/index.php?rest_route=%2Fwp%2Fv2%2Fmedia&parent=321359"}],"wp:term":[{"taxonomy":"category","embeddable":true,"href":"https:\/\/arantv.az\/index.php?rest_route=%2Fwp%2Fv2%2Fcategories&post=321359"},{"taxonomy":"post_tag","embeddable":true,"href":"https:\/\/arantv.az\/index.php?rest_route=%2Fwp%2Fv2%2Ftags&post=321359"}],"curies":[{"name":"wp","href":"https:\/\/api.w.org\/{rel}","templated":true}]}}