{"id":321365,"date":"2021-04-01T11:22:13","date_gmt":"2021-04-01T08:22:13","guid":{"rendered":"https:\/\/arantv.az\/?p=321365"},"modified":"2021-04-01T11:22:13","modified_gmt":"2021-04-01T08:22:13","slug":"z%c9%99ng%c9%99zurun-%c9%99h%c9%99miyy%c9%99ti-daha-da-artir-turkdilli-dovl%c9%99tl%c9%99r-birl%c9%99sir","status":"publish","type":"post","link":"https:\/\/arantv.az\/?p=321365","title":{"rendered":"Z\u0259ng\u0259zurun \u0259h\u0259miyy\u0259ti daha da art\u0131r &#8211; T\u00fcrkdilli D\u00f6vl\u0259tl\u0259r birl\u0259\u015fir"},"content":{"rendered":"<p><strong>T\u00fcrkdilli D\u00f6vl\u0259tl\u0259r \u00fc\u00e7\u00fcn yeni m\u0259rh\u0259l\u0259nin ba\u015flad\u0131\u011f\u0131n\u0131 dey\u0259 bil\u0259rik. T\u00fcrkdilli D\u00f6vl\u0259tl\u0259rin \u018fm\u0259kda\u015fl\u0131q \u015euras\u0131n\u0131n 31 mart 2021-ci ild\u0259 videokonfrans vasit\u0259sil\u0259 ke\u00e7iril\u0259n qeyri-r\u0259smi Zirv\u0259 G\u00f6r\u00fc\u015f\u00fc t\u00fcrkdilli d\u00f6vl\u0259tl\u0259r aras\u0131nda m\u00f6vcud olan s\u0131x \u0259laq\u0259l\u0259rin v\u0259 \u0259m\u0259kda\u015fl\u0131\u011f\u0131n daha da g\u00fccl\u0259ndirilm\u0259si istiam\u0259tind\u0259 at\u0131lm\u0131\u015f n\u00f6vb\u0259ti \u0259h\u0259miyy\u0259tli add\u0131m oldu. \u00d6t\u0259n g\u00fcn\u00a0\u018fm\u0259kda\u015fl\u0131q \u015euras\u0131n\u0131n videokonfrans vasit\u0259sil\u0259 ke\u00e7iril\u0259n qeyri-r\u0259smi Zirv\u0259 G\u00f6r\u00fc\u015f\u00fc bir \u00e7ox maraql\u0131 m\u0259qamlar\u0131 il\u0259 yadda qald\u0131.\u00a0<\/strong><\/p>\n<p>30 il \u0259vv\u0259l Qaraba\u011f\u0131 Az\u0259rbaycandan qopar\u0131b v\u0259 yaxud daxild\u0259n, xaricd\u0259n \u00f6lk\u0259d\u0259 xaos yaratma\u011fa \u00e7al\u0131\u015fmaqla r\u0259smi Bak\u0131n\u0131 z\u0259ifl\u0259tm\u0259k c\u0259hdl\u0259rinin t\u0259m\u0259lind\u0259 Az\u0259rbaycan\u0131n t\u00fcrk d\u00fcnyas\u0131 aras\u0131nda bir katalizator v\u0259zif\u0259sini yerin\u0259 yetirm\u0259si dayan\u0131r. \u018fg\u0259r Az\u0259rbaycan g\u00fccl\u00fc olarsa, s\u0259rh\u0259dl\u0259rinin bir ucu T\u00fcrkiy\u0259y\u0259, biri ucu da X\u0259z\u0259r d\u0259nizin\u0259 s\u00f6yk\u0259n\u0259rs\u0259 bu, b\u00f6y\u00fck bir t\u00fcrk d\u00fcnyas\u0131n\u0131n t\u0259\u015f\u0259kk\u00fcl tapmas\u0131, qurulmas\u0131 dem\u0259kdir v\u0259 bel\u0259 bir v\u00fccudun formala\u015fmas\u0131 il\u0259 Az\u0259rbaycan\u0131n \u00e7ox \u00f6n\u0259mli bir funksiyaya sahib olmas\u0131 anlam\u0131na g\u0259lir. Bunu ist\u0259m\u0259y\u0259nl\u0259r Az\u0259rbaycan\u0131 z\u0259ifl\u0259tm\u0259k \u00fc\u00e7\u00fcn Qaraba\u011fdan ba\u015flayaraq xeyli sayda t\u0259xribatlar t\u00f6r\u0259tdil\u0259r. Amma 44 g\u00fcnl\u00fck V\u0259t\u0259n M\u00fcharib\u0259si il\u0259 Az\u0259rbaycan 30 illik i\u015f\u011fala son qoydu. II Qaraba\u011f sava\u015f\u0131ndan c\u0259mi 4 ay ke\u00e7m\u0259sin\u0259 baxmayaraq art\u0131q yeni m\u0259rh\u0259l\u0259y\u0259 q\u0259d\u0259m qoyan Az\u0259rbaycan bu g\u00fcn t\u00fcrk d\u00fcnyas\u0131n\u0131n yenid\u0259n birl\u0259\u015fm\u0259si istiqam\u0259tind\u0259 \u0259h\u0259miyy\u0259tli prosesl\u0259rin t\u0259rkib hiss\u0259sin\u0259 \u00e7evrilir.<\/p>\n<p><img src=\"https:\/\/img.milli.az\/2021\/04\/01\/935561_05.jpg\" alt=\"\" \/><\/p>\n<p>H\u0259r \u015fey d\u0259 2020-ci ilin 10 Noyabr tarixind\u0259 Erm\u0259nistan\u0131n kapitulyasiyas\u0131 adland\u0131r\u0131lan \u00fc\u00e7t\u0259r\u0259fli B\u0259yanatda bir \u0259sas m\u00fcdd\u0259a il\u0259 ba\u015flad\u0131. Bir zamanlar t\u00fcrkdilli \u00f6lk\u0259l\u0259ri sanki par\u00e7alayan, b\u00f6l\u0259n Z\u0259ng\u0259zur \u0259razisi bu g\u00fcn t\u00fcrkdilli \u00f6lk\u0259l\u0259ri birl\u0259\u015fdir\u0259n bir x\u0259tt\u0259 \u00e7evril\u0259c\u0259k. D\u00fcn\u0259n Zirv\u0259 G\u00f6r\u00fc\u015f\u00fcnd\u0259 Prezident \u0130lham \u018fliyevin d\u0259 dediyi kimi, vaxtil\u0259 Z\u0259ng\u0259zuru Az\u0259rbaycandan al\u0131b Erm\u0259nistana birl\u0259\u015fdirm\u0259k t\u00fcrk d\u00fcnyas\u0131n\u0131n co\u011frafi par\u00e7alanmas\u0131 idi. \u00c7\u00fcnki \u0259g\u0259r x\u0259rit\u0259y\u0259 baxsaq g\u00f6r\u0259rik ki, sanki bizim b\u0259d\u0259nimiz\u0259 x\u0259nc\u0259r saplanm\u0131\u015fd\u0131, t\u00fcrk d\u00fcnyas\u0131 par\u00e7alanm\u0131\u015fd\u0131.<\/p>\n<p><img src=\"https:\/\/img.milli.az\/2021\/04\/01\/935561_01.jpg\" alt=\"\" \/><\/p>\n<p>N\u0259z\u0259r\u0259 alsaq ki, 10 illikl\u0259r sonra art\u0131q bel\u0259 bir t\u0259cr\u00fcb\u0259nin s\u0131naqdan ke\u00e7irilm\u0259si \u00fc\u00e7\u00fcn ilk add\u0131m\u00a0Rusiya qaz\u0131n\u0131n G\u00fcrc\u00fcstan \u0259razisind\u0259n ke\u00e7\u0259n &#8220;\u015eimali Qafqaz &#8211; Zaqafqaziya&#8221; qaz k\u0259m\u0259rinin t\u0259miri il\u0259 \u0259laq\u0259dar\u00a0Erm\u0259nistana n\u0259qli m\u00fcv\u0259qq\u0259ti olaraq Az\u0259rbaycan \u0259razisind\u0259n h\u0259yata ke\u00e7iril\u0259c\u0259k, o zaman\u00a0Z\u0259ng\u0259zurla ba\u011fl\u0131 planlar\u0131n da yax\u0131n zamanda art\u0131q icras\u0131n\u0131 g\u00f6rm\u0259yin\u00a0m\u00fcmk\u00fcn olaca\u011f\u0131 t\u0259\u0259cc\u00fcbl\u0259ndirm\u0259m\u0259lidir. Bu bar\u0259d\u0259 m\u00fcjd\u0259ni Prezident \u0130lham \u018fliyev el\u0259 d\u00fcn\u0259n\u00a0T\u00fcrkdilli D\u00f6vl\u0259tl\u0259rinin \u018fm\u0259kda\u015fl\u0131q \u015euras\u0131n\u0131n Zirv\u0259 G\u00f6r\u00fc\u015f\u00fcnd\u0259 &#8220;Q\u0259dim Az\u0259rbaycan torpa\u011f\u0131 olan Z\u0259ng\u0259zur indi t\u00fcrk d\u00fcnyas\u0131n\u0131n birl\u0259\u015fm\u0259si rolunu oynayacaq.\u00a0\u00c7\u00fcnki Z\u0259ng\u0259zurdan ke\u00e7\u0259n n\u0259qliyyat, kommunikasiya, infrastruktur layih\u0259l\u0259ri b\u00fct\u00fcn t\u00fcrk d\u00fcnyas\u0131n\u0131 birl\u0259\u015fdir\u0259c\u0259k, eyni zamanda, dig\u0259r \u00f6lk\u0259l\u0259r \u00fc\u00e7\u00fcn \u0259lav\u0259 imkanlar yaradacaq. Art\u0131q Az\u0259rbaycan bu i\u015fl\u0259r\u0259 start verib&#8221; s\u00f6zl\u0259ri il\u0259\u00a0verdi.<\/p>\n<p>Az\u0259rbaycan\u0131 Nax\u00e7\u0131van Muxtar Respublikas\u0131 vasit\u0259sil\u0259 T\u00fcrkiy\u0259y\u0259 birl\u0259\u015fdir\u0259c\u0259k bu d\u0259hliz\u00a0f\u0259aliyy\u0259t\u0259 ba\u015flamas\u0131 Orta Asiya il\u0259 Avropan\u0131 birl\u0259\u015fdirmi\u015f olacaq ki,\u00a0 bu da Aral\u0131q d\u0259nizind\u0259n B\u00f6y\u00fck \u00c7in s\u0259ddin\u0259 q\u0259d\u0259r harada t\u00fcrk dilli xalqlar ya\u015fay\u0131rsa, art\u0131q o \u0259raziy\u0259 ged\u0259n yollar\u0131n \u00f6lk\u0259mizd\u0259n ke\u00e7\u0259c\u0259yi anlam\u0131na g\u0259lir.<\/p>\n<p><img src=\"https:\/\/img.milli.az\/2021\/04\/01\/erdogan_rt.png\" alt=\"\" \/><\/p>\n<p>T\u00fcrkiy\u0259 Prezidenti R\u0259c\u0259b Tayyib \u018frdo\u011fan\u0131n Zirv\u0259 G\u00f6r\u00fc\u015f\u00fcnd\u0259 \u00e7\u0131x\u0131\u015f\u0131 zaman\u0131\u00a0Ramazan bayram\u0131ndan sonra \u015eu\u015faya g\u0259l\u0259c\u0259yini, \u015eu\u015fada yeni bir bayram ya\u015fayaca\u011f\u0131n\u0131 b\u0259yan etm\u0259si is\u0259 bu toplant\u0131n\u0131n \u0259n yadda qalan m\u0259qamlar\u0131ndan oldu.\u00a0N\u0259z\u0259r\u0259 alsaq ki, Qaraba\u011fda rus s\u00fclhm\u0259raml\u0131lar\u0131n\u0131n n\u0259zar\u0259tind\u0259 olan \u0259razil\u0259rd\u0259 xo\u015fag\u0259lm\u0259z x\u0259b\u0259rl\u0259r\u0259 h\u0259l\u0259 d\u0259 rast g\u0259linir, bu bax\u0131mdan \u018frdo\u011fan\u0131n \u015eu\u015faya g\u0259li\u015fin\u0259 ehtiyac\u0131m\u0131z var dey\u0259 bil\u0259rik. D\u00fc\u015fm\u0259nin v\u0259 m\u00fctt\u0259fiql\u0259rinin Qaraba\u011fdak\u0131 &#8220;\u00e7irkin planlar\u0131n\u0131&#8221;\u00a0\u018frdo\u011fan bu s\u0259f\u0259ri il\u0259 poza bil\u0259r.<\/p>\n","protected":false},"excerpt":{"rendered":"<p>T\u00fcrkdilli D\u00f6vl\u0259tl\u0259r \u00fc\u00e7\u00fcn yeni m\u0259rh\u0259l\u0259nin ba\u015flad\u0131\u011f\u0131n\u0131 dey\u0259 bil\u0259rik. T\u00fcrkdilli D\u00f6vl\u0259tl\u0259rin \u018fm\u0259kda\u015fl\u0131q \u015euras\u0131n\u0131n 31 mart 2021-ci ild\u0259 videokonfrans vasit\u0259sil\u0259 ke\u00e7iril\u0259n qeyri-r\u0259smi Zirv\u0259 G\u00f6r\u00fc\u015f\u00fc t\u00fcrkdilli d\u00f6vl\u0259tl\u0259r aras\u0131nda m\u00f6vcud olan s\u0131x \u0259laq\u0259l\u0259rin v\u0259 \u0259m\u0259kda\u015fl\u0131\u011f\u0131n daha da g\u00fccl\u0259ndirilm\u0259si istiam\u0259tind\u0259 at\u0131lm\u0131\u015f n\u00f6vb\u0259ti \u0259h\u0259miyy\u0259tli add\u0131m oldu. \u00d6t\u0259n g\u00fcn\u00a0\u018fm\u0259kda\u015fl\u0131q \u015euras\u0131n\u0131n videokonfrans vasit\u0259sil\u0259 ke\u00e7iril\u0259n qeyri-r\u0259smi Zirv\u0259 G\u00f6r\u00fc\u015f\u00fc bir \u00e7ox maraql\u0131 m\u0259qamlar\u0131 il\u0259 yadda qald\u0131.\u00a0 30 il \u0259vv\u0259l Qaraba\u011f\u0131 Az\u0259rbaycandan qopar\u0131b v\u0259 yaxud daxild\u0259n, xaricd\u0259n \u00f6lk\u0259d\u0259 xaos yaratma\u011fa \u00e7al\u0131\u015fmaqla r\u0259smi Bak\u0131n\u0131 z\u0259ifl\u0259tm\u0259k c\u0259hdl\u0259rinin t\u0259m\u0259lind\u0259 Az\u0259rbaycan\u0131n t\u00fcrk d\u00fcnyas\u0131 aras\u0131nda bir katalizator v\u0259zif\u0259sini yerin\u0259 yetirm\u0259si dayan\u0131r. \u018fg\u0259r Az\u0259rbaycan g\u00fccl\u00fc olarsa, s\u0259rh\u0259dl\u0259rinin&hellip;<\/p>\n","protected":false},"author":2,"featured_media":321366,"comment_status":"closed","ping_status":"closed","sticky":false,"template":"","format":"standard","meta":{"om_disable_all_campaigns":false,"_monsterinsights_skip_tracking":false,"_monsterinsights_sitenote_active":false,"_monsterinsights_sitenote_note":"","_monsterinsights_sitenote_category":0},"categories":[4],"tags":[],"aioseo_notices":[],"gutentor_comment":0,"rttpg_featured_image_url":{"full":["https:\/\/arantv.az\/wp-content\/uploads\/2021\/04\/935561_07.jpg",1000,665,false],"landscape":["https:\/\/arantv.az\/wp-content\/uploads\/2021\/04\/935561_07.jpg",1000,665,false],"portraits":["https:\/\/arantv.az\/wp-content\/uploads\/2021\/04\/935561_07.jpg",1000,665,false],"thumbnail":["https:\/\/arantv.az\/wp-content\/uploads\/2021\/04\/935561_07-150x150.jpg",150,150,true],"medium":["https:\/\/arantv.az\/wp-content\/uploads\/2021\/04\/935561_07-300x200.jpg",300,200,true],"large":["https:\/\/arantv.az\/wp-content\/uploads\/2021\/04\/935561_07.jpg",640,426,false],"1536x1536":["https:\/\/arantv.az\/wp-content\/uploads\/2021\/04\/935561_07.jpg",1000,665,false],"2048x2048":["https:\/\/arantv.az\/wp-content\/uploads\/2021\/04\/935561_07.jpg",1000,665,false],"post-thumbnail":["https:\/\/arantv.az\/wp-content\/uploads\/2021\/04\/935561_07-240x172.jpg",240,172,true],"advps-thumb-one":["https:\/\/arantv.az\/wp-content\/uploads\/2021\/04\/935561_07-1000x620.jpg",1000,620,true]},"rttpg_author":{"display_name":"V\u00fcsal Rafiqo\u011flu","author_link":"https:\/\/arantv.az\/?author=2"},"rttpg_comment":0,"rttpg_category":"<a href=\"https:\/\/arantv.az\/?cat=4\" rel=\"category\">Siyas\u0259t<\/a>","rttpg_excerpt":"T\u00fcrkdilli D\u00f6vl\u0259tl\u0259r \u00fc\u00e7\u00fcn yeni m\u0259rh\u0259l\u0259nin ba\u015flad\u0131\u011f\u0131n\u0131 dey\u0259 bil\u0259rik. T\u00fcrkdilli D\u00f6vl\u0259tl\u0259rin \u018fm\u0259kda\u015fl\u0131q \u015euras\u0131n\u0131n 31 mart 2021-ci ild\u0259 videokonfrans vasit\u0259sil\u0259 ke\u00e7iril\u0259n qeyri-r\u0259smi Zirv\u0259 G\u00f6r\u00fc\u015f\u00fc t\u00fcrkdilli d\u00f6vl\u0259tl\u0259r aras\u0131nda m\u00f6vcud olan s\u0131x \u0259laq\u0259l\u0259rin v\u0259 \u0259m\u0259kda\u015fl\u0131\u011f\u0131n daha da g\u00fccl\u0259ndirilm\u0259si istiam\u0259tind\u0259 at\u0131lm\u0131\u015f n\u00f6vb\u0259ti \u0259h\u0259miyy\u0259tli add\u0131m oldu. \u00d6t\u0259n g\u00fcn\u00a0\u018fm\u0259kda\u015fl\u0131q \u015euras\u0131n\u0131n videokonfrans vasit\u0259sil\u0259 ke\u00e7iril\u0259n qeyri-r\u0259smi Zirv\u0259 G\u00f6r\u00fc\u015f\u00fc bir \u00e7ox maraql\u0131 m\u0259qamlar\u0131 il\u0259 yadda&hellip;","_links":{"self":[{"href":"https:\/\/arantv.az\/index.php?rest_route=\/wp\/v2\/posts\/321365"}],"collection":[{"href":"https:\/\/arantv.az\/index.php?rest_route=\/wp\/v2\/posts"}],"about":[{"href":"https:\/\/arantv.az\/index.php?rest_route=\/wp\/v2\/types\/post"}],"author":[{"embeddable":true,"href":"https:\/\/arantv.az\/index.php?rest_route=\/wp\/v2\/users\/2"}],"replies":[{"embeddable":true,"href":"https:\/\/arantv.az\/index.php?rest_route=%2Fwp%2Fv2%2Fcomments&post=321365"}],"version-history":[{"count":0,"href":"https:\/\/arantv.az\/index.php?rest_route=\/wp\/v2\/posts\/321365\/revisions"}],"wp:featuredmedia":[{"embeddable":true,"href":"https:\/\/arantv.az\/index.php?rest_route=\/wp\/v2\/media\/321366"}],"wp:attachment":[{"href":"https:\/\/arantv.az\/index.php?rest_route=%2Fwp%2Fv2%2Fmedia&parent=321365"}],"wp:term":[{"taxonomy":"category","embeddable":true,"href":"https:\/\/arantv.az\/index.php?rest_route=%2Fwp%2Fv2%2Fcategories&post=321365"},{"taxonomy":"post_tag","embeddable":true,"href":"https:\/\/arantv.az\/index.php?rest_route=%2Fwp%2Fv2%2Ftags&post=321365"}],"curies":[{"name":"wp","href":"https:\/\/api.w.org\/{rel}","templated":true}]}}