{"id":321406,"date":"2021-04-01T13:03:47","date_gmt":"2021-04-01T10:03:47","guid":{"rendered":"https:\/\/arantv.az\/?p=321406"},"modified":"2021-04-01T13:03:47","modified_gmt":"2021-04-01T10:03:47","slug":"intensiv-yagis-yagacaq-guclu-kul%c9%99k-%c9%99s%c9%99c%c9%99k-x%c9%99b%c9%99rdarliq","status":"publish","type":"post","link":"https:\/\/arantv.az\/?p=321406","title":{"rendered":"\u0130ntensiv ya\u011f\u0131\u015f ya\u011facaq, g\u00fccl\u00fc k\u00fcl\u0259k \u0259s\u0259c\u0259k &#8211; X\u018fB\u018fRDARLIQ"},"content":{"rendered":"<p>Aprelin 2-si ax\u015fam \u015fimal v\u0259 q\u0259rb rayonlar\u0131ndan ba\u015flayaraq 3-\u00fc ax\u015famad\u0259k b\u0259zi yerl\u0259rd\u0259 \u015fim\u015f\u0259k \u00e7axaca\u011f\u0131, arabir ya\u011f\u0131\u015f ya\u011faca\u011f\u0131, ayr\u0131-ayr\u0131 yerl\u0259rd\u0259 intensiv olaca\u011f\u0131, q\u0259rb rayonlar\u0131nda dolu d\u00fc\u015f\u0259c\u0259yi, da\u011fl\u0131q \u0259razil\u0259rd\u0259 qar ya\u011faca\u011f\u0131 g\u00f6zl\u0259nilir.<\/p>\n<p>Bu bar\u0259d\u0259 Ekologiya v\u0259 T\u0259bii S\u0259rv\u0259tl\u0259r Nazirliyinin Milli Hidrometeorologiya Xidm\u0259ti m\u0259lumat yay\u0131b.<\/p>\n<p>Bildirilib ki, q\u0259rb k\u00fcl\u0259yi \u0259s\u0259c\u0259k, aprelin 2-d\u0259n 4-d\u0259k b\u0259zi yerl\u0259rd\u0259 arabir 18-23 m\/s-d\u0259k g\u00fccl\u0259n\u0259c\u0259k. \u00c7aylarda sululu\u011fun artaca\u011f\u0131 ehtimal olunur.<\/p>\n","protected":false},"excerpt":{"rendered":"<p>Aprelin 2-si ax\u015fam \u015fimal v\u0259 q\u0259rb rayonlar\u0131ndan ba\u015flayaraq 3-\u00fc ax\u015famad\u0259k b\u0259zi yerl\u0259rd\u0259 \u015fim\u015f\u0259k \u00e7axaca\u011f\u0131, arabir ya\u011f\u0131\u015f ya\u011faca\u011f\u0131, ayr\u0131-ayr\u0131 yerl\u0259rd\u0259 intensiv olaca\u011f\u0131, q\u0259rb rayonlar\u0131nda dolu d\u00fc\u015f\u0259c\u0259yi, da\u011fl\u0131q \u0259razil\u0259rd\u0259 qar ya\u011faca\u011f\u0131 g\u00f6zl\u0259nilir. Bu bar\u0259d\u0259 Ekologiya v\u0259 T\u0259bii S\u0259rv\u0259tl\u0259r Nazirliyinin Milli Hidrometeorologiya Xidm\u0259ti m\u0259lumat yay\u0131b. Bildirilib ki, q\u0259rb k\u00fcl\u0259yi \u0259s\u0259c\u0259k, aprelin 2-d\u0259n 4-d\u0259k b\u0259zi yerl\u0259rd\u0259 arabir 18-23 m\/s-d\u0259k g\u00fccl\u0259n\u0259c\u0259k. \u00c7aylarda sululu\u011fun artaca\u011f\u0131 ehtimal olunur.<\/p>\n","protected":false},"author":2,"featured_media":321407,"comment_status":"closed","ping_status":"closed","sticky":false,"template":"","format":"standard","meta":{"om_disable_all_campaigns":false,"_monsterinsights_skip_tracking":false,"_monsterinsights_sitenote_active":false,"_monsterinsights_sitenote_note":"","_monsterinsights_sitenote_category":0},"categories":[22],"tags":[],"aioseo_notices":[],"gutentor_comment":0,"rttpg_featured_image_url":{"full":["https:\/\/arantv.az\/wp-content\/uploads\/2021\/04\/1_3ecCcPjNCRMAY-RLrU0Xog.jpg",620,411,false],"landscape":["https:\/\/arantv.az\/wp-content\/uploads\/2021\/04\/1_3ecCcPjNCRMAY-RLrU0Xog.jpg",620,411,false],"portraits":["https:\/\/arantv.az\/wp-content\/uploads\/2021\/04\/1_3ecCcPjNCRMAY-RLrU0Xog.jpg",620,411,false],"thumbnail":["https:\/\/arantv.az\/wp-content\/uploads\/2021\/04\/1_3ecCcPjNCRMAY-RLrU0Xog-150x150.jpg",150,150,true],"medium":["https:\/\/arantv.az\/wp-content\/uploads\/2021\/04\/1_3ecCcPjNCRMAY-RLrU0Xog-300x199.jpg",300,199,true],"large":["https:\/\/arantv.az\/wp-content\/uploads\/2021\/04\/1_3ecCcPjNCRMAY-RLrU0Xog.jpg",620,411,false],"1536x1536":["https:\/\/arantv.az\/wp-content\/uploads\/2021\/04\/1_3ecCcPjNCRMAY-RLrU0Xog.jpg",620,411,false],"2048x2048":["https:\/\/arantv.az\/wp-content\/uploads\/2021\/04\/1_3ecCcPjNCRMAY-RLrU0Xog.jpg",620,411,false],"post-thumbnail":["https:\/\/arantv.az\/wp-content\/uploads\/2021\/04\/1_3ecCcPjNCRMAY-RLrU0Xog-240x172.jpg",240,172,true],"advps-thumb-one":["https:\/\/arantv.az\/wp-content\/uploads\/2021\/04\/1_3ecCcPjNCRMAY-RLrU0Xog.jpg",620,411,false]},"rttpg_author":{"display_name":"V\u00fcsal Rafiqo\u011flu","author_link":"https:\/\/arantv.az\/?author=2"},"rttpg_comment":0,"rttpg_category":"<a href=\"https:\/\/arantv.az\/?cat=22\" rel=\"category\">Hava<\/a>","rttpg_excerpt":"Aprelin 2-si ax\u015fam \u015fimal v\u0259 q\u0259rb rayonlar\u0131ndan ba\u015flayaraq 3-\u00fc ax\u015famad\u0259k b\u0259zi yerl\u0259rd\u0259 \u015fim\u015f\u0259k \u00e7axaca\u011f\u0131, arabir ya\u011f\u0131\u015f ya\u011faca\u011f\u0131, ayr\u0131-ayr\u0131 yerl\u0259rd\u0259 intensiv olaca\u011f\u0131, q\u0259rb rayonlar\u0131nda dolu d\u00fc\u015f\u0259c\u0259yi, da\u011fl\u0131q \u0259razil\u0259rd\u0259 qar ya\u011faca\u011f\u0131 g\u00f6zl\u0259nilir. Bu bar\u0259d\u0259 Ekologiya v\u0259 T\u0259bii S\u0259rv\u0259tl\u0259r Nazirliyinin Milli Hidrometeorologiya Xidm\u0259ti m\u0259lumat yay\u0131b. Bildirilib ki, q\u0259rb k\u00fcl\u0259yi \u0259s\u0259c\u0259k, aprelin 2-d\u0259n 4-d\u0259k b\u0259zi yerl\u0259rd\u0259 arabir 18-23 m\/s-d\u0259k&hellip;","_links":{"self":[{"href":"https:\/\/arantv.az\/index.php?rest_route=\/wp\/v2\/posts\/321406"}],"collection":[{"href":"https:\/\/arantv.az\/index.php?rest_route=\/wp\/v2\/posts"}],"about":[{"href":"https:\/\/arantv.az\/index.php?rest_route=\/wp\/v2\/types\/post"}],"author":[{"embeddable":true,"href":"https:\/\/arantv.az\/index.php?rest_route=\/wp\/v2\/users\/2"}],"replies":[{"embeddable":true,"href":"https:\/\/arantv.az\/index.php?rest_route=%2Fwp%2Fv2%2Fcomments&post=321406"}],"version-history":[{"count":0,"href":"https:\/\/arantv.az\/index.php?rest_route=\/wp\/v2\/posts\/321406\/revisions"}],"wp:featuredmedia":[{"embeddable":true,"href":"https:\/\/arantv.az\/index.php?rest_route=\/wp\/v2\/media\/321407"}],"wp:attachment":[{"href":"https:\/\/arantv.az\/index.php?rest_route=%2Fwp%2Fv2%2Fmedia&parent=321406"}],"wp:term":[{"taxonomy":"category","embeddable":true,"href":"https:\/\/arantv.az\/index.php?rest_route=%2Fwp%2Fv2%2Fcategories&post=321406"},{"taxonomy":"post_tag","embeddable":true,"href":"https:\/\/arantv.az\/index.php?rest_route=%2Fwp%2Fv2%2Ftags&post=321406"}],"curies":[{"name":"wp","href":"https:\/\/api.w.org\/{rel}","templated":true}]}}