{"id":323201,"date":"2021-04-05T14:32:07","date_gmt":"2021-04-05T11:32:07","guid":{"rendered":"https:\/\/arantv.az\/?p=323201"},"modified":"2021-04-05T14:32:07","modified_gmt":"2021-04-05T11:32:07","slug":"m%c9%99kt%c9%99bl%c9%99r-ilin-sonunad%c9%99k-bagli-qalacaq-aciqlama","status":"publish","type":"post","link":"https:\/\/arantv.az\/?p=323201","title":{"rendered":"M\u0259kt\u0259bl\u0259r ilin sonunad\u0259k ba\u011fl\u0131 qalacaq? &#8211; A\u00c7IQLAMA"},"content":{"rendered":"<p><strong>M\u0259kt\u0259bl\u0259rin yenid\u0259n \u0259yani t\u0259hsil\u0259 ke\u00e7\u0259c\u0259yi tarix b\u00f6y\u00fck maraqla g\u00f6zl\u0259nilir. Yoluxma say\u0131 azalma\u011fa do\u011fru ged\u0259rs\u0259, m\u0259kt\u0259bl\u0259rin yenid\u0259n a\u00e7\u0131laca\u011f\u0131 m\u00f6vzusu valideynl\u0259ri maraqland\u0131ran \u0259sas m\u0259s\u0259l\u0259rd\u0259n biridir.<\/strong><\/p>\n<p><strong>ARANTV.AZ<\/strong>\u00a0 baku.ws-\u0259 istinad\u0259n bildirir ki, sosial \u015f\u0259b\u0259k\u0259l\u0259rd\u0259 ged\u0259n m\u00fczakir\u0259l\u0259r zaman\u0131 m\u0259kt\u0259bl\u0259rin yay t\u0259tilind\u0259n sonra a\u00e7\u0131laca\u011f\u0131 iddia edilib.<\/p>\n<p>\u0130ddialara T\u0259hsil Nazirliyinin \u0130ctimaiyy\u0259tl\u0259 \u0259laq\u0259l\u0259r sektorunun m\u00fcdiri C\u0259sar\u0259t Valehov m\u00fcnasib\u0259t bildirib: &#8220;B\u0259z\u0259n media qurumlar\u0131nda g\u00f6r\u00fcr\u00fck ki, ilin sonuna q\u0259d\u0259r m\u0259kt\u0259bl\u0259r ba\u011fl\u0131 qalacaq. Bu, bel\u0259 deyil. N\u00f6vb\u0259ti m\u00fcdd\u0259t \u0259rzind\u0259 yoluxman\u0131n statistik g\u00f6st\u0259ricil\u0259rin\u0259 uy\u011fun olaraq m\u00fcvafiq q\u0259rarlar veril\u0259 bil\u0259r&#8221;.<\/p>\n<p>C.Valehov \u0259lav\u0259 edib ki, \u0259g\u0259r dig\u0259r b\u00f6lg\u0259l\u0259rd\u0259 d\u0259 m\u00fcvafiq olaraq h\u0259r hans\u0131 yoluxma hallar\u0131n\u0131n daha \u00e7ox oldu\u011fu m\u00fc\u015fahid\u0259 edil\u0259rs\u0259, distant t\u0259hsil\u0259 ke\u00e7m\u0259kl\u0259 ba\u011fl\u0131 q\u0259rarlar h\u0259min t\u0259hsil m\u00fc\u0259ssis\u0259l\u0259ri \u00fc\u00e7\u00fcn d\u0259 veril\u0259 bil\u0259r.<\/p>\n","protected":false},"excerpt":{"rendered":"<p>M\u0259kt\u0259bl\u0259rin yenid\u0259n \u0259yani t\u0259hsil\u0259 ke\u00e7\u0259c\u0259yi tarix b\u00f6y\u00fck maraqla g\u00f6zl\u0259nilir. Yoluxma say\u0131 azalma\u011fa do\u011fru ged\u0259rs\u0259, m\u0259kt\u0259bl\u0259rin yenid\u0259n a\u00e7\u0131laca\u011f\u0131 m\u00f6vzusu valideynl\u0259ri maraqland\u0131ran \u0259sas m\u0259s\u0259l\u0259rd\u0259n biridir. ARANTV.AZ\u00a0 baku.ws-\u0259 istinad\u0259n bildirir ki, sosial \u015f\u0259b\u0259k\u0259l\u0259rd\u0259 ged\u0259n m\u00fczakir\u0259l\u0259r zaman\u0131 m\u0259kt\u0259bl\u0259rin yay t\u0259tilind\u0259n sonra a\u00e7\u0131laca\u011f\u0131 iddia edilib. \u0130ddialara T\u0259hsil Nazirliyinin \u0130ctimaiyy\u0259tl\u0259 \u0259laq\u0259l\u0259r sektorunun m\u00fcdiri C\u0259sar\u0259t Valehov m\u00fcnasib\u0259t bildirib: &#8220;B\u0259z\u0259n media qurumlar\u0131nda g\u00f6r\u00fcr\u00fck ki, ilin sonuna q\u0259d\u0259r m\u0259kt\u0259bl\u0259r ba\u011fl\u0131 qalacaq. Bu, bel\u0259 deyil. N\u00f6vb\u0259ti m\u00fcdd\u0259t \u0259rzind\u0259 yoluxman\u0131n statistik g\u00f6st\u0259ricil\u0259rin\u0259 uy\u011fun olaraq m\u00fcvafiq q\u0259rarlar veril\u0259 bil\u0259r&#8221;. C.Valehov \u0259lav\u0259 edib ki, \u0259g\u0259r dig\u0259r b\u00f6lg\u0259l\u0259rd\u0259 d\u0259 m\u00fcvafiq olaraq h\u0259r hans\u0131 yoluxma&hellip;<\/p>\n","protected":false},"author":2,"featured_media":323202,"comment_status":"closed","ping_status":"closed","sticky":false,"template":"","format":"standard","meta":{"om_disable_all_campaigns":false,"_monsterinsights_skip_tracking":false,"_monsterinsights_sitenote_active":false,"_monsterinsights_sitenote_note":"","_monsterinsights_sitenote_category":0},"categories":[26],"tags":[],"aioseo_notices":[],"gutentor_comment":0,"rttpg_featured_image_url":{"full":["https:\/\/arantv.az\/wp-content\/uploads\/2021\/04\/distant_tehsil_5.jpg",800,600,false],"landscape":["https:\/\/arantv.az\/wp-content\/uploads\/2021\/04\/distant_tehsil_5.jpg",800,600,false],"portraits":["https:\/\/arantv.az\/wp-content\/uploads\/2021\/04\/distant_tehsil_5.jpg",800,600,false],"thumbnail":["https:\/\/arantv.az\/wp-content\/uploads\/2021\/04\/distant_tehsil_5-500x280.jpg",500,280,true],"medium":["https:\/\/arantv.az\/wp-content\/uploads\/2021\/04\/distant_tehsil_5-487x365.jpg",487,365,true],"large":["https:\/\/arantv.az\/wp-content\/uploads\/2021\/04\/distant_tehsil_5.jpg",640,480,false],"1536x1536":["https:\/\/arantv.az\/wp-content\/uploads\/2021\/04\/distant_tehsil_5.jpg",800,600,false],"2048x2048":["https:\/\/arantv.az\/wp-content\/uploads\/2021\/04\/distant_tehsil_5.jpg",800,600,false],"post-thumbnail":["https:\/\/arantv.az\/wp-content\/uploads\/2021\/04\/distant_tehsil_5-240x172.jpg",240,172,true],"advps-thumb-one":["https:\/\/arantv.az\/wp-content\/uploads\/2021\/04\/distant_tehsil_5.jpg",800,600,false]},"rttpg_author":{"display_name":"V\u00fcsal Rafiqo\u011flu","author_link":"https:\/\/arantv.az\/?author=2"},"rttpg_comment":0,"rttpg_category":"<a href=\"https:\/\/arantv.az\/?cat=26\" rel=\"category\">Sosial<\/a>","rttpg_excerpt":"M\u0259kt\u0259bl\u0259rin yenid\u0259n \u0259yani t\u0259hsil\u0259 ke\u00e7\u0259c\u0259yi tarix b\u00f6y\u00fck maraqla g\u00f6zl\u0259nilir. Yoluxma say\u0131 azalma\u011fa do\u011fru ged\u0259rs\u0259, m\u0259kt\u0259bl\u0259rin yenid\u0259n a\u00e7\u0131laca\u011f\u0131 m\u00f6vzusu valideynl\u0259ri maraqland\u0131ran \u0259sas m\u0259s\u0259l\u0259rd\u0259n biridir. ARANTV.AZ\u00a0 baku.ws-\u0259 istinad\u0259n bildirir ki, sosial \u015f\u0259b\u0259k\u0259l\u0259rd\u0259 ged\u0259n m\u00fczakir\u0259l\u0259r zaman\u0131 m\u0259kt\u0259bl\u0259rin yay t\u0259tilind\u0259n sonra a\u00e7\u0131laca\u011f\u0131 iddia edilib. \u0130ddialara T\u0259hsil Nazirliyinin \u0130ctimaiyy\u0259tl\u0259 \u0259laq\u0259l\u0259r sektorunun m\u00fcdiri C\u0259sar\u0259t Valehov m\u00fcnasib\u0259t bildirib: &#8220;B\u0259z\u0259n media qurumlar\u0131nda g\u00f6r\u00fcr\u00fck&hellip;","_links":{"self":[{"href":"https:\/\/arantv.az\/index.php?rest_route=\/wp\/v2\/posts\/323201"}],"collection":[{"href":"https:\/\/arantv.az\/index.php?rest_route=\/wp\/v2\/posts"}],"about":[{"href":"https:\/\/arantv.az\/index.php?rest_route=\/wp\/v2\/types\/post"}],"author":[{"embeddable":true,"href":"https:\/\/arantv.az\/index.php?rest_route=\/wp\/v2\/users\/2"}],"replies":[{"embeddable":true,"href":"https:\/\/arantv.az\/index.php?rest_route=%2Fwp%2Fv2%2Fcomments&post=323201"}],"version-history":[{"count":0,"href":"https:\/\/arantv.az\/index.php?rest_route=\/wp\/v2\/posts\/323201\/revisions"}],"wp:featuredmedia":[{"embeddable":true,"href":"https:\/\/arantv.az\/index.php?rest_route=\/wp\/v2\/media\/323202"}],"wp:attachment":[{"href":"https:\/\/arantv.az\/index.php?rest_route=%2Fwp%2Fv2%2Fmedia&parent=323201"}],"wp:term":[{"taxonomy":"category","embeddable":true,"href":"https:\/\/arantv.az\/index.php?rest_route=%2Fwp%2Fv2%2Fcategories&post=323201"},{"taxonomy":"post_tag","embeddable":true,"href":"https:\/\/arantv.az\/index.php?rest_route=%2Fwp%2Fv2%2Ftags&post=323201"}],"curies":[{"name":"wp","href":"https:\/\/api.w.org\/{rel}","templated":true}]}}