{"id":323330,"date":"2021-04-05T20:12:51","date_gmt":"2021-04-05T17:12:51","guid":{"rendered":"https:\/\/arantv.az\/?p=323330"},"modified":"2021-04-05T20:12:51","modified_gmt":"2021-04-05T17:12:51","slug":"az%c9%99rbaycanda-iki-general-h%c9%99bs-edildi","status":"publish","type":"post","link":"https:\/\/arantv.az\/?p=323330","title":{"rendered":"Az\u0259rbaycanda iki general H\u018fBS ED\u0130LD\u0130"},"content":{"rendered":"<p>L\u0259\u011fv edilmi\u015f Milli T\u0259hl\u00fck\u0259sizlik Nazirliyinin sabiq idar\u0259 r\u0259isl\u0259ri, generallar M\u00f6vlan \u015e\u0131xal\u0131yev v\u0259 Nizami \u015eirinov saxlan\u0131l\u0131b.<\/p>\n<p><strong>ARANTV.AZ<\/strong> bildirir ki, h\u0259r iki \u015f\u0259xs Ba\u015f Prokurorlu\u011fun \u0130stintaq \u0130dar\u0259sind\u0259 dindirilib. Daha sonra N\u0259simi rayon M\u0259hk\u0259m\u0259si t\u0259r\u0259find\u0259n h\u0259r iki general bar\u0259sind\u0259 h\u0259bs q\u0259timkan t\u0259dbiri se\u00e7ilib.<\/p>\n<p>Ba\u015f Prokurorlu\u011fun m\u0259tbuat xidm\u0259tind\u0259n sor\u011fuya cavab olaraq bildirib ki, yax\u0131n vaxtlarda m\u0259s\u0259l\u0259 il\u0259 ba\u011fl\u0131 ictimaiyy\u0259t\u0259 \u0259trafl\u0131 m\u0259lumat veril\u0259c\u0259k.<\/p>\n","protected":false},"excerpt":{"rendered":"<p>L\u0259\u011fv edilmi\u015f Milli T\u0259hl\u00fck\u0259sizlik Nazirliyinin sabiq idar\u0259 r\u0259isl\u0259ri, generallar M\u00f6vlan \u015e\u0131xal\u0131yev v\u0259 Nizami \u015eirinov saxlan\u0131l\u0131b. ARANTV.AZ bildirir ki, h\u0259r iki \u015f\u0259xs Ba\u015f Prokurorlu\u011fun \u0130stintaq \u0130dar\u0259sind\u0259 dindirilib. Daha sonra N\u0259simi rayon M\u0259hk\u0259m\u0259si t\u0259r\u0259find\u0259n h\u0259r iki general bar\u0259sind\u0259 h\u0259bs q\u0259timkan t\u0259dbiri se\u00e7ilib. Ba\u015f Prokurorlu\u011fun m\u0259tbuat xidm\u0259tind\u0259n sor\u011fuya cavab olaraq bildirib ki, yax\u0131n vaxtlarda m\u0259s\u0259l\u0259 il\u0259 ba\u011fl\u0131 ictimaiyy\u0259t\u0259 \u0259trafl\u0131 m\u0259lumat veril\u0259c\u0259k.<\/p>\n","protected":false},"author":2,"featured_media":323332,"comment_status":"closed","ping_status":"closed","sticky":false,"template":"","format":"standard","meta":{"om_disable_all_campaigns":false,"_monsterinsights_skip_tracking":false,"_monsterinsights_sitenote_active":false,"_monsterinsights_sitenote_note":"","_monsterinsights_sitenote_category":0},"categories":[5],"tags":[],"aioseo_notices":[],"gutentor_comment":0,"rttpg_featured_image_url":{"full":["https:\/\/arantv.az\/wp-content\/uploads\/2021\/04\/hebs_0874-1.jpg",800,600,false],"landscape":["https:\/\/arantv.az\/wp-content\/uploads\/2021\/04\/hebs_0874-1.jpg",800,600,false],"portraits":["https:\/\/arantv.az\/wp-content\/uploads\/2021\/04\/hebs_0874-1.jpg",800,600,false],"thumbnail":["https:\/\/arantv.az\/wp-content\/uploads\/2021\/04\/hebs_0874-1-500x280.jpg",500,280,true],"medium":["https:\/\/arantv.az\/wp-content\/uploads\/2021\/04\/hebs_0874-1-487x365.jpg",487,365,true],"large":["https:\/\/arantv.az\/wp-content\/uploads\/2021\/04\/hebs_0874-1.jpg",640,480,false],"1536x1536":["https:\/\/arantv.az\/wp-content\/uploads\/2021\/04\/hebs_0874-1.jpg",800,600,false],"2048x2048":["https:\/\/arantv.az\/wp-content\/uploads\/2021\/04\/hebs_0874-1.jpg",800,600,false],"post-thumbnail":["https:\/\/arantv.az\/wp-content\/uploads\/2021\/04\/hebs_0874-1-240x172.jpg",240,172,true],"advps-thumb-one":["https:\/\/arantv.az\/wp-content\/uploads\/2021\/04\/hebs_0874-1.jpg",800,600,false]},"rttpg_author":{"display_name":"V\u00fcsal Rafiqo\u011flu","author_link":"https:\/\/arantv.az\/?author=2"},"rttpg_comment":0,"rttpg_category":"<a href=\"https:\/\/arantv.az\/?cat=5\" rel=\"category\">Hadis\u0259<\/a>","rttpg_excerpt":"L\u0259\u011fv edilmi\u015f Milli T\u0259hl\u00fck\u0259sizlik Nazirliyinin sabiq idar\u0259 r\u0259isl\u0259ri, generallar M\u00f6vlan \u015e\u0131xal\u0131yev v\u0259 Nizami \u015eirinov saxlan\u0131l\u0131b. ARANTV.AZ bildirir ki, h\u0259r iki \u015f\u0259xs Ba\u015f Prokurorlu\u011fun \u0130stintaq \u0130dar\u0259sind\u0259 dindirilib. Daha sonra N\u0259simi rayon M\u0259hk\u0259m\u0259si t\u0259r\u0259find\u0259n h\u0259r iki general bar\u0259sind\u0259 h\u0259bs q\u0259timkan t\u0259dbiri se\u00e7ilib. Ba\u015f Prokurorlu\u011fun m\u0259tbuat xidm\u0259tind\u0259n sor\u011fuya cavab olaraq bildirib ki, yax\u0131n vaxtlarda m\u0259s\u0259l\u0259 il\u0259 ba\u011fl\u0131 ictimaiyy\u0259t\u0259&hellip;","_links":{"self":[{"href":"https:\/\/arantv.az\/index.php?rest_route=\/wp\/v2\/posts\/323330"}],"collection":[{"href":"https:\/\/arantv.az\/index.php?rest_route=\/wp\/v2\/posts"}],"about":[{"href":"https:\/\/arantv.az\/index.php?rest_route=\/wp\/v2\/types\/post"}],"author":[{"embeddable":true,"href":"https:\/\/arantv.az\/index.php?rest_route=\/wp\/v2\/users\/2"}],"replies":[{"embeddable":true,"href":"https:\/\/arantv.az\/index.php?rest_route=%2Fwp%2Fv2%2Fcomments&post=323330"}],"version-history":[{"count":0,"href":"https:\/\/arantv.az\/index.php?rest_route=\/wp\/v2\/posts\/323330\/revisions"}],"wp:featuredmedia":[{"embeddable":true,"href":"https:\/\/arantv.az\/index.php?rest_route=\/wp\/v2\/media\/323332"}],"wp:attachment":[{"href":"https:\/\/arantv.az\/index.php?rest_route=%2Fwp%2Fv2%2Fmedia&parent=323330"}],"wp:term":[{"taxonomy":"category","embeddable":true,"href":"https:\/\/arantv.az\/index.php?rest_route=%2Fwp%2Fv2%2Fcategories&post=323330"},{"taxonomy":"post_tag","embeddable":true,"href":"https:\/\/arantv.az\/index.php?rest_route=%2Fwp%2Fv2%2Ftags&post=323330"}],"curies":[{"name":"wp","href":"https:\/\/api.w.org\/{rel}","templated":true}]}}