{"id":323334,"date":"2021-04-05T20:14:20","date_gmt":"2021-04-05T17:14:20","guid":{"rendered":"https:\/\/arantv.az\/?p=323334"},"modified":"2021-04-05T20:14:20","modified_gmt":"2021-04-05T17:14:20","slug":"i%c9%99t-t%c9%99mas-qrupu-agdam-rayonu-v%c9%99-g%c9%99nc%c9%99-s%c9%99h%c9%99rin%c9%99-s%c9%99f%c9%99r-ed%c9%99c%c9%99k","status":"publish","type":"post","link":"https:\/\/arantv.az\/?p=323334","title":{"rendered":"\u0130\u018fT T\u0259mas Qrupu A\u011fdam rayonu v\u0259 G\u0259nc\u0259 \u015f\u0259h\u0259rin\u0259 s\u0259f\u0259r ed\u0259c\u0259k"},"content":{"rendered":"<p>Cari ilin 5 aprel tarixind\u0259 \u0130slam \u018fm\u0259kda\u015fl\u0131q T\u0259\u015fkilat\u0131n\u0131n (\u0130\u018fT) Erm\u0259nistan\u0131n Az\u0259rbaycana qar\u015f\u0131 t\u0259cav\u00fcz\u00fcn\u0259 dair T\u0259mas Qrupuna daxil olan \u00f6lk\u0259l\u0259rin daimi n\u00fcmay\u0259nd\u0259l\u0259rinin \u00f6lk\u0259miz\u0259 s\u0259f\u0259ri ba\u015flay\u0131b.<\/p>\n<p><strong>ARANTV.AZ<\/strong>\u00a0 <a href=\"https:\/\/az.trend.az\/\" target=\"_blank\" rel=\"noopener\">Trend<\/a>-\u0259 istinad\u0259n bildirir ki, 06 aprel tarixind\u0259 n\u00fcmay\u0259nd\u0259 hey\u0259tinin Erm\u0259nistan t\u0259r\u0259find\u0259n t\u00f6r\u0259dilmi\u015f m\u00fcharib\u0259 cinay\u0259tl\u0259ri il\u0259 tan\u0131\u015fl\u0131q m\u0259qs\u0259dil\u0259 i\u015f\u011faldan azad edilmi\u015f A\u011fdam rayonu v\u0259 G\u0259nc\u0259 \u015f\u0259h\u0259rin\u0259 s\u0259f\u0259ri ba\u015f tutacaq.<\/p>\n<p>S\u0259f\u0259r \u00e7\u0259r\u00e7iv\u0259sind\u0259, h\u0259m\u00e7inin \u0130\u018fT T\u0259mas Qrupunun n\u00fcmay\u0259nd\u0259l\u0259rinin m\u00fcxt\u0259lif d\u00f6vl\u0259t qurumlar\u0131nda g\u00f6r\u00fc\u015fl\u0259ri n\u0259z\u0259rd\u0259 tutulur.<\/p>\n","protected":false},"excerpt":{"rendered":"<p>Cari ilin 5 aprel tarixind\u0259 \u0130slam \u018fm\u0259kda\u015fl\u0131q T\u0259\u015fkilat\u0131n\u0131n (\u0130\u018fT) Erm\u0259nistan\u0131n Az\u0259rbaycana qar\u015f\u0131 t\u0259cav\u00fcz\u00fcn\u0259 dair T\u0259mas Qrupuna daxil olan \u00f6lk\u0259l\u0259rin daimi n\u00fcmay\u0259nd\u0259l\u0259rinin \u00f6lk\u0259miz\u0259 s\u0259f\u0259ri ba\u015flay\u0131b. ARANTV.AZ\u00a0 Trend-\u0259 istinad\u0259n bildirir ki, 06 aprel tarixind\u0259 n\u00fcmay\u0259nd\u0259 hey\u0259tinin Erm\u0259nistan t\u0259r\u0259find\u0259n t\u00f6r\u0259dilmi\u015f m\u00fcharib\u0259 cinay\u0259tl\u0259ri il\u0259 tan\u0131\u015fl\u0131q m\u0259qs\u0259dil\u0259 i\u015f\u011faldan azad edilmi\u015f A\u011fdam rayonu v\u0259 G\u0259nc\u0259 \u015f\u0259h\u0259rin\u0259 s\u0259f\u0259ri ba\u015f tutacaq. S\u0259f\u0259r \u00e7\u0259r\u00e7iv\u0259sind\u0259, h\u0259m\u00e7inin \u0130\u018fT T\u0259mas Qrupunun n\u00fcmay\u0259nd\u0259l\u0259rinin m\u00fcxt\u0259lif d\u00f6vl\u0259t qurumlar\u0131nda g\u00f6r\u00fc\u015fl\u0259ri n\u0259z\u0259rd\u0259 tutulur.<\/p>\n","protected":false},"author":2,"featured_media":323336,"comment_status":"closed","ping_status":"closed","sticky":false,"template":"","format":"standard","meta":{"om_disable_all_campaigns":false,"_monsterinsights_skip_tracking":false,"_monsterinsights_sitenote_active":false,"_monsterinsights_sitenote_note":"","_monsterinsights_sitenote_category":0},"categories":[26],"tags":[],"aioseo_notices":[],"gutentor_comment":0,"rttpg_featured_image_url":{"full":["https:\/\/arantv.az\/wp-content\/uploads\/2021\/04\/936917-1.jpg",1200,900,false],"landscape":["https:\/\/arantv.az\/wp-content\/uploads\/2021\/04\/936917-1.jpg",1200,900,false],"portraits":["https:\/\/arantv.az\/wp-content\/uploads\/2021\/04\/936917-1.jpg",1200,900,false],"thumbnail":["https:\/\/arantv.az\/wp-content\/uploads\/2021\/04\/936917-1-500x280.jpg",500,280,true],"medium":["https:\/\/arantv.az\/wp-content\/uploads\/2021\/04\/936917-1-487x365.jpg",487,365,true],"large":["https:\/\/arantv.az\/wp-content\/uploads\/2021\/04\/936917-1-840x630.jpg",640,480,true],"1536x1536":["https:\/\/arantv.az\/wp-content\/uploads\/2021\/04\/936917-1.jpg",1200,900,false],"2048x2048":["https:\/\/arantv.az\/wp-content\/uploads\/2021\/04\/936917-1.jpg",1200,900,false],"post-thumbnail":["https:\/\/arantv.az\/wp-content\/uploads\/2021\/04\/936917-1-240x172.jpg",240,172,true],"advps-thumb-one":["https:\/\/arantv.az\/wp-content\/uploads\/2021\/04\/936917-1-1200x620.jpg",1200,620,true]},"rttpg_author":{"display_name":"V\u00fcsal Rafiqo\u011flu","author_link":"https:\/\/arantv.az\/?author=2"},"rttpg_comment":0,"rttpg_category":"<a href=\"https:\/\/arantv.az\/?cat=26\" rel=\"category\">Sosial<\/a>","rttpg_excerpt":"Cari ilin 5 aprel tarixind\u0259 \u0130slam \u018fm\u0259kda\u015fl\u0131q T\u0259\u015fkilat\u0131n\u0131n (\u0130\u018fT) Erm\u0259nistan\u0131n Az\u0259rbaycana qar\u015f\u0131 t\u0259cav\u00fcz\u00fcn\u0259 dair T\u0259mas Qrupuna daxil olan \u00f6lk\u0259l\u0259rin daimi n\u00fcmay\u0259nd\u0259l\u0259rinin \u00f6lk\u0259miz\u0259 s\u0259f\u0259ri ba\u015flay\u0131b. ARANTV.AZ\u00a0 Trend-\u0259 istinad\u0259n bildirir ki, 06 aprel tarixind\u0259 n\u00fcmay\u0259nd\u0259 hey\u0259tinin Erm\u0259nistan t\u0259r\u0259find\u0259n t\u00f6r\u0259dilmi\u015f m\u00fcharib\u0259 cinay\u0259tl\u0259ri il\u0259 tan\u0131\u015fl\u0131q m\u0259qs\u0259dil\u0259 i\u015f\u011faldan azad edilmi\u015f A\u011fdam rayonu v\u0259 G\u0259nc\u0259 \u015f\u0259h\u0259rin\u0259 s\u0259f\u0259ri ba\u015f tutacaq. S\u0259f\u0259r \u00e7\u0259r\u00e7iv\u0259sind\u0259,&hellip;","_links":{"self":[{"href":"https:\/\/arantv.az\/index.php?rest_route=\/wp\/v2\/posts\/323334"}],"collection":[{"href":"https:\/\/arantv.az\/index.php?rest_route=\/wp\/v2\/posts"}],"about":[{"href":"https:\/\/arantv.az\/index.php?rest_route=\/wp\/v2\/types\/post"}],"author":[{"embeddable":true,"href":"https:\/\/arantv.az\/index.php?rest_route=\/wp\/v2\/users\/2"}],"replies":[{"embeddable":true,"href":"https:\/\/arantv.az\/index.php?rest_route=%2Fwp%2Fv2%2Fcomments&post=323334"}],"version-history":[{"count":0,"href":"https:\/\/arantv.az\/index.php?rest_route=\/wp\/v2\/posts\/323334\/revisions"}],"wp:featuredmedia":[{"embeddable":true,"href":"https:\/\/arantv.az\/index.php?rest_route=\/wp\/v2\/media\/323336"}],"wp:attachment":[{"href":"https:\/\/arantv.az\/index.php?rest_route=%2Fwp%2Fv2%2Fmedia&parent=323334"}],"wp:term":[{"taxonomy":"category","embeddable":true,"href":"https:\/\/arantv.az\/index.php?rest_route=%2Fwp%2Fv2%2Fcategories&post=323334"},{"taxonomy":"post_tag","embeddable":true,"href":"https:\/\/arantv.az\/index.php?rest_route=%2Fwp%2Fv2%2Ftags&post=323334"}],"curies":[{"name":"wp","href":"https:\/\/api.w.org\/{rel}","templated":true}]}}