{"id":323342,"date":"2021-04-05T20:16:36","date_gmt":"2021-04-05T17:16:36","guid":{"rendered":"https:\/\/arantv.az\/?p=323342"},"modified":"2021-04-05T20:16:36","modified_gmt":"2021-04-05T17:16:36","slug":"m%c9%99kt%c9%99bl%c9%99rd%c9%99-daxili-monitorinq-sisteminin-olmasi-cox-vacibdir-bsti-mudiri","status":"publish","type":"post","link":"https:\/\/arantv.az\/?p=323342","title":{"rendered":"M\u0259kt\u0259bl\u0259rd\u0259 daxili monitorinq sisteminin olmas\u0131 \u00e7ox vacibdir &#8211; B\u015eT\u0130 m\u00fcdiri"},"content":{"rendered":"<p>M\u0259kt\u0259bin u\u011furlu olmas\u0131nda yaln\u0131z direktorun deyil, m\u00fc\u0259llimin, valideynin, c\u0259miyy\u0259tin d\u0259 i\u015ftirak etm\u0259si vacibdir:<\/p>\n<p><strong>ARANTV.AZ<\/strong>\u00a0 <a href=\"https:\/\/az.trend.az\/\" target=\"_blank\" rel=\"noopener\">Trend<\/a>-\u0259 istinad\u0259n bildirir ki, bunu Bak\u0131 \u015e\u0259h\u0259ri \u00fczr\u0259 T\u0259hsil \u0130dar\u0259sinin (B\u015eT\u0130) m\u00fcdiri Mehriban V\u0259liyeva deyib.<\/p>\n<p>Onun s\u00f6zl\u0259rin\u0259 g\u00f6r\u0259, m\u0259kt\u0259b direktoru c\u0259miyy\u0259tin g\u00fcv\u0259nini qazanmal\u0131d\u0131r:<br \/>\n&#8220;T\u0259\u0259ss\u00fcfl\u0259r olsun ki, b\u0259zi hallarda bu g\u00fcv\u0259ni itirmi\u015fik. Direktor \u015fagird \u00fc\u00e7\u00fcn d\u0259, m\u00fc\u0259llim \u00fc\u00e7\u00fcn d\u0259 \u0259l\u00e7atan olmal\u0131d\u0131r&#8221;.<\/p>\n<p>M.V\u0259liyeva \u0259lav\u0259 edib ki, m\u0259kt\u0259bl\u0259rd\u0259 daxili monitorinq sisteminin olmas\u0131 \u00e7ox vacibdir:<\/p>\n<div>\n<div id=\"AdviadNativeVideo0\" class=\"AdviadNativeVideo\"><\/div>\n<\/div>\n<p>&#8220;Bu, \u015fagird nailiyy\u0259tin\u0259 fokuslanmal\u0131d\u0131r. Monitorinq sistemi el\u0259 qurulmal\u0131d\u0131r ki, orada \u015fagirdin akademik bacar\u0131\u011f\u0131, psixoloji durumu v\u0259 s. m\u00fc\u0259yy\u0259n monitorinq al\u0259tl\u0259ri il\u0259 yoxlan\u0131ls\u0131n. Biz \u00e7al\u0131\u015faca\u011f\u0131q ki, m\u0259kt\u0259bl\u0259r\u0259 bu bax\u0131mdan d\u0259st\u0259k olaq&#8221;.<\/p>\n","protected":false},"excerpt":{"rendered":"<p>M\u0259kt\u0259bin u\u011furlu olmas\u0131nda yaln\u0131z direktorun deyil, m\u00fc\u0259llimin, valideynin, c\u0259miyy\u0259tin d\u0259 i\u015ftirak etm\u0259si vacibdir: ARANTV.AZ\u00a0 Trend-\u0259 istinad\u0259n bildirir ki, bunu Bak\u0131 \u015e\u0259h\u0259ri \u00fczr\u0259 T\u0259hsil \u0130dar\u0259sinin (B\u015eT\u0130) m\u00fcdiri Mehriban V\u0259liyeva deyib. Onun s\u00f6zl\u0259rin\u0259 g\u00f6r\u0259, m\u0259kt\u0259b direktoru c\u0259miyy\u0259tin g\u00fcv\u0259nini qazanmal\u0131d\u0131r: &#8220;T\u0259\u0259ss\u00fcfl\u0259r olsun ki, b\u0259zi hallarda bu g\u00fcv\u0259ni itirmi\u015fik. Direktor \u015fagird \u00fc\u00e7\u00fcn d\u0259, m\u00fc\u0259llim \u00fc\u00e7\u00fcn d\u0259 \u0259l\u00e7atan olmal\u0131d\u0131r&#8221;. M.V\u0259liyeva \u0259lav\u0259 edib ki, m\u0259kt\u0259bl\u0259rd\u0259 daxili monitorinq sisteminin olmas\u0131 \u00e7ox vacibdir: &#8220;Bu, \u015fagird nailiyy\u0259tin\u0259 fokuslanmal\u0131d\u0131r. Monitorinq sistemi el\u0259 qurulmal\u0131d\u0131r ki, orada \u015fagirdin akademik bacar\u0131\u011f\u0131, psixoloji durumu v\u0259 s. m\u00fc\u0259yy\u0259n monitorinq al\u0259tl\u0259ri il\u0259 yoxlan\u0131ls\u0131n. Biz \u00e7al\u0131\u015faca\u011f\u0131q ki,&hellip;<\/p>\n","protected":false},"author":2,"featured_media":323344,"comment_status":"closed","ping_status":"closed","sticky":false,"template":"","format":"standard","meta":{"om_disable_all_campaigns":false,"_monsterinsights_skip_tracking":false,"_monsterinsights_sitenote_active":false,"_monsterinsights_sitenote_note":"","_monsterinsights_sitenote_category":0},"categories":[23],"tags":[],"aioseo_notices":[],"gutentor_comment":0,"rttpg_featured_image_url":{"full":["https:\/\/arantv.az\/wp-content\/uploads\/2021\/04\/936922-1.jpg",1280,901,false],"landscape":["https:\/\/arantv.az\/wp-content\/uploads\/2021\/04\/936922-1.jpg",1280,901,false],"portraits":["https:\/\/arantv.az\/wp-content\/uploads\/2021\/04\/936922-1.jpg",1280,901,false],"thumbnail":["https:\/\/arantv.az\/wp-content\/uploads\/2021\/04\/936922-1-500x280.jpg",500,280,true],"medium":["https:\/\/arantv.az\/wp-content\/uploads\/2021\/04\/936922-1-519x365.jpg",519,365,true],"large":["https:\/\/arantv.az\/wp-content\/uploads\/2021\/04\/936922-1-840x591.jpg",640,450,true],"1536x1536":["https:\/\/arantv.az\/wp-content\/uploads\/2021\/04\/936922-1.jpg",1280,901,false],"2048x2048":["https:\/\/arantv.az\/wp-content\/uploads\/2021\/04\/936922-1.jpg",1280,901,false],"post-thumbnail":["https:\/\/arantv.az\/wp-content\/uploads\/2021\/04\/936922-1-240x172.jpg",240,172,true],"advps-thumb-one":["https:\/\/arantv.az\/wp-content\/uploads\/2021\/04\/936922-1-1200x620.jpg",1200,620,true]},"rttpg_author":{"display_name":"V\u00fcsal Rafiqo\u011flu","author_link":"https:\/\/arantv.az\/?author=2"},"rttpg_comment":0,"rttpg_category":"<a href=\"https:\/\/arantv.az\/?cat=23\" rel=\"category\">T\u0259hsil<\/a>","rttpg_excerpt":"M\u0259kt\u0259bin u\u011furlu olmas\u0131nda yaln\u0131z direktorun deyil, m\u00fc\u0259llimin, valideynin, c\u0259miyy\u0259tin d\u0259 i\u015ftirak etm\u0259si vacibdir: ARANTV.AZ\u00a0 Trend-\u0259 istinad\u0259n bildirir ki, bunu Bak\u0131 \u015e\u0259h\u0259ri \u00fczr\u0259 T\u0259hsil \u0130dar\u0259sinin (B\u015eT\u0130) m\u00fcdiri Mehriban V\u0259liyeva deyib. Onun s\u00f6zl\u0259rin\u0259 g\u00f6r\u0259, m\u0259kt\u0259b direktoru c\u0259miyy\u0259tin g\u00fcv\u0259nini qazanmal\u0131d\u0131r: &#8220;T\u0259\u0259ss\u00fcfl\u0259r olsun ki, b\u0259zi hallarda bu g\u00fcv\u0259ni itirmi\u015fik. Direktor \u015fagird \u00fc\u00e7\u00fcn d\u0259, m\u00fc\u0259llim \u00fc\u00e7\u00fcn d\u0259 \u0259l\u00e7atan olmal\u0131d\u0131r&#8221;. M.V\u0259liyeva&hellip;","_links":{"self":[{"href":"https:\/\/arantv.az\/index.php?rest_route=\/wp\/v2\/posts\/323342"}],"collection":[{"href":"https:\/\/arantv.az\/index.php?rest_route=\/wp\/v2\/posts"}],"about":[{"href":"https:\/\/arantv.az\/index.php?rest_route=\/wp\/v2\/types\/post"}],"author":[{"embeddable":true,"href":"https:\/\/arantv.az\/index.php?rest_route=\/wp\/v2\/users\/2"}],"replies":[{"embeddable":true,"href":"https:\/\/arantv.az\/index.php?rest_route=%2Fwp%2Fv2%2Fcomments&post=323342"}],"version-history":[{"count":0,"href":"https:\/\/arantv.az\/index.php?rest_route=\/wp\/v2\/posts\/323342\/revisions"}],"wp:featuredmedia":[{"embeddable":true,"href":"https:\/\/arantv.az\/index.php?rest_route=\/wp\/v2\/media\/323344"}],"wp:attachment":[{"href":"https:\/\/arantv.az\/index.php?rest_route=%2Fwp%2Fv2%2Fmedia&parent=323342"}],"wp:term":[{"taxonomy":"category","embeddable":true,"href":"https:\/\/arantv.az\/index.php?rest_route=%2Fwp%2Fv2%2Fcategories&post=323342"},{"taxonomy":"post_tag","embeddable":true,"href":"https:\/\/arantv.az\/index.php?rest_route=%2Fwp%2Fv2%2Ftags&post=323342"}],"curies":[{"name":"wp","href":"https:\/\/api.w.org\/{rel}","templated":true}]}}