{"id":323384,"date":"2021-04-06T08:23:35","date_gmt":"2021-04-06T05:23:35","guid":{"rendered":"https:\/\/arantv.az\/?p=323384"},"modified":"2021-04-06T08:23:35","modified_gmt":"2021-04-06T05:23:35","slug":"%c9%99rdogan-az%c9%99rbaycanla-bagli-daha-bir-vacib-s%c9%99n%c9%99di-imzaladi","status":"publish","type":"post","link":"https:\/\/arantv.az\/?p=323384","title":{"rendered":"\u018frdo\u011fan Az\u0259rbaycanla ba\u011fl\u0131 daha bir VAC\u0130B S\u018fN\u018fD\u0130 imzalad\u0131"},"content":{"rendered":"<p><strong>T\u00fcrkiy\u0259 Prezidenti R\u0259c\u0259b Tayyib \u018frdo\u011fan Az\u0259rbaycanla m\u00fcdafi\u0259 s\u0259nayesi sah\u0259sind\u0259 \u0259m\u0259kda\u015fl\u0131\u011fa dair sazi\u015fi t\u0259sdiql\u0259yib.<\/strong><\/p>\n<p>Bununla ba\u011fl\u0131 q\u0259rar \u00f6lk\u0259nin \u201cResmi Gazete\u201dsind\u0259 d\u0259rc olunub.<\/p>\n<p>\u201cAz\u0259rbaycan Respublikas\u0131 H\u00f6kum\u0259ti il\u0259 T\u00fcrkiy\u0259 Respublikas\u0131 H\u00f6kum\u0259ti aras\u0131nda m\u00fcdafi\u0259 s\u0259nayesi sah\u0259sind\u0259 \u0259m\u0259kda\u015fl\u0131q haqq\u0131nda Sazi\u015f\u201d 2017-ci ilin oktaybar\u0131n 31-d\u0259 Bak\u0131da imzalan\u0131b.<\/p>\n<p>R.T.\u018frdo\u011fan\u0131n t\u0259sdiq etm\u0259si il\u0259 sazi\u015f q\u00fcvv\u0259y\u0259 minib.<\/p>\n<p>Qeyd ed\u0259k ki, h\u0259min ilin oktyabr\u0131n 31-d\u0259 Bak\u0131da Az\u0259rbaycan-T\u00fcrkiy\u0259 Y\u00fcks\u0259k S\u0259viyy\u0259li Strateji \u018fm\u0259kda\u015fl\u0131q \u015euras\u0131n\u0131n alt\u0131nc\u0131 iclas\u0131 ke\u00e7irilib. \u0130clasdan sonra Prezident \u0130lham \u018fliyev v\u0259 Prezident R\u0259c\u0259b Tayyib \u018frdo\u011fan\u0131n i\u015ftirak\u0131 il\u0259 Az\u0259rbaycan-T\u00fcrkiy\u0259 s\u0259n\u0259dl\u0259rinin imzalanmas\u0131 m\u0259rasimi olub. \u0130ki \u00f6lk\u0259 aras\u0131nda m\u00fcdafi\u0259 s\u0259nayesi sah\u0259sind\u0259 \u0259m\u0259kda\u015fl\u0131q haqq\u0131nda sazi\u015fi Az\u0259rbaycan\u0131n m\u00fcdafi\u0259 naziri Zakir H\u0259s\u0259nov v\u0259 T\u00fcrkiy\u0259nin o d\u00f6vrk\u00fc milli m\u00fcdafi\u0259 naziri Nurettin Canikli imzalay\u0131blar.<\/p>\n","protected":false},"excerpt":{"rendered":"<p>T\u00fcrkiy\u0259 Prezidenti R\u0259c\u0259b Tayyib \u018frdo\u011fan Az\u0259rbaycanla m\u00fcdafi\u0259 s\u0259nayesi sah\u0259sind\u0259 \u0259m\u0259kda\u015fl\u0131\u011fa dair sazi\u015fi t\u0259sdiql\u0259yib. Bununla ba\u011fl\u0131 q\u0259rar \u00f6lk\u0259nin \u201cResmi Gazete\u201dsind\u0259 d\u0259rc olunub. \u201cAz\u0259rbaycan Respublikas\u0131 H\u00f6kum\u0259ti il\u0259 T\u00fcrkiy\u0259 Respublikas\u0131 H\u00f6kum\u0259ti aras\u0131nda m\u00fcdafi\u0259 s\u0259nayesi sah\u0259sind\u0259 \u0259m\u0259kda\u015fl\u0131q haqq\u0131nda Sazi\u015f\u201d 2017-ci ilin oktaybar\u0131n 31-d\u0259 Bak\u0131da imzalan\u0131b. R.T.\u018frdo\u011fan\u0131n t\u0259sdiq etm\u0259si il\u0259 sazi\u015f q\u00fcvv\u0259y\u0259 minib. Qeyd ed\u0259k ki, h\u0259min ilin oktyabr\u0131n 31-d\u0259 Bak\u0131da Az\u0259rbaycan-T\u00fcrkiy\u0259 Y\u00fcks\u0259k S\u0259viyy\u0259li Strateji \u018fm\u0259kda\u015fl\u0131q \u015euras\u0131n\u0131n alt\u0131nc\u0131 iclas\u0131 ke\u00e7irilib. \u0130clasdan sonra Prezident \u0130lham \u018fliyev v\u0259 Prezident R\u0259c\u0259b Tayyib \u018frdo\u011fan\u0131n i\u015ftirak\u0131 il\u0259 Az\u0259rbaycan-T\u00fcrkiy\u0259 s\u0259n\u0259dl\u0259rinin imzalanmas\u0131 m\u0259rasimi olub. \u0130ki \u00f6lk\u0259 aras\u0131nda m\u00fcdafi\u0259 s\u0259nayesi sah\u0259sind\u0259 \u0259m\u0259kda\u015fl\u0131q haqq\u0131nda&hellip;<\/p>\n","protected":false},"author":2,"featured_media":323385,"comment_status":"closed","ping_status":"closed","sticky":false,"template":"","format":"standard","meta":{"om_disable_all_campaigns":false,"_monsterinsights_skip_tracking":false,"_monsterinsights_sitenote_active":false,"_monsterinsights_sitenote_note":"","_monsterinsights_sitenote_category":0},"categories":[4],"tags":[],"aioseo_notices":[],"gutentor_comment":0,"rttpg_featured_image_url":{"full":["https:\/\/arantv.az\/wp-content\/uploads\/2021\/04\/erdogan.jpg",800,450,false],"landscape":["https:\/\/arantv.az\/wp-content\/uploads\/2021\/04\/erdogan.jpg",800,450,false],"portraits":["https:\/\/arantv.az\/wp-content\/uploads\/2021\/04\/erdogan.jpg",800,450,false],"thumbnail":["https:\/\/arantv.az\/wp-content\/uploads\/2021\/04\/erdogan-500x280.jpg",500,280,true],"medium":["https:\/\/arantv.az\/wp-content\/uploads\/2021\/04\/erdogan-649x365.jpg",649,365,true],"large":["https:\/\/arantv.az\/wp-content\/uploads\/2021\/04\/erdogan.jpg",640,360,false],"1536x1536":["https:\/\/arantv.az\/wp-content\/uploads\/2021\/04\/erdogan.jpg",800,450,false],"2048x2048":["https:\/\/arantv.az\/wp-content\/uploads\/2021\/04\/erdogan.jpg",800,450,false],"post-thumbnail":["https:\/\/arantv.az\/wp-content\/uploads\/2021\/04\/erdogan-240x172.jpg",240,172,true],"advps-thumb-one":["https:\/\/arantv.az\/wp-content\/uploads\/2021\/04\/erdogan.jpg",800,450,false]},"rttpg_author":{"display_name":"V\u00fcsal Rafiqo\u011flu","author_link":"https:\/\/arantv.az\/?author=2"},"rttpg_comment":0,"rttpg_category":"<a href=\"https:\/\/arantv.az\/?cat=4\" rel=\"category\">Siyas\u0259t<\/a>","rttpg_excerpt":"T\u00fcrkiy\u0259 Prezidenti R\u0259c\u0259b Tayyib \u018frdo\u011fan Az\u0259rbaycanla m\u00fcdafi\u0259 s\u0259nayesi sah\u0259sind\u0259 \u0259m\u0259kda\u015fl\u0131\u011fa dair sazi\u015fi t\u0259sdiql\u0259yib. Bununla ba\u011fl\u0131 q\u0259rar \u00f6lk\u0259nin \u201cResmi Gazete\u201dsind\u0259 d\u0259rc olunub. \u201cAz\u0259rbaycan Respublikas\u0131 H\u00f6kum\u0259ti il\u0259 T\u00fcrkiy\u0259 Respublikas\u0131 H\u00f6kum\u0259ti aras\u0131nda m\u00fcdafi\u0259 s\u0259nayesi sah\u0259sind\u0259 \u0259m\u0259kda\u015fl\u0131q haqq\u0131nda Sazi\u015f\u201d 2017-ci ilin oktaybar\u0131n 31-d\u0259 Bak\u0131da imzalan\u0131b. R.T.\u018frdo\u011fan\u0131n t\u0259sdiq etm\u0259si il\u0259 sazi\u015f q\u00fcvv\u0259y\u0259 minib. Qeyd ed\u0259k ki, h\u0259min ilin oktyabr\u0131n 31-d\u0259&hellip;","_links":{"self":[{"href":"https:\/\/arantv.az\/index.php?rest_route=\/wp\/v2\/posts\/323384"}],"collection":[{"href":"https:\/\/arantv.az\/index.php?rest_route=\/wp\/v2\/posts"}],"about":[{"href":"https:\/\/arantv.az\/index.php?rest_route=\/wp\/v2\/types\/post"}],"author":[{"embeddable":true,"href":"https:\/\/arantv.az\/index.php?rest_route=\/wp\/v2\/users\/2"}],"replies":[{"embeddable":true,"href":"https:\/\/arantv.az\/index.php?rest_route=%2Fwp%2Fv2%2Fcomments&post=323384"}],"version-history":[{"count":0,"href":"https:\/\/arantv.az\/index.php?rest_route=\/wp\/v2\/posts\/323384\/revisions"}],"wp:featuredmedia":[{"embeddable":true,"href":"https:\/\/arantv.az\/index.php?rest_route=\/wp\/v2\/media\/323385"}],"wp:attachment":[{"href":"https:\/\/arantv.az\/index.php?rest_route=%2Fwp%2Fv2%2Fmedia&parent=323384"}],"wp:term":[{"taxonomy":"category","embeddable":true,"href":"https:\/\/arantv.az\/index.php?rest_route=%2Fwp%2Fv2%2Fcategories&post=323384"},{"taxonomy":"post_tag","embeddable":true,"href":"https:\/\/arantv.az\/index.php?rest_route=%2Fwp%2Fv2%2Ftags&post=323384"}],"curies":[{"name":"wp","href":"https:\/\/api.w.org\/{rel}","templated":true}]}}