{"id":323394,"date":"2021-04-06T08:26:10","date_gmt":"2021-04-06T05:26:10","guid":{"rendered":"https:\/\/arantv.az\/?p=323394"},"modified":"2021-04-06T08:26:10","modified_gmt":"2021-04-06T05:26:10","slug":"agentlik-s%c9%99rnisin-v%c9%99-surucul%c9%99r%c9%99-muraci%c9%99t-etdi-diqq%c9%99tli-olun","status":"publish","type":"post","link":"https:\/\/arantv.az\/?p=323394","title":{"rendered":"Agentlik s\u0259rni\u015fin v\u0259 s\u00fcr\u00fcc\u00fcl\u0259r\u0259 m\u00fcraci\u0259t etdi &#8211; D\u0130QQ\u018fTL\u0130 OLUN"},"content":{"rendered":"<p>Haz\u0131rda davam ed\u0259n g\u00fccl\u00fc k\u00fcl\u0259kli hava \u015f\u0259raiti il\u0259 \u0259laq\u0259dar h\u0259r\u0259k\u0259t i\u015ftirak\u00e7\u0131lar\u0131n\u0131 diqq\u0259tli v\u0259 ehtiyatl\u0131 olma\u011fa \u00e7a\u011f\u0131r\u0131r\u0131q.<\/p>\n<p>Bu bar\u0259d\u0259 Bak\u0131 N\u0259qliyyat Agentliyi (BNA) m\u0259lumat yay\u0131b.<\/p>\n<div id=\"AdviadNativeVideo0\" class=\"AdviadNativeVideo\"><\/div>\n<p>M\u0259lumatda s\u0259rni\u015finl\u0259rd\u0259n\u00a0dayanacaq pavilyonlar\u0131nda avtobus g\u00f6zl\u0259y\u0259rk\u0259n diqq\u0259tli olmalar\u0131 xahi\u015f olunur. H\u0259m\u00e7inin, N\u0259qliyyat M\u00fcbadil\u0259 M\u0259rk\u0259zl\u0259rinin \u0259razisind\u0259 v\u0259 dig\u0259r yerl\u0259rd\u0259 yolun h\u0259r\u0259k\u0259t hiss\u0259l\u0259rin\u0259 \u00e7\u0131xmamal\u0131, yaln\u0131z m\u00fc\u0259yy\u0259n edilmi\u015f dayanacaq m\u0259nt\u0259q\u0259l\u0259rind\u0259 avtobuslara minib-d\u00fc\u015fm\u0259li, yolun qar\u015f\u0131 t\u0259r\u0259fin\u0259 ke\u00e7\u0259rk\u0259n m\u00fc\u0259yy\u0259n olunan piyada ke\u00e7idl\u0259rind\u0259n istifad\u0259 etm\u0259l\u0259ri t\u00f6vsiy\u0259 edilir.<\/p>\n<p>S\u00fcr\u00fcc\u00fcl\u0259r\u0259 is\u0259\u00a0h\u0259r\u0259k\u0259td\u0259 olark\u0259n yollarda m\u00fc\u0259yy\u0259n edil\u0259n s\u00fcr\u0259t h\u0259ddin\u0259 v\u0259 yol ni\u015fanlar\u0131n\u0131n t\u0259l\u0259bl\u0259rin\u0259 riay\u0259t etm\u0259l\u0259ri\u00a0m\u0259sl\u0259h\u0259t g\u00f6r\u00fcl\u00fcr.<\/p>\n","protected":false},"excerpt":{"rendered":"<p>Haz\u0131rda davam ed\u0259n g\u00fccl\u00fc k\u00fcl\u0259kli hava \u015f\u0259raiti il\u0259 \u0259laq\u0259dar h\u0259r\u0259k\u0259t i\u015ftirak\u00e7\u0131lar\u0131n\u0131 diqq\u0259tli v\u0259 ehtiyatl\u0131 olma\u011fa \u00e7a\u011f\u0131r\u0131r\u0131q. Bu bar\u0259d\u0259 Bak\u0131 N\u0259qliyyat Agentliyi (BNA) m\u0259lumat yay\u0131b. M\u0259lumatda s\u0259rni\u015finl\u0259rd\u0259n\u00a0dayanacaq pavilyonlar\u0131nda avtobus g\u00f6zl\u0259y\u0259rk\u0259n diqq\u0259tli olmalar\u0131 xahi\u015f olunur. H\u0259m\u00e7inin, N\u0259qliyyat M\u00fcbadil\u0259 M\u0259rk\u0259zl\u0259rinin \u0259razisind\u0259 v\u0259 dig\u0259r yerl\u0259rd\u0259 yolun h\u0259r\u0259k\u0259t hiss\u0259l\u0259rin\u0259 \u00e7\u0131xmamal\u0131, yaln\u0131z m\u00fc\u0259yy\u0259n edilmi\u015f dayanacaq m\u0259nt\u0259q\u0259l\u0259rind\u0259 avtobuslara minib-d\u00fc\u015fm\u0259li, yolun qar\u015f\u0131 t\u0259r\u0259fin\u0259 ke\u00e7\u0259rk\u0259n m\u00fc\u0259yy\u0259n olunan piyada ke\u00e7idl\u0259rind\u0259n istifad\u0259 etm\u0259l\u0259ri t\u00f6vsiy\u0259 edilir. S\u00fcr\u00fcc\u00fcl\u0259r\u0259 is\u0259\u00a0h\u0259r\u0259k\u0259td\u0259 olark\u0259n yollarda m\u00fc\u0259yy\u0259n edil\u0259n s\u00fcr\u0259t h\u0259ddin\u0259 v\u0259 yol ni\u015fanlar\u0131n\u0131n t\u0259l\u0259bl\u0259rin\u0259 riay\u0259t etm\u0259l\u0259ri\u00a0m\u0259sl\u0259h\u0259t g\u00f6r\u00fcl\u00fcr.<\/p>\n","protected":false},"author":2,"featured_media":323395,"comment_status":"closed","ping_status":"closed","sticky":false,"template":"","format":"standard","meta":{"om_disable_all_campaigns":false,"_monsterinsights_skip_tracking":false,"_monsterinsights_sitenote_active":false,"_monsterinsights_sitenote_note":"","_monsterinsights_sitenote_category":0},"categories":[26],"tags":[],"aioseo_notices":[],"gutentor_comment":0,"rttpg_featured_image_url":{"full":["https:\/\/arantv.az\/wp-content\/uploads\/2021\/04\/b9fc1b26-83a6-4d68-891c-477f2d85bcf0.jpg",620,413,false],"landscape":["https:\/\/arantv.az\/wp-content\/uploads\/2021\/04\/b9fc1b26-83a6-4d68-891c-477f2d85bcf0.jpg",620,413,false],"portraits":["https:\/\/arantv.az\/wp-content\/uploads\/2021\/04\/b9fc1b26-83a6-4d68-891c-477f2d85bcf0.jpg",620,413,false],"thumbnail":["https:\/\/arantv.az\/wp-content\/uploads\/2021\/04\/b9fc1b26-83a6-4d68-891c-477f2d85bcf0-500x280.jpg",500,280,true],"medium":["https:\/\/arantv.az\/wp-content\/uploads\/2021\/04\/b9fc1b26-83a6-4d68-891c-477f2d85bcf0-548x365.jpg",548,365,true],"large":["https:\/\/arantv.az\/wp-content\/uploads\/2021\/04\/b9fc1b26-83a6-4d68-891c-477f2d85bcf0.jpg",620,413,false],"1536x1536":["https:\/\/arantv.az\/wp-content\/uploads\/2021\/04\/b9fc1b26-83a6-4d68-891c-477f2d85bcf0.jpg",620,413,false],"2048x2048":["https:\/\/arantv.az\/wp-content\/uploads\/2021\/04\/b9fc1b26-83a6-4d68-891c-477f2d85bcf0.jpg",620,413,false],"post-thumbnail":["https:\/\/arantv.az\/wp-content\/uploads\/2021\/04\/b9fc1b26-83a6-4d68-891c-477f2d85bcf0-240x172.jpg",240,172,true],"advps-thumb-one":["https:\/\/arantv.az\/wp-content\/uploads\/2021\/04\/b9fc1b26-83a6-4d68-891c-477f2d85bcf0.jpg",620,413,false]},"rttpg_author":{"display_name":"V\u00fcsal Rafiqo\u011flu","author_link":"https:\/\/arantv.az\/?author=2"},"rttpg_comment":0,"rttpg_category":"<a href=\"https:\/\/arantv.az\/?cat=26\" rel=\"category\">Sosial<\/a>","rttpg_excerpt":"Haz\u0131rda davam ed\u0259n g\u00fccl\u00fc k\u00fcl\u0259kli hava \u015f\u0259raiti il\u0259 \u0259laq\u0259dar h\u0259r\u0259k\u0259t i\u015ftirak\u00e7\u0131lar\u0131n\u0131 diqq\u0259tli v\u0259 ehtiyatl\u0131 olma\u011fa \u00e7a\u011f\u0131r\u0131r\u0131q. Bu bar\u0259d\u0259 Bak\u0131 N\u0259qliyyat Agentliyi (BNA) m\u0259lumat yay\u0131b. M\u0259lumatda s\u0259rni\u015finl\u0259rd\u0259n\u00a0dayanacaq pavilyonlar\u0131nda avtobus g\u00f6zl\u0259y\u0259rk\u0259n diqq\u0259tli olmalar\u0131 xahi\u015f olunur. H\u0259m\u00e7inin, N\u0259qliyyat M\u00fcbadil\u0259 M\u0259rk\u0259zl\u0259rinin \u0259razisind\u0259 v\u0259 dig\u0259r yerl\u0259rd\u0259 yolun h\u0259r\u0259k\u0259t hiss\u0259l\u0259rin\u0259 \u00e7\u0131xmamal\u0131, yaln\u0131z m\u00fc\u0259yy\u0259n edilmi\u015f dayanacaq m\u0259nt\u0259q\u0259l\u0259rind\u0259 avtobuslara minib-d\u00fc\u015fm\u0259li, yolun qar\u015f\u0131 t\u0259r\u0259fin\u0259&hellip;","_links":{"self":[{"href":"https:\/\/arantv.az\/index.php?rest_route=\/wp\/v2\/posts\/323394"}],"collection":[{"href":"https:\/\/arantv.az\/index.php?rest_route=\/wp\/v2\/posts"}],"about":[{"href":"https:\/\/arantv.az\/index.php?rest_route=\/wp\/v2\/types\/post"}],"author":[{"embeddable":true,"href":"https:\/\/arantv.az\/index.php?rest_route=\/wp\/v2\/users\/2"}],"replies":[{"embeddable":true,"href":"https:\/\/arantv.az\/index.php?rest_route=%2Fwp%2Fv2%2Fcomments&post=323394"}],"version-history":[{"count":0,"href":"https:\/\/arantv.az\/index.php?rest_route=\/wp\/v2\/posts\/323394\/revisions"}],"wp:featuredmedia":[{"embeddable":true,"href":"https:\/\/arantv.az\/index.php?rest_route=\/wp\/v2\/media\/323395"}],"wp:attachment":[{"href":"https:\/\/arantv.az\/index.php?rest_route=%2Fwp%2Fv2%2Fmedia&parent=323394"}],"wp:term":[{"taxonomy":"category","embeddable":true,"href":"https:\/\/arantv.az\/index.php?rest_route=%2Fwp%2Fv2%2Fcategories&post=323394"},{"taxonomy":"post_tag","embeddable":true,"href":"https:\/\/arantv.az\/index.php?rest_route=%2Fwp%2Fv2%2Ftags&post=323394"}],"curies":[{"name":"wp","href":"https:\/\/api.w.org\/{rel}","templated":true}]}}